{"id":13426,"date":"2012-09-14T00:00:00","date_gmt":"2012-09-13T22:00:00","guid":{"rendered":"https:\/\/master.greenpeace.ch\/beitrag\/13426\/japan-steigt-aus-der-atomenergie-aus\/"},"modified":"2019-05-30T12:03:43","modified_gmt":"2019-05-30T10:03:43","slug":"japan-steigt-aus-der-atomenergie-aus","status":"publish","type":"post","link":"https:\/\/www.greenpeace.ch\/de\/story\/13426\/japan-steigt-aus-der-atomenergie-aus\/","title":{"rendered":"Japan steigt aus der Atomenergie aus!"},"content":{"rendered":"<p><b>Die japanische Regierung hat vor wenigen Stunden den Ausstieg aus der Atomenergie verk\u00fcndet. Angestrebt wird dieser auf 2030, jedoch sp\u00e4testens bis zum Jahr 2040. Japan zieht die Lehren aus der Katastrophe von Fukushima. Damit wird die Regierung den ungewohnt starken Protesten der japanischen Bev\u00f6lkerung und dem Willen der Mehrheit gerecht, sich ganz aus dieser zerst\u00f6rerischen Technologie zur\u00fcckzuziehen. Wirtschaftskreise wollen diese Wende noch nicht wahrhaben und hoffen auf eine Revision dieses Entscheids, falls die Regierung im politisch labilen Land neu besetzt und Premier Noda abgesetzt wird.\u00a0\u00a0<\/b><\/p>\n<div class=\"post-content\">\n<div>\n<p><img decoding=\"async\" style=\"float: left; margin: 10px;\" title=\"Proteste zum Atomausstieg in Japan\" src=\"https:\/\/www.greenpeace.ch\/static\/planet4-switzerland-stateless\/2019\/05\/14da2cae-14da2cae-54269_102256.jpg\" alt=\"Proteste zum Atomausstieg in Japan\" width=\"280\">Die japanische Regierung hat vor wenigen Stunden den Ausstieg aus der Atomenergie verk\u00fcndet. Angestrebt wird dieser auf 2030, jedoch sp\u00e4testens bis zum Jahr 2040. Japan zieht die Lehren aus der Katastrophe von Fukushima. Damit wird die Regierung den ungewohnt starken Protesten der japanischen Bev\u00f6lkerung und dem Willen der Mehrheit gerecht, sich ganz aus dieser zerst\u00f6rerischen Technologie zur\u00fcckzuziehen. Wirtschaftskreise wollen diese Wende noch nicht wahrhaben und hoffen auf eine Revision dieses Entscheids, falls die Regierung im politisch labilen Land neu besetzt und Premier Noda abgesetzt wird.\u00a0\u00a0<\/p>\n<p><strong>Ein klares Signal f\u00fcr die Atomindustrie<\/strong><\/p>\n<p>Bleibt es bei dem Entscheid, wirft das die Atomindustrie in eine noch tiefere Krise als sie derzeit bereits ist \u2013 sie m\u00fcsste anfangen, nach einem Ausweg aus ihrer Sackgasse zu suchen. Nach Deutschland, der Schweiz und Belgien, die aus der Atomindustrie aussteigen, nach einem gerichtlich verh\u00e4ngten Bewilligungsstopp in den USA, nach der Schliessung des AKW Garo\u00f1a bei <span>\u00c1lava\u00a0<\/span>in Spanien (ein M\u00fchleberg-Fukushima-Typ) wird die gebetsm\u00fchlenartig propagierte \u201eRenaissance\u201c endg\u00fcltig absurd. Jetzt geht es ans Aufr\u00e4umen!\u00a0<\/p>\n<p><strong>Auch die Schweiz betroffen<\/strong><\/p>\n<p>Das japanische Signal wird nicht ohne politische Wirkung auf die Schweiz bleiben \u2013 konkrete Folgen sind zu erwarten. Denn mit dem Ausstieg aus der Atomenergie bereitet Japan praktisch gleichzeitig der Wiederaufarbeitung das Ende, da ihr f\u00fcr aufbereitetes Plutonium k\u00fcnftig eine Einsatzm\u00f6glichkeit fehlt. Japan war der bedeutendste Auslandkunde der franz\u00f6sischen und englischen Wiederaufarbeitungsindustrie, die damit endg\u00fcltig in den defizit\u00e4ren Bereich rutschen wird. Die geplante, aber immer wieder hinausgez\u00f6gerte Schliessung der englischen Anlage THORP in Sellafield wird damit beschleunigt. In der Schweiz ist ein Wiederaufarbeitungs-Moratorium bis 2016 etabliert. Die Wiederaufarbeitung ist der im Normalbetrieb schmutzigste Bereich und hat den Nordatlantik radioaktiv belastet. Dass die Schweiz die Wiederaufarbeitung wieder aufnimmt oder zulassen wird, ist damit noch einmal unwahrscheinlicher geworden \u2013 sie w\u00e4re mit dieser Praxis v\u00f6llig isoliert. Auch das ist eine erfreuliche Entwicklung!<\/p>\n<\/div>\n<\/div>\n","protected":false},"excerpt":{"rendered":"<p>Die japanische Regierung hat vor wenigen Stunden den Ausstieg aus der Atomenergie verk\u00fcndet. Angestrebt wird dieser auf 2030, jedoch sp\u00e4testens bis zum Jahr 2040. Japan zieht die Lehren aus der&hellip;<\/p>\n","protected":false},"author":23,"featured_media":13428,"comment_status":"closed","ping_status":"open","sticky":false,"template":"","format":"standard","meta":{"_acf_changed":false,"_planet4_optimize_post_is_variant":false,"_planet4_optimize_experiment_name":"","_planet4_optimize_variant_name":"","ep_exclude_from_search":false,"p4_og_title":"","p4_og_description":"","p4_og_image":"","p4_og_image_id":"","p4_seo_canonical_url":"","p4_campaign_name":"","p4_local_project":"","p4_basket_name":"","p4_department":"","footnotes":""},"categories":[1],"tags":[42],"p4-page-type":[75],"gpch-article-type":[],"class_list":["post-13426","post","type-post","status-publish","format-standard","has-post-thumbnail","hentry","category-unkategorisiert","tag-energie","p4-page-type-story"],"acf":[],"_links":{"self":[{"href":"https:\/\/www.greenpeace.ch\/de\/wp-json\/wp\/v2\/posts\/13426","targetHints":{"allow":["GET"]}}],"collection":[{"href":"https:\/\/www.greenpeace.ch\/de\/wp-json\/wp\/v2\/posts"}],"about":[{"href":"https:\/\/www.greenpeace.ch\/de\/wp-json\/wp\/v2\/types\/post"}],"author":[{"embeddable":true,"href":"https:\/\/www.greenpeace.ch\/de\/wp-json\/wp\/v2\/users\/23"}],"replies":[{"embeddable":true,"href":"https:\/\/www.greenpeace.ch\/de\/wp-json\/wp\/v2\/comments?post=13426"}],"version-history":[{"count":0,"href":"https:\/\/www.greenpeace.ch\/de\/wp-json\/wp\/v2\/posts\/13426\/revisions"}],"wp:featuredmedia":[{"embeddable":true,"href":"https:\/\/www.greenpeace.ch\/de\/wp-json\/wp\/v2\/media\/13428"}],"wp:attachment":[{"href":"https:\/\/www.greenpeace.ch\/de\/wp-json\/wp\/v2\/media?parent=13426"}],"wp:term":[{"taxonomy":"category","embeddable":true,"href":"https:\/\/www.greenpeace.ch\/de\/wp-json\/wp\/v2\/categories?post=13426"},{"taxonomy":"post_tag","embeddable":true,"href":"https:\/\/www.greenpeace.ch\/de\/wp-json\/wp\/v2\/tags?post=13426"},{"taxonomy":"p4-page-type","embeddable":true,"href":"https:\/\/www.greenpeace.ch\/de\/wp-json\/wp\/v2\/p4-page-type?post=13426"},{"taxonomy":"gpch-article-type","embeddable":true,"href":"https:\/\/www.greenpeace.ch\/de\/wp-json\/wp\/v2\/gpch-article-type?post=13426"}],"curies":[{"name":"wp","href":"https:\/\/api.w.org\/{rel}","templated":true}]}}