{"id":13430,"date":"2012-09-14T00:00:00","date_gmt":"2012-09-13T22:00:00","guid":{"rendered":"https:\/\/master.greenpeace.ch\/beitrag\/13430\/unterstuetz-unseren-twitter-protest-gegen-shell\/"},"modified":"2019-05-30T12:03:49","modified_gmt":"2019-05-30T10:03:49","slug":"unterstuetz-unseren-twitter-protest-gegen-shell","status":"publish","type":"post","link":"https:\/\/www.greenpeace.ch\/de\/story\/13430\/unterstuetz-unseren-twitter-protest-gegen-shell\/","title":{"rendered":"Unterst\u00fctz unseren Twitter-Protest gegen Shell!"},"content":{"rendered":"<p><b>Shell hat trotz R\u00fcckschl\u00e4gen und Verz\u00f6gerungen weiterhin vor in der Arktis nach \u00d6l  zu bohren &#8211; trotz des Risikos eines schweren \u00d6lunfalls und dessen  verheerende Folgen f\u00fcr das sensible \u00d6kosystem. Dagegen wollen wir heute mit m\u00f6glichst vielen Menschen in die Online-Offensive gehen. Mach mit bei unserem globalen Twitter-Protest!<\/b><\/p>\n<div class=\"post-content\">\n<div>\n<p><strong><dfn title=\"\u00d6lkonzern\">Shell<\/dfn> hat trotz <a href=\"http:\/\/www.greenpeace.org\/switzerland\/de\/News_Stories\/Newsblog\/shells-oelbohrung-durch-arktisches-eis-gestop\/blog\/42073\/\">R\u00fcckschl\u00e4gen und Verz\u00f6gerungen<\/a> weiterhin vor in der Arktis nach \u00d6l  zu bohren &#8211; trotz des Risikos eines schweren \u00d6lunfalls und dessen  verheerende Folgen f\u00fcr das sensible \u00d6kosystem. Dagegen wollen wir heute mit m\u00f6glichst vielen Menschen in die Online-Offensive gehen. Mach mit bei unserem globalen Twitter-Protest! <\/strong><\/p>\n<\/p>\n<div class=\"events-box middle-box left\">\n<div class=\"frame reset-padding\">\n        <a class=\"open-img EnlargeImage\" href=\"https:\/\/www.greenpeace.ch\/static\/planet4-switzerland-stateless\/2019\/05\/898e1ba2-898e1ba2-arktis-twitter-banner-facebook_404x404_v3_en.jpg\" title=\"\"><br \/>\n            <img decoding=\"async\" id=\"ctl00_cphContentArea_epiEntryContent_ctl00_ctl02_Image1\" class=\"Thumbnail\" src=\"https:\/\/www.greenpeace.ch\/static\/planet4-switzerland-stateless\/2019\/05\/898e1ba2-898e1ba2-arktis-twitter-banner-facebook_404x404_v3_en.jpg\" alt=\"\" style=\"border-width:0px;\"><\/p>\n<p>        <\/a>\n    <\/div>\n<div class=\"hidden\">\n        <span class=\"date\"><\/span><br \/>\n        <strong><\/strong><\/p>\n<\/p>\n<\/div>\n<\/div>\n<p>Die Bohrungen in einer \u00f6kologisch so sensiblen Region sind mit extremen Risiken verbunden. Die Gefahr von Unf\u00e4llen ist jederzeit gegeben. Aufgrund der  extremen Wetterbedingungen ist das Gebiet nur einige Monate im Jahr  \u00fcberhaupt zug\u00e4nglich. Kommt es zu einem Unfall, w\u00e4re es ein  hoffnungsloses Unterfangen, das austretende \u00d6l unter der Eisdecke zu stoppen. <a href=\"http:\/\/www.greenpeace.org\/switzerland\/de\/News_Stories\/Newsblog\/rekordschmelze-in-der-arktis-greenpeace-aktio\/blog\/41914\/\">Zudem ist das Eis im Nordpolarmeer ist in diesem Jahr st\u00e4rker geschmolzen als je zuvor seit Beginn der Satellitenaufzeichnungen.<\/a> Vor 30 Jahren war die Eisdecke im Sommer noch doppelt so gross wie heute. Ein deutliches Warnzeichen f\u00fcr den Klimawandel. Weiteres \u00d6l aus der Arktis w\u00fcrde diese Katastrophe weiter anheizen.<\/p>\n<p>Um unseren Forderungen zum Schutz der Arktis weiterhin Nachdruck zu verleihen, geht unser Online-Protest nun in die n\u00e4chste Runde. Zeig auch du deinen Unmut und fordere Shell auf alle Bohrpl\u00e4ne sofort einzustellen. Tweete deine Nachricht und verwende die Hashtags <a href=\"https:\/\/twitter.com\/#!\/search\/%23stopshell\" target=\"_blank\" rel=\"noopener noreferrer\">#stoppshell<\/a> und <a href=\"https:\/\/twitter.com\/#!\/search\/?q=%23savethearctic&amp;src=hash\" target=\"_blank\" rel=\"noopener noreferrer\">#savethearctic<\/a> oder tagge Shell direkt mit <a href=\"https:\/\/twitter.com\/Shell\" target=\"_blank\" rel=\"noopener noreferrer\">@Shell<\/a><\/p>\n<p>\u00a0Hier ein paar Beispieltweets die du f\u00fcr den Protest nutzen k\u00f6nntest:<\/p>\n<ul>\n<li>@<dfn title=\"\u00d6lkonzern\">Shell<\/dfn> raus aus der Arktis! #savethearctic<\/li>\n<li>Stoppt @<dfn title=\"\u00d6lkonzern\">Shell<\/dfn>! #savethearctic<\/li>\n<li>@<dfn title=\"\u00d6lkonzern\">Shell<\/dfn>: Kein \u00d6l aus der Arktis! #savethearctic<\/li>\n<li>@<dfn title=\"\u00d6lkonzern\">Shell<\/dfn>: Save the Arctic! #stoppshell<\/li>\n<\/ul>\n<p>Die Webseite zur Demo ist ab sofort unter folgender <abbr title=\"Uniform Resource Locator\" lang=\"en\">URL<\/abbr> zu erreichen: <a href=\"http:\/\/twitterprotest.savethearctic.org\/\">twitterprotest.savethearctic.org<\/a>.<\/p>\n<\/div>\n<\/div>\n","protected":false},"excerpt":{"rendered":"<p>Shell hat trotz R\u00fcckschl\u00e4gen und Verz\u00f6gerungen weiterhin vor in der Arktis nach \u00d6l zu bohren &#8211; trotz des Risikos eines schweren \u00d6lunfalls und dessen verheerende Folgen f\u00fcr das sensible \u00d6kosystem.&hellip;<\/p>\n","protected":false},"author":23,"featured_media":13432,"comment_status":"closed","ping_status":"open","sticky":false,"template":"","format":"standard","meta":{"_acf_changed":false,"_planet4_optimize_post_is_variant":false,"_planet4_optimize_experiment_name":"","_planet4_optimize_variant_name":"","ep_exclude_from_search":false,"p4_og_title":"","p4_og_description":"","p4_og_image":"","p4_og_image_id":"","p4_seo_canonical_url":"","p4_campaign_name":"","p4_local_project":"","p4_basket_name":"","p4_department":"","footnotes":""},"categories":[1],"tags":[41],"p4-page-type":[75],"gpch-article-type":[],"class_list":["post-13430","post","type-post","status-publish","format-standard","has-post-thumbnail","hentry","category-unkategorisiert","tag-meer","p4-page-type-story"],"acf":[],"_links":{"self":[{"href":"https:\/\/www.greenpeace.ch\/de\/wp-json\/wp\/v2\/posts\/13430","targetHints":{"allow":["GET"]}}],"collection":[{"href":"https:\/\/www.greenpeace.ch\/de\/wp-json\/wp\/v2\/posts"}],"about":[{"href":"https:\/\/www.greenpeace.ch\/de\/wp-json\/wp\/v2\/types\/post"}],"author":[{"embeddable":true,"href":"https:\/\/www.greenpeace.ch\/de\/wp-json\/wp\/v2\/users\/23"}],"replies":[{"embeddable":true,"href":"https:\/\/www.greenpeace.ch\/de\/wp-json\/wp\/v2\/comments?post=13430"}],"version-history":[{"count":0,"href":"https:\/\/www.greenpeace.ch\/de\/wp-json\/wp\/v2\/posts\/13430\/revisions"}],"wp:featuredmedia":[{"embeddable":true,"href":"https:\/\/www.greenpeace.ch\/de\/wp-json\/wp\/v2\/media\/13432"}],"wp:attachment":[{"href":"https:\/\/www.greenpeace.ch\/de\/wp-json\/wp\/v2\/media?parent=13430"}],"wp:term":[{"taxonomy":"category","embeddable":true,"href":"https:\/\/www.greenpeace.ch\/de\/wp-json\/wp\/v2\/categories?post=13430"},{"taxonomy":"post_tag","embeddable":true,"href":"https:\/\/www.greenpeace.ch\/de\/wp-json\/wp\/v2\/tags?post=13430"},{"taxonomy":"p4-page-type","embeddable":true,"href":"https:\/\/www.greenpeace.ch\/de\/wp-json\/wp\/v2\/p4-page-type?post=13430"},{"taxonomy":"gpch-article-type","embeddable":true,"href":"https:\/\/www.greenpeace.ch\/de\/wp-json\/wp\/v2\/gpch-article-type?post=13430"}],"curies":[{"name":"wp","href":"https:\/\/api.w.org\/{rel}","templated":true}]}}