{"id":13443,"date":"2012-09-04T00:00:00","date_gmt":"2012-09-03T22:00:00","guid":{"rendered":"https:\/\/master.greenpeace.ch\/beitrag\/13443\/das-ensi-die-institutionalisierte-nachsicht\/"},"modified":"2019-05-30T12:04:25","modified_gmt":"2019-05-30T10:04:25","slug":"das-ensi-die-institutionalisierte-nachsicht","status":"publish","type":"post","link":"https:\/\/www.greenpeace.ch\/de\/story\/13443\/das-ensi-die-institutionalisierte-nachsicht\/","title":{"rendered":"Das ENSI &#8211; Die institutionalisierte Nachsicht"},"content":{"rendered":"<p><b><\/b><\/p>\n<div class=\"post-content\">\n<div>\n<div class=\"events-box small-box left\">\n<div class=\"frame\">\n        <a class=\"open-img EnlargeImage\" href=\"https:\/\/www.greenpeace.ch\/static\/planet4-switzerland-stateless\/2019\/05\/8d3275b5-8d3275b5-ensi_br-leuthard.jpg\" title=\"BR Leuthard vor den Plakaten der ENSI Kritiker.\"><br \/>\n            <img decoding=\"async\" id=\"ctl00_cphContentArea_epiEntryContent_ctl00_ctl02_Image1\" title=\"BR Leuthard vor den Plakaten der ENSI Kritiker.\" class=\"Thumbnail\" src=\"https:\/\/www.greenpeace.ch\/static\/planet4-switzerland-stateless\/2019\/05\/8d3275b5-8d3275b5-ensi_br-leuthard.jpg\" alt=\"BR Leuthard vor den Plakaten der ENSI Kritiker.\" style=\"border-width:0px;\"><\/p>\n<p>        <\/a>\n    <\/div>\n<div class=\"events-content\">\n        <span class=\"date\">Dienstag, 4. September 2012<\/span><br \/>\n        <strong>BR Leuthard vor den Plakaten der ENSI Kritiker.<\/strong><\/p>\n<p>\n            \u00a9 Greenpeace, SES, WWF, NWA, sortir du nucleaire\n        <\/p>\n<\/p>\n<\/div>\n<\/div>\n<p> <strong>Eine \u201eTalkshow\u201c nannten Greenpeace, WWF, SES, NWA und <strong>\u201e<\/strong>Sortir du nucl\u00e9aire<strong>\u201c<\/strong> die von der Atomaufsichtsbeh\u00f6rde ENSI als \u201e\u00d6ffentliches Forum\u201c angek\u00fcndigte Veranstaltung am 4. September. <\/strong><\/p>\n<p>Einer ernsthaften und ehrlichen Diskussion zu technischen Sicherheitsfragen und strukturellen M\u00e4ngeln der Atomaufsicht verbot sich das ENSI schon im Vorfeld. \u201eWas hier stattfindet ist eine PR-Show. Das ist der N\u00e4hrboden f\u00fcr ein weiteres Fukushima,<span>\u201c<\/span>\u00a0\u00e4rgerte sich Kaspar Schuler, Leiter Energie&amp;Klima bei Greenpeace. Statt kritischer Referate gab es Reden von Bundesr\u00e4tin Doris Leuthard und dem ENSI-Direktor Wanner. Die Fragen der ENSI-Kritiker wurden vorab zensuriert und verk\u00fcrzt, besonders heikle Stellen wurden entfernt und Antworten gab es erst am Vorabend. Es gab keine Fach-Hearings und MedienvertreterInnen durften ihre Fragen nicht \u00f6ffentlich stellen.<\/p>\n<p class=\"Standa\">\n<div class=\"events-box small-box left\">\n<div class=\"frame\">\n        <a class=\"open-img EnlargeImage\" href=\"https:\/\/www.greenpeace.ch\/static\/planet4-switzerland-stateless\/2019\/05\/99fdec32-99fdec32-br-leuthard_gp-mann-schuler.jpg\" title=\"BR Leuthard mit Kaspar Schuler von Greenpeace.\"><br \/>\n            <img decoding=\"async\" id=\"ctl00_cphContentArea_epiEntryContent_ctl00_ctl04_Image1\" title=\"BR Leuthard mit Kaspar Schuler von Greenpeace.\" class=\"Thumbnail\" src=\"https:\/\/www.greenpeace.ch\/static\/planet4-switzerland-stateless\/2019\/05\/99fdec32-99fdec32-br-leuthard_gp-mann-schuler.jpg\" alt=\"BR Leuthard mit Kaspar Schuler von Greenpeace.\" style=\"border-width:0px;\"><\/p>\n<p>        <\/a>\n    <\/div>\n<div class=\"events-content\">\n        <span class=\"date\">Dienstag, 4. September 2012<\/span><br \/>\n        <strong>BR Leuthard mit Kaspar Schuler von Greenpeace.<\/strong><\/p>\n<p>\n            \u00a9 siggi*bucher\n        <\/p>\n<\/p>\n<\/div>\n<\/div>\n<p class=\"Standa\">\u201eAls h\u00e4tten wir eine nur als beflissene Statisten agierende nukleare Aufsichtsbeh\u00f6rde,\u201c protestierte Schuler.<\/p>\n<p class=\"Standa\">\n<div class=\"listings items\">\n<h3 title=\"Downloads\">Downloads<\/h3>\n<div class=\"\">\n<ul>\n<li class=\"ccsnlink\">\n    <a title=\"Rede Kaspar Schuler\" href=\"https:\/\/www.greenpeace.ch\/wp-content\/uploads\/2017\/01\/ENSI_Rede_Kaspar_schuler.pdf\" target=\"_blank\" rel=\"noopener noreferrer\">Rede Kaspar Schuler<\/a><br \/>\n    <span class=\"contenttype\">Dokument<\/span>\n<\/li>\n<li class=\"ccsnlink\">\n    <a title=\"Medienmitteilung\" href=\"https:\/\/www.greenpeace.ch\/wp-content\/uploads\/2017\/01\/120904_MM_ENSI-Forum_final.pdf\">Medienmitteilung<\/a><br \/>\n    <span class=\"contenttype\">Dokument<\/span>\n<\/li>\n<li class=\"ccsnlink\">\n    <a title=\"Flyer ENSI Gegner\" href=\"https:\/\/www.greenpeace.ch\/wp-content\/uploads\/2017\/01\/WEBFLYER.pdf\">Flyer ENSI Gegner<\/a><br \/>\n    <span class=\"contenttype\">Dokument<\/span>\n<\/li>\n<\/ul>\n<\/div>\n<\/div>\n<p>\u00a0\n<\/p>\n<\/div>\n<\/div>\n","protected":false},"excerpt":{"rendered":"<p>Dienstag, 4. September 2012 BR Leuthard vor den Plakaten der ENSI Kritiker. \u00a9 Greenpeace, SES, WWF, NWA, sortir du nucleaire Eine \u201eTalkshow\u201c nannten Greenpeace, WWF, SES, NWA und \u201eSortir du&hellip;<\/p>\n","protected":false},"author":23,"featured_media":13445,"comment_status":"closed","ping_status":"open","sticky":false,"template":"","format":"standard","meta":{"_acf_changed":false,"_planet4_optimize_post_is_variant":false,"_planet4_optimize_experiment_name":"","_planet4_optimize_variant_name":"","ep_exclude_from_search":false,"p4_og_title":"","p4_og_description":"","p4_og_image":"","p4_og_image_id":"","p4_seo_canonical_url":"","p4_campaign_name":"","p4_local_project":"","p4_basket_name":"","p4_department":"","footnotes":""},"categories":[1],"tags":[42],"p4-page-type":[75],"gpch-article-type":[],"class_list":["post-13443","post","type-post","status-publish","format-standard","has-post-thumbnail","hentry","category-unkategorisiert","tag-energie","p4-page-type-story"],"acf":[],"_links":{"self":[{"href":"https:\/\/www.greenpeace.ch\/de\/wp-json\/wp\/v2\/posts\/13443","targetHints":{"allow":["GET"]}}],"collection":[{"href":"https:\/\/www.greenpeace.ch\/de\/wp-json\/wp\/v2\/posts"}],"about":[{"href":"https:\/\/www.greenpeace.ch\/de\/wp-json\/wp\/v2\/types\/post"}],"author":[{"embeddable":true,"href":"https:\/\/www.greenpeace.ch\/de\/wp-json\/wp\/v2\/users\/23"}],"replies":[{"embeddable":true,"href":"https:\/\/www.greenpeace.ch\/de\/wp-json\/wp\/v2\/comments?post=13443"}],"version-history":[{"count":0,"href":"https:\/\/www.greenpeace.ch\/de\/wp-json\/wp\/v2\/posts\/13443\/revisions"}],"wp:featuredmedia":[{"embeddable":true,"href":"https:\/\/www.greenpeace.ch\/de\/wp-json\/wp\/v2\/media\/13445"}],"wp:attachment":[{"href":"https:\/\/www.greenpeace.ch\/de\/wp-json\/wp\/v2\/media?parent=13443"}],"wp:term":[{"taxonomy":"category","embeddable":true,"href":"https:\/\/www.greenpeace.ch\/de\/wp-json\/wp\/v2\/categories?post=13443"},{"taxonomy":"post_tag","embeddable":true,"href":"https:\/\/www.greenpeace.ch\/de\/wp-json\/wp\/v2\/tags?post=13443"},{"taxonomy":"p4-page-type","embeddable":true,"href":"https:\/\/www.greenpeace.ch\/de\/wp-json\/wp\/v2\/p4-page-type?post=13443"},{"taxonomy":"gpch-article-type","embeddable":true,"href":"https:\/\/www.greenpeace.ch\/de\/wp-json\/wp\/v2\/gpch-article-type?post=13443"}],"curies":[{"name":"wp","href":"https:\/\/api.w.org\/{rel}","templated":true}]}}