{"id":13467,"date":"2012-08-31T00:00:00","date_gmt":"2012-08-30T22:00:00","guid":{"rendered":"https:\/\/master.greenpeace.ch\/beitrag\/13467\/eisbaer-paul-setzt-sich-in-widen-bei-shell-chef-ins-bett-2\/"},"modified":"2019-05-30T12:05:07","modified_gmt":"2019-05-30T10:05:07","slug":"eisbaer-paul-setzt-sich-in-widen-bei-shell-chef-ins-bett-2","status":"publish","type":"post","link":"https:\/\/www.greenpeace.ch\/de\/story\/13467\/eisbaer-paul-setzt-sich-in-widen-bei-shell-chef-ins-bett-2\/","title":{"rendered":"Eisb\u00e4r Paul setzt sich in Widen bei Shell-Chef ins Bett"},"content":{"rendered":"<p><b><\/b><\/p>\n<div class=\"post-content\">\n<div>\n<div class=\"events-box middle-box left\">\n<div class=\"frame\">\n        <a class=\"open-img EnlargeImage\" href=\"https:\/\/www.greenpeace.ch\/static\/planet4-switzerland-stateless\/2019\/05\/cfdf341c-cfdf341c-flb20120831_003.jpg\" title=\"\"><br \/>\n            <img decoding=\"async\" id=\"ctl00_cphContentArea_epiEntryContent_ctl00_ctl02_Image1\" class=\"Thumbnail\" src=\"https:\/\/www.greenpeace.ch\/static\/planet4-switzerland-stateless\/2019\/05\/cfdf341c-cfdf341c-flb20120831_003.jpg\" alt=\"\" style=\"border-width:0px;\"><\/p>\n<p>        <\/a>\n    <\/div>\n<div class=\"events-content\">\n        <span class=\"date\">Freitag, 31. August 2012<\/span><br \/>\n        <strong><\/strong><\/p>\n<p>\n            Widen, 31. August 2012. Sleep In vor CEO Vosers Haus<br \/>\n \u00a9 Greenpeace \/ Ex Press \/ Flurin Bertschinger\n        <\/p>\n<\/p>\n<\/div>\n<\/div>\n<p> <span style=\"font-size: 10pt;\"><strong><span style=\"font-family: Arial;\">Seit  Wochen besucht Eisb\u00e4r Paul das Haus von Shell-Chef Peter Voser. Als  Antwort bekam er nur Ignoranz. Jetzt hat er vor Vosers Auffahrt ein Bett  aufgestellt und sich h\u00e4uslich eingerichtet. Dieses ist nicht nur zum  Kuscheln da. Beobachtet von einem privaten Sicherheitsdienst und der  Polizei zeigt Paul jetzt auch seine Krallen und fordert den Shell-Chef  ultimativ auf, auf \u00d6lbohrungen in der Arktis zu verzichten. <\/span><\/strong><\/span><\/p>\n<p>Es ist sein achter Versuch. <a href=\"http:\/\/www.greenpeace.org\/switzerland\/de\/Uber-uns\/Medienstelle\/Aktuelle-Medienbilder\/Besuch-bei-CEO-Peter-Voser\/\">Wochenende f\u00fcr Wochenende trottet Eisb\u00e4r Paul nach Widen<\/a>. Seine Mission: Shell von seiner Heimat fernzuhalten. <a href=\"http:\/\/www.greenpeace.org\/switzerland\/de\/News_Stories\/Newsblog\/shell-boss-zeigt-eisbaer-paul-die-kalte-schul\/blog\/41466\/\">Doch der Shell-Chef zeigte Paul die kalte Schulter,<\/a> verweigerte jeglichen Dialog und heuerte private Sicherheitskr\u00e4fte gegen den vertriebenen Arktisbewohner ein. Grund genug, nun auch seine Krallen zu zeigen. Es ist Zeit, dass Voser von seinem unverantwortlichen Tun abl\u00e4sst und einwilligt, auf \u00d6lbohrungen in der Arktis zu verzichten.<\/p>\n<p>Paul hinterliess Voser bereits mehrere Briefe mit der Forderung, die H\u00e4nde von seiner Heimat zu lassen. Sie blieben unbeantwortet. Voser er\u00f6ffnete mit Shell einen Wettlauf um \u00d6lreserven in der Arktis. Der niederl\u00e4ndisch-britische \u00d6lkonzern will in den n\u00e4chsten Wochen in Alaska erste Probebohrungen vornehmen.<\/p>\n<p>Die \u00d6lreserven der Arktis decken den weltweiten \u00d6lbedarf lediglich drei Jahre lang. Daf\u00fcr nimmt Shell die Zerst\u00f6rung eines der letzten intakten \u00d6kosysteme in Kauf. Pauls Heimat k\u00f6nnte schon bald \u00f6lverseucht sein. Und eisfrei. <a href=\"http:\/\/www.greenpeace.org\/switzerland\/de\/News_Stories\/Newsblog\/rekordschmelze-in-der-arktis-greenpeace-aktio\/blog\/41914\/\">Denn Wissenschaftler melden einen neuen Minus-Eisrekord<\/a>: Das Eis im Nordpolarmeer ist in diesem Jahr st\u00e4rker geschmolzen als je zuvor seit Beginn der Satellitenaufzeichnungen. Bis Mitte September wird es weiter schmelzen. Der Nordpol wird in absehbarer Zeit im Sommer ganz eisfrei und f\u00fcr \u00d6ltanker befahrbar sein. Um nach noch mehr \u00d6l zu bohren. Ein Teufelskreis.<\/p>\n<p>Dass \u00d6lbohrungen in der Arktis <a href=\"http:\/\/www.greenpeace.org\/switzerland\/de\/Kampagnen\/Arktis\/Die-Gefahren-von-Oel-in-der-Arktis\/\">ein Spiel mit dem Feuer sind<\/a>, hat sogar BP eingesehen. Der Konzern, der das Desaster im Golf von Mexiko angerichtet hatte, legte seine Arktis-Pl\u00e4ne wegen des unkalkulierbaren Risikos unl\u00e4ngst auf Eis.<\/p>\n<p>\u00a0Shell scheint das nicht zu k\u00fcmmern. Nach einigen R\u00fcckschl\u00e4gen und technischen Problemen mit ihrer Flotte forderte Shell eine Verl\u00e4ngerung der Bohrzeit in der Arktis. Im Juli war Shells \u00d6lbohrschiff Noble Discoverer gef\u00e4hrlich nahe ans Ufer von Dutch Harbor in Alaska geraten. Laut Augenzeugen lief das Schiff auf Grund. Der Vorfall zeigt das Risiko, das Shell mit Probebohrungen in der hochsensiblen Arktis eingehen will. Die US-Regierung hatte urspr\u00fcnglich mit dem Konzern vereinbart, dass dieser die Bohrungen in der Tschuktschensee am 24. September beendet. Ob sie einen Aufschub gew\u00e4hrt muss bezweifelt werden.<\/p>\n<p>\u00abStarke St\u00fcrme und Eisbedeckung im Winter machen \u00d6lbohrungen in der Arktis zu einem waghalsigen Unterfangen\u00bb, sagt Nadine Berthel von Greenpeace Schweiz. \u00abEine schnelle Antwort auf ein \u00d6lleck ist wegen der langen Dunkelperioden und der Abgelegenheit nahezu unm\u00f6glich. Falls Shell in der Arktis bohrt ist es daher weniger eine Frage ob, sondern eher wann es zu einer \u00d6lkatastrophe kommt.\u00bb<\/p>\n<p>Fast zwei Millionen Arktissch\u00fctzerinnen und Arktissch\u00fctzer sprechen sich bereits f\u00fcr ein Schutzgebiet im Hohen Norden aus. Die Zahl steigt st\u00e4ndig weiter. <a href=\"http:\/\/www.savethearctic.org\/\">Sind Sie dabei?<\/a> Damit Pauls Artgenossen vielleicht \u00fcberleben k\u00f6nnen.<\/p>\n<\/div>\n<\/div>\n","protected":false},"excerpt":{"rendered":"<p>Freitag, 31. August 2012 Widen, 31. August 2012. Sleep In vor CEO Vosers Haus \u00a9 Greenpeace \/ Ex Press \/ Flurin Bertschinger Seit Wochen besucht Eisb\u00e4r Paul das Haus von&hellip;<\/p>\n","protected":false},"author":23,"featured_media":13469,"comment_status":"closed","ping_status":"open","sticky":false,"template":"","format":"standard","meta":{"_acf_changed":false,"_planet4_optimize_post_is_variant":false,"_planet4_optimize_experiment_name":"","_planet4_optimize_variant_name":"","ep_exclude_from_search":false,"p4_og_title":"","p4_og_description":"","p4_og_image":"","p4_og_image_id":"","p4_seo_canonical_url":"","p4_campaign_name":"","p4_local_project":"","p4_basket_name":"","p4_department":"","footnotes":""},"categories":[1],"tags":[41],"p4-page-type":[75],"gpch-article-type":[],"class_list":["post-13467","post","type-post","status-publish","format-standard","has-post-thumbnail","hentry","category-unkategorisiert","tag-meer","p4-page-type-story"],"acf":[],"_links":{"self":[{"href":"https:\/\/www.greenpeace.ch\/de\/wp-json\/wp\/v2\/posts\/13467","targetHints":{"allow":["GET"]}}],"collection":[{"href":"https:\/\/www.greenpeace.ch\/de\/wp-json\/wp\/v2\/posts"}],"about":[{"href":"https:\/\/www.greenpeace.ch\/de\/wp-json\/wp\/v2\/types\/post"}],"author":[{"embeddable":true,"href":"https:\/\/www.greenpeace.ch\/de\/wp-json\/wp\/v2\/users\/23"}],"replies":[{"embeddable":true,"href":"https:\/\/www.greenpeace.ch\/de\/wp-json\/wp\/v2\/comments?post=13467"}],"version-history":[{"count":0,"href":"https:\/\/www.greenpeace.ch\/de\/wp-json\/wp\/v2\/posts\/13467\/revisions"}],"wp:featuredmedia":[{"embeddable":true,"href":"https:\/\/www.greenpeace.ch\/de\/wp-json\/wp\/v2\/media\/13469"}],"wp:attachment":[{"href":"https:\/\/www.greenpeace.ch\/de\/wp-json\/wp\/v2\/media?parent=13467"}],"wp:term":[{"taxonomy":"category","embeddable":true,"href":"https:\/\/www.greenpeace.ch\/de\/wp-json\/wp\/v2\/categories?post=13467"},{"taxonomy":"post_tag","embeddable":true,"href":"https:\/\/www.greenpeace.ch\/de\/wp-json\/wp\/v2\/tags?post=13467"},{"taxonomy":"p4-page-type","embeddable":true,"href":"https:\/\/www.greenpeace.ch\/de\/wp-json\/wp\/v2\/p4-page-type?post=13467"},{"taxonomy":"gpch-article-type","embeddable":true,"href":"https:\/\/www.greenpeace.ch\/de\/wp-json\/wp\/v2\/gpch-article-type?post=13467"}],"curies":[{"name":"wp","href":"https:\/\/api.w.org\/{rel}","templated":true}]}}