{"id":13471,"date":"2012-08-28T00:00:00","date_gmt":"2012-08-27T22:00:00","guid":{"rendered":"https:\/\/master.greenpeace.ch\/beitrag\/13471\/stromeffizienz-initiative-lanciert\/"},"modified":"2019-05-30T12:05:11","modified_gmt":"2019-05-30T10:05:11","slug":"stromeffizienz-initiative-lanciert","status":"publish","type":"post","link":"https:\/\/www.greenpeace.ch\/de\/story\/13471\/stromeffizienz-initiative-lanciert\/","title":{"rendered":"Stromeffizienz-Initiative lanciert"},"content":{"rendered":"<p><b><\/b><\/p>\n<div class=\"post-content\">\n<div>\n<p><img decoding=\"async\" style=\"float: left; margin-left: 10px; margin-right: 10px;\" src=\"https:\/\/www.greenpeace.ch\/static\/planet4-switzerland-stateless\/2019\/05\/9f1fe309-9f1fe309-53401_101005.jpg\" alt=\"\"><\/p>\n<p>Der Bundesrat vernachl\u00e4ssigt in seinem Szenario zur Energiezukunft Schweiz das Potenzial der Effizienz. Deshalb lancierte am 28. August 2012 ein breites B\u00fcndnis mit VertreterInnen aus allen (!) politischen Parteien, Wirtschaft, Umwelt- und anderen Organisationen die Volksinitiative \u201eF\u00fcr eine sichere und wirtschaftliche Stromversorgung\u201c, die Stromeffizienz-Initiative. Greenpeace tr\u00e4gt die Initiative mit, die zum Ziel hat, den Stromverbrauch der Schweiz bis 2035 auf dem Niveau von 2011 zu stabilisieren. Dies ist ohne Einschr\u00e4nkungen m\u00f6glich, denn bislang wird jede dritte Kilowattstunde in der Schweiz verschwendet.<\/p>\n<p>\u00a0<\/p>\n<p><strong>Greenpeace tr\u00e4gt mit<\/strong><\/p>\n<p>\u201eStromeffizienz ist ein zentraler Teil des Atomausstiegs\u201c, so Kaspar Schuler, Leiter des Bereichs Climate &amp; Energy von Greenpeace. \u201eMit griffigen Stromeffizienz-Massnahmen kann bis 2035 auf die Produktion von 4 bis 6 AKW-M\u00fchleberg verzichtet werden. Die Initiative setzt daf\u00fcr ein verbindliches, klar definiertes Stromverbrauchsziel auf der Basis von 2011. Ganz im Gegensatz zu den absehbaren Bundesvorschl\u00e4gen, die eine Plafonierung auf einer Stromverbrauchsh\u00f6he der Zukunft vorsehen, gibt es mit der Initiative keinen Raum f\u00fcr Zaudern und Z\u00f6gern mehr. Der schnelle Atomausstieg wird m\u00f6glich.\u201c Jede nicht verbrauchte Kilowattstunde Strom tr\u00e4gt ausserdem dazu bei, die Umwelt zu schonen, die Energiewende in der Schweiz wirtschaftlich umzusetzen und ist im Speziellen gut f\u00fcr die Schweizer Elektrotechnikindustrie und das einheimische Bau- und Installationsgewerbe. Dieses profitiert in der ganzen Schweiz, gerade auch in den Randregionen, von den damit einhergehenden Auftr\u00e4gen.<\/p>\n<p>\u00a0<\/p>\n<p><strong>Initiative soll Bundesrat auf Kurs bringen<\/strong><\/p>\n<p>Die Unterschiften m\u00fcssen nun m\u00f6glichst schnell gesammelt werden, denn die Initiative soll im Fr\u00fchjahr 2013 eingereicht werden. Bundesrat und Parlament werden so angehalten, bei der kommenden Beratung der Energiewende die vorhandenen Effizienzpotenziale auch wirklich zu realisieren. Die Initiative ordnet sich somit in den Zeitplan des Bundesrates ein und wird diesen nicht verz\u00f6gern. Der Weg zu einer sicheren und wirtschaftlichen Stromversorgung der Schweiz wird mit mehr Stromeffizienz dank der Volksinitiative gangbar. Unterst\u00fctzen auch Sie die Stromeffizienz-Initiative! Kaspar Schuler: \u201eMit der Unterschrift kann jede und jeder in der Schweiz einen ersten pers\u00f6nlichen Schritt zum gelingen des Atomausstiegs beitragen.\u201c<a href=\"https:\/\/www.greenpeace.ch\/wp-content\/uploads\/2017\/01\/12-08-27-Sammelbogen-Intern-A4-Dt-Meta-C.pdf\" target=\"_blank\" rel=\"noopener noreferrer\"> Unterst\u00fctzen auch Sie die Stromeffizienz-Initiative! <\/a><\/p>\n<p>\u00a0<\/p>\n<p><strong>Weitere Informationen<\/strong><\/p>\n<p><a href=\"http:\/\/www.greenpeace.org\/switzerland\/de\/Kampagnen\/Stromzukunft-Schweiz\/Stromversorgung\/Stromeffizienz\/\" target=\"_blank\" rel=\"noopener noreferrer\">Stromeffizienz ist m\u00f6glich und n\u00f6tig <\/a><\/p>\n<p><a href=\"http:\/\/www.stromeffizienzinitiative.ch\/\" target=\"_blank\" rel=\"noopener noreferrer\">Website der Initiative <\/a><\/p>\n<\/div>\n<\/div>\n","protected":false},"excerpt":{"rendered":"<p>Der Bundesrat vernachl\u00e4ssigt in seinem Szenario zur Energiezukunft Schweiz das Potenzial der Effizienz. Deshalb lancierte am 28. August 2012 ein breites B\u00fcndnis mit VertreterInnen aus allen (!) politischen Parteien, Wirtschaft,&hellip;<\/p>\n","protected":false},"author":23,"featured_media":13473,"comment_status":"closed","ping_status":"open","sticky":false,"template":"","format":"standard","meta":{"_acf_changed":false,"_planet4_optimize_post_is_variant":false,"_planet4_optimize_experiment_name":"","_planet4_optimize_variant_name":"","ep_exclude_from_search":false,"p4_og_title":"","p4_og_description":"","p4_og_image":"","p4_og_image_id":"","p4_seo_canonical_url":"","p4_campaign_name":"","p4_local_project":"","p4_basket_name":"","p4_department":"","footnotes":""},"categories":[1],"tags":[50],"p4-page-type":[75],"gpch-article-type":[],"class_list":["post-13471","post","type-post","status-publish","format-standard","has-post-thumbnail","hentry","category-unkategorisiert","tag-klima","p4-page-type-story"],"acf":[],"_links":{"self":[{"href":"https:\/\/www.greenpeace.ch\/de\/wp-json\/wp\/v2\/posts\/13471","targetHints":{"allow":["GET"]}}],"collection":[{"href":"https:\/\/www.greenpeace.ch\/de\/wp-json\/wp\/v2\/posts"}],"about":[{"href":"https:\/\/www.greenpeace.ch\/de\/wp-json\/wp\/v2\/types\/post"}],"author":[{"embeddable":true,"href":"https:\/\/www.greenpeace.ch\/de\/wp-json\/wp\/v2\/users\/23"}],"replies":[{"embeddable":true,"href":"https:\/\/www.greenpeace.ch\/de\/wp-json\/wp\/v2\/comments?post=13471"}],"version-history":[{"count":0,"href":"https:\/\/www.greenpeace.ch\/de\/wp-json\/wp\/v2\/posts\/13471\/revisions"}],"wp:featuredmedia":[{"embeddable":true,"href":"https:\/\/www.greenpeace.ch\/de\/wp-json\/wp\/v2\/media\/13473"}],"wp:attachment":[{"href":"https:\/\/www.greenpeace.ch\/de\/wp-json\/wp\/v2\/media?parent=13471"}],"wp:term":[{"taxonomy":"category","embeddable":true,"href":"https:\/\/www.greenpeace.ch\/de\/wp-json\/wp\/v2\/categories?post=13471"},{"taxonomy":"post_tag","embeddable":true,"href":"https:\/\/www.greenpeace.ch\/de\/wp-json\/wp\/v2\/tags?post=13471"},{"taxonomy":"p4-page-type","embeddable":true,"href":"https:\/\/www.greenpeace.ch\/de\/wp-json\/wp\/v2\/p4-page-type?post=13471"},{"taxonomy":"gpch-article-type","embeddable":true,"href":"https:\/\/www.greenpeace.ch\/de\/wp-json\/wp\/v2\/gpch-article-type?post=13471"}],"curies":[{"name":"wp","href":"https:\/\/api.w.org\/{rel}","templated":true}]}}