{"id":13483,"date":"2012-09-11T00:00:00","date_gmt":"2012-09-10T22:00:00","guid":{"rendered":"https:\/\/master.greenpeace.ch\/beitrag\/13483\/greenpeace-aktivisten-klettern-fuer-mehr-sonnenenergie\/"},"modified":"2019-05-30T12:05:56","modified_gmt":"2019-05-30T10:05:56","slug":"greenpeace-aktivisten-klettern-fuer-mehr-sonnenenergie","status":"publish","type":"post","link":"https:\/\/www.greenpeace.ch\/de\/story\/13483\/greenpeace-aktivisten-klettern-fuer-mehr-sonnenenergie\/","title":{"rendered":"Greenpeace-Aktivisten klettern f\u00fcr mehr Sonnenenergie"},"content":{"rendered":"<p><b>Heute morgen kletterten Greenpeace-AktivistInnen auf ein Geb\u00e4ude im boomenden Z\u00fcrich West, um auf die gewaltigen Fl\u00e4chen ungenutzten Solar-Potenzials aufmerksam zu machen. \u201ePhotovoltaik geh\u00f6rt auf der politischen Agenda ganz nach oben\u201c war die Botschaft.<\/b><\/p>\n<div class=\"post-content\">\n<div>\n<p><strong>Heute morgen kletterten Greenpeace-AktivistInnen auf ein Geb\u00e4ude im boomenden Z\u00fcrich West, um auf die gewaltigen Fl\u00e4chen ungenutzten Solar-Potenzials aufmerksam zu machen. \u201ePhotovoltaik geh\u00f6rt auf der politischen Agenda ganz nach oben\u201c war die Botschaft.<\/strong><\/p>\n<\/p>\n<div class=\"events-box middle-box left\">\n<div class=\"frame\">\n        <a class=\"open-img EnlargeImage\" href=\"https:\/\/www.greenpeace.ch\/static\/planet4-switzerland-stateless\/2019\/05\/e57015d4-e57015d4-spiegelbild_solarpotenzial.jpg\" title=\"Auf diesem Dach liegt Solarpotenzial brach.\"><br \/>\n            <img decoding=\"async\" id=\"ctl00_cphContentArea_epiEntryContent_ctl00_ctl02_Image1\" title=\"Auf diesem Dach liegt Solarpotenzial brach.\" class=\"Thumbnail\" src=\"https:\/\/www.greenpeace.ch\/static\/planet4-switzerland-stateless\/2019\/05\/e57015d4-e57015d4-spiegelbild_solarpotenzial.jpg\" alt=\"Auf diesem Dach liegt Solarpotenzial brach.\" style=\"border-width:0px;\"><\/p>\n<p>        <\/a>\n    <\/div>\n<div class=\"events-content\">\n        <span class=\"date\"><\/span><br \/>\n        <strong>Auf diesem Dach liegt Solarpotenzial brach.<\/strong><\/p>\n<p>\n            \u00a9 Greenpeace  \/ Christian Schmutz\n        <\/p>\n<\/p>\n<\/div>\n<\/div>\n<p>\u201eSolarpotenzial ungenutzt\u201c leuchtete ein riesiges gelbes Banner heute morgen von einem Geb\u00e4ude der Swiss-Prime-Platform in Z\u00fcrich West. Die erfolgreiche Aktion zeigt: Auf hunderttausenden von Schweizer D\u00e4chern k\u00f6nnte Strom produziert werden \u2013 Sonnenenergie, die derzeit brach liegt.<\/p>\n<p>Das ist auch die Botschaft des Spiels, das Greenpeace heute auf <a href=\"http:\/\/www.solarmacher.ch\/\" target=\"_blank\" rel=\"noopener noreferrer\">solarmacher.ch<\/a> startet. Gemeinsam mit m\u00f6glichst vielen \u201eSolarmachern\u201c und \u201eSolarmacherinnen\u201c aus der Bev\u00f6lkerung will Greenpeace ein Signal gegen\u00fcber der Bundespolitik und den grossen Stromkonzernen setzen. Mit solarmacher.ch l\u00e4sst sich f\u00fcr jedes Dach in der Schweiz mit wenigen Klicks das Solarpotenzial errechnen, markieren und damit das gigantische Solarpotential des Landes sichtbar machen.<\/p>\n<p>Neben der Steigerung von Energieeffizienz ist Solarstrom von Schweizer Hausd\u00e4chern der Hauptpfeiler einer \u00f6kologischen und dezentralen Energiewende. In cleverer Kombination mit Wasserkraft und anderen erneuerbaren Energien macht Solarstrom verl\u00e4ngerte AKW-Laufzeiten und klimasch\u00e4dliche Gaskraftwerke unn\u00f6tig. Greenpeace fordert Parlament, Bund, Kantone und Stromkonzerne auf, jetzt mit der Solarenergie ernst zu machen, ihre kleingeistigen Ausbaupl\u00e4ne zu revidieren und ehrgeizige Ziele zu setzen. Georg Klingler, Experte bei Greenpeace f\u00fcr erneuerbare Energien: \u201eDie Verantwortlichen m\u00fcssen sich von ihren Scheuklappen befreien und zur Kenntnis nehmen, dass die Bundes-Pl\u00e4ne bereits von der dynamischen Realit\u00e4t auf dem weltweiten Solarmarkt \u00fcberholt wurden.\u201c<\/p>\n<p>\u00a0<\/p>\n<p><iframe loading=\"lazy\" src=\"https:\/\/www.youtube.com\/embed\/Pp8r2er5gzU\" width=\"600\" height=\"338\"><\/iframe><\/p>\n<\/p>\n<div class=\"embedded-image-gallery promo general-form\">\n<h2>Greenpeace-Aktivisten klettern f\u00fcr mehr Sonnenergie<\/h2>\n<div class=\"gallery\">\n<div class=\"img-nav\">\n<div class=\"carousel\">\n<ul class=\"img-list galleria\">\n<li class=\"active\">\n                            <a title=\"Greenpeace-Aktivisten klettern f\u00fcr mehr Sonnenenergie\" href=\"\/switzerland\/de\/News_Stories\/Multimedia\/Fotos\/Greenpeace-Aktivisten-klettern-fuer-mehr-Sonnenenergie\/Greenpeace-Aktivisten-klettern-fuer-mehr-Sonnenenergie\/\" rel=\"Z\u00fcrich, 11. September 2012: Greenpeace-Aktivisten h\u00e4ngen drei grossformatige Banner an einem Geb\u00e4ude im boomenden Z\u00fcrich West auf. Die Message: Solarpotential ungenutzt! solarmacher.ch \u2013 mehr als ein Spiel.~^Greenpeace\/Ex-Press\/B\u00f6sch~^https:\/\/www.greenpeace.ch\/static\/planet4-switzerland-stateless\/2019\/05\/02836791-02836791-stb20120911-222.jpg~^323634\"><br \/>\n                                <img decoding=\"async\" id=\"ctl00_cphContentArea_epiEntryContent_ctl00_ctl04_ctl00_repImages_ctl00_thumbImg\" title=\"Greenpeace-Aktivisten klettern f\u00fcr mehr Sonnenenergie\" src=\"https:\/\/www.greenpeace.ch\/static\/planet4-switzerland-stateless\/2019\/05\/02836791-02836791-stb20120911-222.jpg\" alt=\"Greenpeace-Aktivisten klettern f\u00fcr mehr Sonnenenergie\" style=\"border-width:0px;\"><br \/>\n                            <\/a>\n                        <\/li>\n<li>\n                            <a title=\"Greenpeace-Aktivisten klettern f\u00fcr mehr Sonnenenergie\" href=\"\/switzerland\/de\/News_Stories\/Multimedia\/Fotos\/Greenpeace-Aktivisten-klettern-fuer-mehr-Sonnenenergie\/Greenpeace-Aktivisten-klettern-fuer-mehr-Sonnenenergie1\/\" rel=\"Z\u00fcrich, 11. September 2012: Greenpeace-Aktivisten h\u00e4ngen drei grossformatige Banner an einem Geb\u00e4ude im boomenden Z\u00fcrich West auf. Die Message: Solarpotential ungenutzt! solarmacher.ch \u2013 mehr als ein Spiel.~^Greenpeace\/Ex-Press\/B\u00f6sch~^https:\/\/www.greenpeace.ch\/static\/planet4-switzerland-stateless\/2019\/05\/778ce809-778ce809-stb20120911-190.jpg~^323635\"><br \/>\n                                <img decoding=\"async\" id=\"ctl00_cphContentArea_epiEntryContent_ctl00_ctl04_ctl00_repImages_ctl01_thumbImg\" title=\"Greenpeace-Aktivisten klettern f\u00fcr mehr Sonnenenergie\" src=\"https:\/\/www.greenpeace.ch\/static\/planet4-switzerland-stateless\/2019\/05\/778ce809-778ce809-stb20120911-190.jpg\" alt=\"Greenpeace-Aktivisten klettern f\u00fcr mehr Sonnenenergie\" style=\"border-width:0px;\"><br \/>\n                            <\/a>\n                        <\/li>\n<li>\n                            <a title=\"Greenpeace-Aktivisten klettern f\u00fcr mehr Sonnenenergie\" href=\"\/switzerland\/de\/News_Stories\/Multimedia\/Fotos\/Greenpeace-Aktivisten-klettern-fuer-mehr-Sonnenenergie\/Greenpeace-Aktivisten-klettern-fuer-mehr-Sonnenenergie2\/\" rel=\"Z\u00fcrich, 11. September 2012: Greenpeace-Aktivisten h\u00e4ngen drei grossformatige Banner an einem Geb\u00e4ude im boomenden Z\u00fcrich West auf. Die Message: Solarpotential ungenutzt! solarmacher.ch \u2013 mehr als ein Spiel.~^Greenpeace \/ Christian Schmutz~^https:\/\/www.greenpeace.ch\/static\/planet4-switzerland-stateless\/2019\/05\/e57015d4-e57015d4-spiegelbild_solarpotenzial.jpg~^323636\"><br \/>\n                                <img decoding=\"async\" id=\"ctl00_cphContentArea_epiEntryContent_ctl00_ctl04_ctl00_repImages_ctl02_thumbImg\" title=\"Greenpeace-Aktivisten klettern f\u00fcr mehr Sonnenenergie\" src=\"https:\/\/www.greenpeace.ch\/static\/planet4-switzerland-stateless\/2019\/05\/e57015d4-e57015d4-spiegelbild_solarpotenzial.jpg\" alt=\"Greenpeace-Aktivisten klettern f\u00fcr mehr Sonnenenergie\" style=\"border-width:0px;\"><br \/>\n                            <\/a>\n                        <\/li>\n<li>\n                            <a title=\"Greenpeace-Aktivisten klettern f\u00fcr mehr Sonnenenergie\" href=\"\/switzerland\/de\/News_Stories\/Multimedia\/Fotos\/Greenpeace-Aktivisten-klettern-fuer-mehr-Sonnenenergie\/Greenpeace-Aktivisten-klettern-fuer-mehr-Sonnenenergie3\/\" rel=\"Z\u00fcrich, 11. September 2012: Greenpeace-Aktivisten h\u00e4ngen drei grossformatige Banner an einem Geb\u00e4ude im boomenden Z\u00fcrich West auf. Die Message: Solarpotential ungenutzt! solarmacher.ch \u2013 mehr als ein Spiel. ~^Greenpeace \/ Christian Schmutz~^https:\/\/www.greenpeace.ch\/static\/planet4-switzerland-stateless\/2019\/05\/bd7ddf3b-bd7ddf3b-img_6656.jpg~^323637\"><br \/>\n                                <img decoding=\"async\" id=\"ctl00_cphContentArea_epiEntryContent_ctl00_ctl04_ctl00_repImages_ctl03_thumbImg\" title=\"Greenpeace-Aktivisten klettern f\u00fcr mehr Sonnenenergie\" src=\"https:\/\/www.greenpeace.ch\/static\/planet4-switzerland-stateless\/2019\/05\/bd7ddf3b-bd7ddf3b-img_6656.jpg\" alt=\"Greenpeace-Aktivisten klettern f\u00fcr mehr Sonnenenergie\" style=\"border-width:0px;\"><br \/>\n                            <\/a>\n                        <\/li>\n<li>\n                            <a title=\"Greenpeace-Aktivisten klettern f\u00fcr mehr Sonnenenergie\" href=\"\/switzerland\/de\/News_Stories\/Multimedia\/Fotos\/Greenpeace-Aktivisten-klettern-fuer-mehr-Sonnenenergie\/Greenpeace-Aktivisten-klettern-fuer-mehr-Sonnenenergie4\/\" rel=\"Z\u00fcrich, 11. September 2012: Greenpeace-Aktivisten h\u00e4ngen drei grossformatige Banner an einem Geb\u00e4ude im boomenden Z\u00fcrich West auf. Die Message: Solarpotential ungenutzt! solarmacher.ch \u2013 mehr als ein Spiel.~^Greenpeace\/Ex-Press\/B\u00f6sch~^https:\/\/www.greenpeace.ch\/static\/planet4-switzerland-stateless\/2019\/05\/735a70ea-735a70ea-stb20120911-260.jpg~^323638\"><br \/>\n                                <img decoding=\"async\" id=\"ctl00_cphContentArea_epiEntryContent_ctl00_ctl04_ctl00_repImages_ctl04_thumbImg\" title=\"Greenpeace-Aktivisten klettern f\u00fcr mehr Sonnenenergie\" src=\"https:\/\/www.greenpeace.ch\/static\/planet4-switzerland-stateless\/2019\/05\/735a70ea-735a70ea-stb20120911-260.jpg\" alt=\"Greenpeace-Aktivisten klettern f\u00fcr mehr Sonnenenergie\" style=\"border-width:0px;\"><br \/>\n                            <\/a>\n                        <\/li>\n<li>\n                            <a title=\"Greenpeace-Aktivisten klettern f\u00fcr mehr Sonnenenergie\" href=\"\/switzerland\/de\/News_Stories\/Multimedia\/Fotos\/Greenpeace-Aktivisten-klettern-fuer-mehr-Sonnenenergie\/Greenpeace-Aktivisten-klettern-fuer-mehr-Sonnenenergie5\/\" rel=\"Z\u00fcrich, 11. September 2012: Greenpeace-Aktivisten h\u00e4ngen drei grossformatige Banner an einem Geb\u00e4ude im boomenden Z\u00fcrich West auf. Die Message: Solarpotential ungenutzt! solarmacher.ch \u2013 mehr als ein Spiel. ~^Greenpeace \/ Christian Schmutz~^https:\/\/www.greenpeace.ch\/static\/planet4-switzerland-stateless\/2019\/05\/8ce43145-8ce43145-img_6621.jpg~^323639\"><br \/>\n                                <img decoding=\"async\" id=\"ctl00_cphContentArea_epiEntryContent_ctl00_ctl04_ctl00_repImages_ctl05_thumbImg\" title=\"Greenpeace-Aktivisten klettern f\u00fcr mehr Sonnenenergie\" src=\"https:\/\/www.greenpeace.ch\/static\/planet4-switzerland-stateless\/2019\/05\/8ce43145-8ce43145-img_6621.jpg\" alt=\"Greenpeace-Aktivisten klettern f\u00fcr mehr Sonnenenergie\" style=\"border-width:0px;\"><br \/>\n                            <\/a>\n                        <\/li>\n<li>\n                            <a title=\"Greenpeace-Aktivisten klettern f\u00fcr mehr Sonnenenergie\" href=\"\/switzerland\/de\/News_Stories\/Multimedia\/Fotos\/Greenpeace-Aktivisten-klettern-fuer-mehr-Sonnenenergie\/Greenpeace-Aktivisten-klettern-fuer-mehr-Sonnenenergie6\/\" rel=\"Z\u00fcrich, 11. September 2012: Greenpeace-Aktivisten h\u00e4ngen drei grossformatige Banner an einem Geb\u00e4ude im boomenden Z\u00fcrich West auf. Die Message: Solarpotential ungenutzt! solarmacher.ch \u2013 mehr als ein Spiel. ~^Greenpeace \/ Christian Schmutz~^https:\/\/www.greenpeace.ch\/static\/planet4-switzerland-stateless\/2019\/05\/90d6d0a3-90d6d0a3-img_6719.jpg~^323640\"><br \/>\n                                <img decoding=\"async\" id=\"ctl00_cphContentArea_epiEntryContent_ctl00_ctl04_ctl00_repImages_ctl06_thumbImg\" title=\"Greenpeace-Aktivisten klettern f\u00fcr mehr Sonnenenergie\" src=\"https:\/\/www.greenpeace.ch\/static\/planet4-switzerland-stateless\/2019\/05\/90d6d0a3-90d6d0a3-img_6719.jpg\" alt=\"Greenpeace-Aktivisten klettern f\u00fcr mehr Sonnenenergie\" style=\"border-width:0px;\"><br \/>\n                            <\/a>\n                        <\/li>\n<li>\n                            <a title=\"Greenpeace-Aktivisten klettern f\u00fcr mehr Sonnenenergie\" href=\"\/switzerland\/de\/News_Stories\/Multimedia\/Fotos\/Greenpeace-Aktivisten-klettern-fuer-mehr-Sonnenenergie\/Greenpeace-Aktivisten-klettern-fuer-mehr-Sonnenenergie7\/\" rel=\"Z\u00fcrich, 11. September 2012: Greenpeace-Aktivisten h\u00e4ngen drei grossformatige Banner an einem Geb\u00e4ude im boomenden Z\u00fcrich West auf. Die Message: Solarpotential ungenutzt! solarmacher.ch \u2013 mehr als ein Spiel.~^Greenpeace\/Ex-Press\/B\u00f6sch~^https:\/\/www.greenpeace.ch\/static\/planet4-switzerland-stateless\/2019\/05\/897b833d-897b833d-stb20120911-266.jpg~^323641\"><br \/>\n                                <img decoding=\"async\" id=\"ctl00_cphContentArea_epiEntryContent_ctl00_ctl04_ctl00_repImages_ctl07_thumbImg\" title=\"Greenpeace-Aktivisten klettern f\u00fcr mehr Sonnenenergie\" src=\"https:\/\/www.greenpeace.ch\/static\/planet4-switzerland-stateless\/2019\/05\/897b833d-897b833d-stb20120911-266.jpg\" alt=\"Greenpeace-Aktivisten klettern f\u00fcr mehr Sonnenenergie\" style=\"border-width:0px;\"><br \/>\n                            <\/a>\n                        <\/li>\n<li>\n                            <a title=\"Greenpeace-Aktivisten klettern f\u00fcr mehr Sonnenenergie\" href=\"\/switzerland\/de\/News_Stories\/Multimedia\/Fotos\/Greenpeace-Aktivisten-klettern-fuer-mehr-Sonnenenergie\/Greenpeace-Aktivisten-klettern-fuer-mehr-Sonnenenergie8\/\" rel=\"Z\u00fcrich, 11. September 2012: Greenpeace-Aktivisten h\u00e4ngen drei grossformatige Banner an einem Geb\u00e4ude im boomenden Z\u00fcrich West auf. Die Message: Solarpotential ungenutzt! solarmacher.ch \u2013 mehr als ein Spiel.~^ Greenpeace\/Ex-Press\/B\u00f6sch~^https:\/\/www.greenpeace.ch\/static\/planet4-switzerland-stateless\/2019\/05\/036d6778-036d6778-stb20120911-327.jpg~^323642\"><br \/>\n                                <img decoding=\"async\" id=\"ctl00_cphContentArea_epiEntryContent_ctl00_ctl04_ctl00_repImages_ctl08_thumbImg\" title=\"Greenpeace-Aktivisten klettern f\u00fcr mehr Sonnenenergie\" src=\"https:\/\/www.greenpeace.ch\/static\/planet4-switzerland-stateless\/2019\/05\/036d6778-036d6778-stb20120911-327.jpg\" alt=\"Greenpeace-Aktivisten klettern f\u00fcr mehr Sonnenenergie\" style=\"border-width:0px;\"><br \/>\n                            <\/a>\n                        <\/li>\n<li>\n                            <a title=\"Greenpeace-Aktivisten klettern f\u00fcr mehr Sonnenenergie\" href=\"\/switzerland\/de\/News_Stories\/Multimedia\/Fotos\/Greenpeace-Aktivisten-klettern-fuer-mehr-Sonnenenergie\/Greenpeace-Aktivisten-klettern-fuer-mehr-Sonnenenergie9\/\" rel=\"Z\u00fcrich, 11. September 2012: Greenpeace-Aktivisten h\u00e4ngen drei grossformatige Banner an einem Geb\u00e4ude im boomenden Z\u00fcrich West auf. Die Message: Solarpotential ungenutzt! solarmacher.ch \u2013 mehr als ein Spiel.~^Greenpeace\/Ex-Press\/B\u00f6sch~^https:\/\/www.greenpeace.ch\/static\/planet4-switzerland-stateless\/2019\/05\/b7858976-b7858976-stb20120911-357.jpg~^323643\"><br \/>\n                                <img decoding=\"async\" id=\"ctl00_cphContentArea_epiEntryContent_ctl00_ctl04_ctl00_repImages_ctl09_thumbImg\" title=\"Greenpeace-Aktivisten klettern f\u00fcr mehr Sonnenenergie\" src=\"https:\/\/www.greenpeace.ch\/static\/planet4-switzerland-stateless\/2019\/05\/b7858976-b7858976-stb20120911-357.jpg\" alt=\"Greenpeace-Aktivisten klettern f\u00fcr mehr Sonnenenergie\" style=\"border-width:0px;\"><br \/>\n                            <\/a>\n                        <\/li>\n<li>\n                            <a title=\"Greenpeace-Aktivisten klettern f\u00fcr mehr Sonnenenergie\" href=\"\/switzerland\/de\/News_Stories\/Multimedia\/Fotos\/Greenpeace-Aktivisten-klettern-fuer-mehr-Sonnenenergie\/Greenpeace-Aktivisten-klettern-fuer-mehr-Sonnenenergie10\/\" rel=\"Z\u00fcrich, 11. September 2012: Greenpeace-Aktivisten h\u00e4ngen drei grossformatige Banner an einem Geb\u00e4ude im boomenden Z\u00fcrich West auf. Die Message: Solarpotential ungenutzt! solarmacher.ch \u2013 mehr als ein Spiel.~^Greenpeace\/Ex-Press\/B\u00f6sch~^https:\/\/www.greenpeace.ch\/static\/planet4-switzerland-stateless\/2019\/05\/46bd5765-46bd5765-stb20120911-69.jpg~^323644\"><br \/>\n                                <img decoding=\"async\" id=\"ctl00_cphContentArea_epiEntryContent_ctl00_ctl04_ctl00_repImages_ctl10_thumbImg\" title=\"Greenpeace-Aktivisten klettern f\u00fcr mehr Sonnenenergie\" src=\"https:\/\/www.greenpeace.ch\/static\/planet4-switzerland-stateless\/2019\/05\/46bd5765-46bd5765-stb20120911-69.jpg\" alt=\"Greenpeace-Aktivisten klettern f\u00fcr mehr Sonnenenergie\" style=\"border-width:0px;\"><br \/>\n                            <\/a>\n                        <\/li>\n<li>\n                            <a title=\"Greenpeace-Aktivisten klettern f\u00fcr mehr Sonnenenergie\" href=\"\/switzerland\/de\/News_Stories\/Multimedia\/Fotos\/Greenpeace-Aktivisten-klettern-fuer-mehr-Sonnenenergie\/Greenpeace-Aktivisten-klettern-fuer-mehr-Sonnenenergie11\/\" rel=\"Z\u00fcrich, 11. September 2012: Greenpeace-Aktivisten h\u00e4ngen drei grossformatige Banner an einem Geb\u00e4ude im boomenden Z\u00fcrich West auf. Die Message: Solarpotential ungenutzt! solarmacher.ch \u2013 mehr als ein Spiel.~^Greenpeace\/Ex-Press\/B\u00f6sch~^https:\/\/www.greenpeace.ch\/static\/planet4-switzerland-stateless\/2019\/05\/fdc079b9-fdc079b9-stb20120911-370.jpg~^323645\"><br \/>\n                                <img decoding=\"async\" id=\"ctl00_cphContentArea_epiEntryContent_ctl00_ctl04_ctl00_repImages_ctl11_thumbImg\" title=\"Greenpeace-Aktivisten klettern f\u00fcr mehr Sonnenenergie\" src=\"https:\/\/www.greenpeace.ch\/static\/planet4-switzerland-stateless\/2019\/05\/fdc079b9-fdc079b9-stb20120911-370.jpg\" alt=\"Greenpeace-Aktivisten klettern f\u00fcr mehr Sonnenenergie\" style=\"border-width:0px;\"><br \/>\n                            <\/a>\n                        <\/li>\n<li>\n                            <a title=\"GREENPEACE-AKTIVISTEN FORDERN MEHR SONNENENERGIE\" href=\"\/switzerland\/de\/News_Stories\/Multimedia\/Fotos\/Greenpeace-Aktivisten-klettern-fuer-mehr-Sonnenenergie\/GREENPEACE-AKTIVISTEN-FORDERN-MEHR-SONNENENERGIE\/\" rel=\"Freiburg, 11. September 2012: Plus de solaire sur nos toits ! So die Message des Banners welches vor dem Geb\u00e4ude 'Equilibre' in Freiburg ausgebreitet wird. Greenpeace macht mit der Aktion auf die gewaltigen Fl\u00e4chen ungenutzten Solar-Potenzials aufmerksam.~^Greenpeace\/Ex-Press\/Bertschinger, all rights reserved~^https:\/\/www.greenpeace.ch\/static\/planet4-switzerland-stateless\/2019\/05\/87014747-87014747-flb20120911_001.jpg~^323646\"><br \/>\n                                <img decoding=\"async\" id=\"ctl00_cphContentArea_epiEntryContent_ctl00_ctl04_ctl00_repImages_ctl12_thumbImg\" title=\"GREENPEACE-AKTIVISTEN FORDERN MEHR SONNENENERGIE\" src=\"https:\/\/www.greenpeace.ch\/static\/planet4-switzerland-stateless\/2019\/05\/87014747-87014747-flb20120911_001.jpg\" alt=\"GREENPEACE-AKTIVISTEN FORDERN MEHR SONNENENERGIE\" style=\"border-width:0px;\"><br \/>\n                            <\/a>\n                        <\/li>\n<li>\n                            <a title=\"GREENPEACE-AKTIVISTEN FORDERN MEHR SONNENENERGIE\" href=\"\/switzerland\/de\/News_Stories\/Multimedia\/Fotos\/Greenpeace-Aktivisten-klettern-fuer-mehr-Sonnenenergie\/GREENPEACE-AKTIVISTEN-FORDERN-MEHR-SONNENENERGIE1\/\" rel=\"Freiburg, 11. September 2012: Plus de solaire sur nos toits ! So die Message des Banners welches vor dem Geb\u00e4ude 'Equilibre' in Freiburg ausgebreitet wird. Greenpeace macht mit der Aktion auf die gewaltigen Fl\u00e4chen ungenutzten Solar-Potenzials aufmerksam.~^Greenpeace\/Ex-Press\/Bertschinger, all rights reserved~^https:\/\/www.greenpeace.ch\/static\/planet4-switzerland-stateless\/2019\/05\/392d7f6b-392d7f6b-flb20120911_003.jpg~^323647\"><br \/>\n                                <img decoding=\"async\" id=\"ctl00_cphContentArea_epiEntryContent_ctl00_ctl04_ctl00_repImages_ctl13_thumbImg\" title=\"GREENPEACE-AKTIVISTEN FORDERN MEHR SONNENENERGIE\" src=\"https:\/\/www.greenpeace.ch\/static\/planet4-switzerland-stateless\/2019\/05\/392d7f6b-392d7f6b-flb20120911_003.jpg\" alt=\"GREENPEACE-AKTIVISTEN FORDERN MEHR SONNENENERGIE\" style=\"border-width:0px;\"><br \/>\n                            <\/a>\n                        <\/li>\n<li>\n                            <a title=\"GREENPEACE-AKTIVISTEN FORDERN MEHR SONNENENERGIE\" href=\"\/switzerland\/de\/News_Stories\/Multimedia\/Fotos\/Greenpeace-Aktivisten-klettern-fuer-mehr-Sonnenenergie\/GREENPEACE-AKTIVISTEN-FORDERN-MEHR-SONNENENERGIE2\/\" rel=\"Freiburg, 11. September 2012: Plus de solaire sur nos toits ! So die Message des Banners welches vor dem Geb\u00e4ude 'Equilibre' in Freiburg ausgebreitet wird. Greenpeace macht mit der Aktion auf die gewaltigen Fl\u00e4chen ungenutzten Solar-Potenzials aufmerksam.~^Greenpeace\/Ex-Press\/Bertschinger, all rights reserved~^https:\/\/www.greenpeace.ch\/static\/planet4-switzerland-stateless\/2019\/05\/520724d8-520724d8-flb20120911_002.jpg~^323648\"><br \/>\n                                <img decoding=\"async\" id=\"ctl00_cphContentArea_epiEntryContent_ctl00_ctl04_ctl00_repImages_ctl14_thumbImg\" title=\"GREENPEACE-AKTIVISTEN FORDERN MEHR SONNENENERGIE\" src=\"https:\/\/www.greenpeace.ch\/static\/planet4-switzerland-stateless\/2019\/05\/520724d8-520724d8-flb20120911_002.jpg\" alt=\"GREENPEACE-AKTIVISTEN FORDERN MEHR SONNENENERGIE\" style=\"border-width:0px;\"><br \/>\n                            <\/a>\n                        <\/li>\n<li>\n                            <a title=\"GREENPEACE-AKTIVISTEN FORDERN MEHR SONNENENERGIE\" href=\"\/switzerland\/de\/News_Stories\/Multimedia\/Fotos\/Greenpeace-Aktivisten-klettern-fuer-mehr-Sonnenenergie\/GREENPEACE-AKTIVISTEN-FORDERN-MEHR-SONNENENERGIE3\/\" rel=\"Freiburg, 11. September 2012: Plus de solaire sur nos toits ! So die Message des Banners welches vor dem Geb\u00e4ude 'Equilibre' in Freiburg ausgebreitet wird. Greenpeace macht mit der Aktion auf die gewaltigen Fl\u00e4chen ungenutzten Solar-Potenzials aufmerksam.~^Greenpeace\/Ex-Press\/Bertschinger, all rights reserved~^https:\/\/www.greenpeace.ch\/static\/planet4-switzerland-stateless\/2019\/05\/95286c31-95286c31-flb20120911_016.jpg~^323649\"><br \/>\n                                <img decoding=\"async\" id=\"ctl00_cphContentArea_epiEntryContent_ctl00_ctl04_ctl00_repImages_ctl15_thumbImg\" title=\"GREENPEACE-AKTIVISTEN FORDERN MEHR SONNENENERGIE\" src=\"https:\/\/www.greenpeace.ch\/static\/planet4-switzerland-stateless\/2019\/05\/95286c31-95286c31-flb20120911_016.jpg\" alt=\"GREENPEACE-AKTIVISTEN FORDERN MEHR SONNENENERGIE\" style=\"border-width:0px;\"><br \/>\n                            <\/a>\n                        <\/li>\n<li>\n                            <a title=\"GREENPEACE-AKTIVISTEN FORDERN MEHR SONNENENERGIE\" href=\"\/switzerland\/de\/News_Stories\/Multimedia\/Fotos\/Greenpeace-Aktivisten-klettern-fuer-mehr-Sonnenenergie\/GREENPEACE-AKTIVISTEN-FORDERN-MEHR-SONNENENERGIE4\/\" rel=\"Freiburg, 11. September 2012: Plus de solaire sur nos toits ! So die Message des Banners welches vor dem Geb\u00e4ude 'Equilibre' in Freiburg ausgebreitet wird. Greenpeace macht mit der Aktion auf die gewaltigen Fl\u00e4chen ungenutzten Solar-Potenzials aufmerksam.~^Greenpeace\/Ex-Press\/Bertschinger, all rights reserved~^https:\/\/www.greenpeace.ch\/static\/planet4-switzerland-stateless\/2019\/05\/b5cbf99d-b5cbf99d-flb20120911_011.jpg~^323650\"><br \/>\n                                <img decoding=\"async\" id=\"ctl00_cphContentArea_epiEntryContent_ctl00_ctl04_ctl00_repImages_ctl16_thumbImg\" title=\"GREENPEACE-AKTIVISTEN FORDERN MEHR SONNENENERGIE\" src=\"https:\/\/www.greenpeace.ch\/static\/planet4-switzerland-stateless\/2019\/05\/b5cbf99d-b5cbf99d-flb20120911_011.jpg\" alt=\"GREENPEACE-AKTIVISTEN FORDERN MEHR SONNENENERGIE\" style=\"border-width:0px;\"><br \/>\n                            <\/a>\n                        <\/li>\n<li>\n                            <a title=\"GREENPEACE-AKTIVISTEN FORDERN MEHR SONNENENERGIE\" href=\"\/switzerland\/de\/News_Stories\/Multimedia\/Fotos\/Greenpeace-Aktivisten-klettern-fuer-mehr-Sonnenenergie\/GREENPEACE-AKTIVISTEN-FORDERN-MEHR-SONNENENERGIE5\/\" rel=\"Freiburg, 11. September 2012: Plus de solaire sur nos toits ! So die Message des Banners welches vor dem Geb\u00e4ude 'Equilibre' in Freiburg ausgebreitet wird. Greenpeace macht mit der Aktion auf die gewaltigen Fl\u00e4chen ungenutzten Solar-Potenzials aufmerksam.~^Greenpeace\/Ex-Press\/Bertschinger, all rights reserved~^https:\/\/www.greenpeace.ch\/static\/planet4-switzerland-stateless\/2019\/05\/2f16edc0-2f16edc0-flb20120911_009.jpg~^323651\"><br \/>\n                                <img decoding=\"async\" id=\"ctl00_cphContentArea_epiEntryContent_ctl00_ctl04_ctl00_repImages_ctl17_thumbImg\" title=\"GREENPEACE-AKTIVISTEN FORDERN MEHR SONNENENERGIE\" src=\"https:\/\/www.greenpeace.ch\/static\/planet4-switzerland-stateless\/2019\/05\/2f16edc0-2f16edc0-flb20120911_009.jpg\" alt=\"GREENPEACE-AKTIVISTEN FORDERN MEHR SONNENENERGIE\" style=\"border-width:0px;\"><br \/>\n                            <\/a>\n                        <\/li>\n<\/ul>\n<\/div>\n<\/div>\n<\/div>\n<div class=\"text\">\n<p class=\"description\">Z\u00fcrich und Freiburg 11. September 2012: Auf den D\u00e4chern der Schweiz schlummert ein riesiges Strom-Potenzial. Bis dato ungenutzt! Heute Morgen machen Greenpeace-Aktivisten auf diesen Missstand aufmerksam und sind auf ein Geb\u00e4ude im boomenden Z\u00fcrich West geklettert. Der Bund und das Parlament m\u00fcssen im laufenden Energiestrategie-Prozess dem Ausbau der Sonnenenergie Priorit\u00e4t einr\u00e4umen. Das ist auch die Botschaft der Mitmach-Kampagne, die Greenpeace heute in Form eines Spiels mit politischem Ziel auf solarmacher.ch startet.<\/p>\n<p class=\"copyright\">\u00a9 Greenpeace<\/p>\n<\/div>\n<\/div>\n<p>\u00a0<\/p>\n<p><strong>Weitere Infos &amp; Downloads<\/strong><\/p>\n<p><strong>&gt;\u00a0<\/strong><a href=\"https:\/\/www.greenpeace.ch\/wp-content\/uploads\/2017\/01\/swa_solar-factsheet_def1_DE.pdf\">Faktenblatt zur Sonnenenergie<\/a><\/p>\n<p>&gt; <a href=\"\/switzerland\/de\/Uber-uns\/Medienstelle\/Medienmitteilungen\/Greenpeace-Aktivisten-klettern-fuer-mehr-Sonnenergie--\/\">Medienmitteilung<\/a><\/p>\n<p><a title=\"Jetzt SolarmacherIn werden!\" href=\"http:\/\/www.solarmacher.ch\/\" target=\"_blank\" rel=\"noopener noreferrer\"><img loading=\"lazy\" decoding=\"async\" style=\"display: block; margin-left: auto; margin-right: auto;\" title=\"Jetzt SolarmacherIn werden!\" src=\"https:\/\/www.greenpeace.ch\/static\/planet4-switzerland-stateless\/2019\/05\/c91e199d-c91e199d-jetzt-handeln-button.jpg\" alt=\"Jetzt SolarmacherIn werden!\" width=\"433\" height=\"71\"><\/a><\/p>\n<\/div>\n<\/div>\n","protected":false},"excerpt":{"rendered":"<p>Heute morgen kletterten Greenpeace-AktivistInnen auf ein Geb\u00e4ude im boomenden Z\u00fcrich West, um auf die gewaltigen Fl\u00e4chen ungenutzten Solar-Potenzials aufmerksam zu machen. \u201ePhotovoltaik geh\u00f6rt auf der politischen Agenda ganz nach oben\u201c&hellip;<\/p>\n","protected":false},"author":23,"featured_media":13485,"comment_status":"closed","ping_status":"open","sticky":false,"template":"","format":"standard","meta":{"_acf_changed":false,"_planet4_optimize_post_is_variant":false,"_planet4_optimize_experiment_name":"","_planet4_optimize_variant_name":"","ep_exclude_from_search":false,"p4_og_title":"","p4_og_description":"","p4_og_image":"","p4_og_image_id":"","p4_seo_canonical_url":"","p4_campaign_name":"","p4_local_project":"","p4_basket_name":"","p4_department":"","footnotes":""},"categories":[1],"tags":[50],"p4-page-type":[75],"gpch-article-type":[],"class_list":["post-13483","post","type-post","status-publish","format-standard","has-post-thumbnail","hentry","category-unkategorisiert","tag-klima","p4-page-type-story"],"acf":[],"_links":{"self":[{"href":"https:\/\/www.greenpeace.ch\/de\/wp-json\/wp\/v2\/posts\/13483","targetHints":{"allow":["GET"]}}],"collection":[{"href":"https:\/\/www.greenpeace.ch\/de\/wp-json\/wp\/v2\/posts"}],"about":[{"href":"https:\/\/www.greenpeace.ch\/de\/wp-json\/wp\/v2\/types\/post"}],"author":[{"embeddable":true,"href":"https:\/\/www.greenpeace.ch\/de\/wp-json\/wp\/v2\/users\/23"}],"replies":[{"embeddable":true,"href":"https:\/\/www.greenpeace.ch\/de\/wp-json\/wp\/v2\/comments?post=13483"}],"version-history":[{"count":0,"href":"https:\/\/www.greenpeace.ch\/de\/wp-json\/wp\/v2\/posts\/13483\/revisions"}],"wp:featuredmedia":[{"embeddable":true,"href":"https:\/\/www.greenpeace.ch\/de\/wp-json\/wp\/v2\/media\/13485"}],"wp:attachment":[{"href":"https:\/\/www.greenpeace.ch\/de\/wp-json\/wp\/v2\/media?parent=13483"}],"wp:term":[{"taxonomy":"category","embeddable":true,"href":"https:\/\/www.greenpeace.ch\/de\/wp-json\/wp\/v2\/categories?post=13483"},{"taxonomy":"post_tag","embeddable":true,"href":"https:\/\/www.greenpeace.ch\/de\/wp-json\/wp\/v2\/tags?post=13483"},{"taxonomy":"p4-page-type","embeddable":true,"href":"https:\/\/www.greenpeace.ch\/de\/wp-json\/wp\/v2\/p4-page-type?post=13483"},{"taxonomy":"gpch-article-type","embeddable":true,"href":"https:\/\/www.greenpeace.ch\/de\/wp-json\/wp\/v2\/gpch-article-type?post=13483"}],"curies":[{"name":"wp","href":"https:\/\/api.w.org\/{rel}","templated":true}]}}