{"id":13511,"date":"2012-08-28T00:00:00","date_gmt":"2012-08-27T22:00:00","guid":{"rendered":"https:\/\/master.greenpeace.ch\/beitrag\/13511\/rekordschmelze-in-der-arktis-greenpeace-aktion-beendet\/"},"modified":"2019-05-30T12:06:22","modified_gmt":"2019-05-30T10:06:22","slug":"rekordschmelze-in-der-arktis-greenpeace-aktion-beendet","status":"publish","type":"post","link":"https:\/\/www.greenpeace.ch\/de\/story\/13511\/rekordschmelze-in-der-arktis-greenpeace-aktion-beendet\/","title":{"rendered":"Rekordschmelze in der Arktis \/ Greenpeace-Aktion beendet"},"content":{"rendered":"<p><b><\/b><\/p>\n<div class=\"post-content\">\n<div>\n<div class=\"events-box middle-box left\">\n<div class=\"frame\">\n        <a class=\"open-img EnlargeImage\" href=\"https:\/\/www.greenpeace.ch\/static\/planet4-switzerland-stateless\/2019\/05\/f6460959-f6460959-120828_eis.jpg\" title=\"\"><br \/>\n            <img decoding=\"async\" id=\"ctl00_cphContentArea_epiEntryContent_ctl00_ctl02_Image1\" class=\"Thumbnail\" src=\"https:\/\/www.greenpeace.ch\/static\/planet4-switzerland-stateless\/2019\/05\/f6460959-f6460959-120828_eis.jpg\" alt=\"\" style=\"border-width:0px;\"><\/p>\n<p>        <\/a>\n    <\/div>\n<div class=\"events-content\">\n        <span class=\"date\">Dienstag, 28. August 2012<\/span><br \/>\n        <strong><\/strong><\/p>\n<p>\n            Das Eis in der Arktis wird immer d\u00fcnner und weniger.<br \/>\n\u00a9 Jiri Rezac \/ Greenpeace\n        <\/p>\n<\/p>\n<\/div>\n<\/div>\n<p> Das Eis im Nordpolarmeer ist in diesem Jahr st\u00e4rker geschmolzen als je zuvor seit Beginn der Satellitenaufzeichnungen. Der bisherige Rekord vom Sommer 2007 wurde gebrochen als die Ausdehnung des arktischen Meereises am Sonntag <a href=\"http:\/\/nsidc.org\/arcticseaicenews\/\">erstmals auf unter 4,17 Mio. km<sup>2<\/sup> geschrumpft <\/a>ist. Und dabei dauert die Schmelzsaison noch einige Wochen an. Diese radikale Abnahme des arktischen Meereises ist ein klarer Indikator, dass sich die Eisbedeckung im Nordpolarmeer in einem starken Wandel befindet.<\/p>\n<p>\u00a0<\/p>\n<p>Meereis spielt eine wichtige Rolle f\u00fcr die Stabilit\u00e4t unseres globalen Klimasystems. Der Verlust des Meereises treibt den Klimawandel weiter an. In einfachen Worten funktioniert der so genannte Eis-Albedo-R\u00fcckkopplung so: Das helle Meereis reflektiert die Sonneneinstrahlung besser als dunkelblaues Wasser. Durch die Abnahme des Meereises wird daher weniger Sonnenenergie zur\u00fcck ins Weltall reflektiert. Das dunkle Wasser nimmt folglich mehr W\u00e4rme auf, was das weitere Schmelzen des Eises vorantreibt. Wissenschaftler sagen gar voraus, dass die Arktis bereits in wenigen Jahren im Sommer komplett eisfrei sein wird. Falls dieses Szenario eintritt, wird dies gravierende Ver\u00e4nderungen in der atmosph\u00e4rische und ozeanische Zirkulation verursachen.<\/p>\n<\/p>\n<div class=\"events-box middle-box right\">\n<div class=\"frame\">\n        <a class=\"open-img EnlargeImage\" href=\"https:\/\/www.greenpeace.ch\/static\/planet4-switzerland-stateless\/2019\/05\/d7ec601b-d7ec601b-klima_arktis_eisminimum.png\" title=\"\"><br \/>\n            <img decoding=\"async\" id=\"ctl00_cphContentArea_epiEntryContent_ctl00_ctl04_Image1\" class=\"Thumbnail\" src=\"https:\/\/www.greenpeace.ch\/static\/planet4-switzerland-stateless\/2019\/05\/d7ec601b-d7ec601b-klima_arktis_eisminimum.png\" alt=\"\" style=\"border-width:0px;\"><\/p>\n<p>        <\/a>\n    <\/div>\n<div class=\"events-content\">\n        <span class=\"date\">Donnerstag, 30. August 2012<\/span><br \/>\n        <strong><\/strong><\/p>\n<p>\n            Aktuelle Grafik: die arktische Eisdecke hat ein Rekordminimum erreicht. Quelle: www.nsidc.org\n        <\/p>\n<\/p>\n<\/div>\n<\/div>\n<p>Der aktuelle Rekord der arktischen Eischmelze ist ein deutliches Warnzeichen! Leider versuchen nun genau die f\u00fcr diese Katastrophe verantwortlichen Konzerne, Gewinn aus der hochsensiblen Arktis zu sch\u00f6pfen. Das Abschmelzen des Eises macht bisher unerreichbare \u00d6l- und Gasvorkommen zug\u00e4nglich. \u00d6lmultis wie Shell und Gazprom wollen bereits diesen Sommer mit Testbohrungen in der Arktis beginnen. Sie heizen dadurch das Klima weiter an und setzen ein einzigartiges \u00d6kosystem und dessen Tierwelt aufs Spiel.<\/p>\n<p><strong>Greenpeace-Aktion in russischer Petschorasee beendet<\/strong><\/p>\n<p>Mit den Worten \u00abMinimum Ice, Maximum Risk\u00bb haben Greenpeace-Aktivistinnen und Aktivisten, darunter Greenpeace-Chef Kumi Naidoo, <a href=\"http:\/\/www.greenpeace.org\/austria\/de\/multimedia\/Fotos\/Klima\/Neue-Aktion-gegen-Gazprom-in-der-Arktis\/\">die Blockade des Gazprom-Versorgungsschiffes Anna Akhmatova<\/a> beendet. F\u00fcnf Tage hatte Greenpeace in der Petschorasee auf die hochriskanten Arktis-\u00d6lbohrpl\u00e4ne von Gazprom aufmerksam gemacht. <a href=\"http:\/\/www.greenpeace.org\/switzerland\/de\/News_Stories\/Newsblog\/greenpeace-aktivisten-stoppen-gazprom-versorg\/blog\/41893\/\">Bei einer letzten Aktion am Dienstagmorgen<\/a> konnten sie vor\u00fcbergehend erneut ein Schlauchboot an den Festmacheleinen  zwischen der \u00d6l-Plattform Prirazlomnaya <em>\u00a0<\/em>und dem Versorgungsschiff Anna Akhmatova<em>\u00a0<\/em> befestigen. <a href=\"http:\/\/www.greenpeace.org\/switzerland\/de\/News_Stories\/Newsblog\/aktion-gegen-gazprom-oelbohrungen-in-der-arkt\/blog\/41876\/\">Eine erste Protestaktion <\/a>mussten Kumi Naidoo und f\u00fcnf Aktivisten auf der Gazprom-Plattform Prirazlomnaya am Freitag nach 15 Stunden abbrechen,\u00a0 da ihre Sicherheit nach heftigem Beschuss aus Wasserkanonen  durch Gazprom-Arbeiter nicht mehr gew\u00e4hrleistet werden konnte.<\/p>\n<p>\u00abDie Menschen sollen wissen, was sich hier in der russischen Arktis  abspielt. Die Gazprom-Plattform gef\u00e4hrdet nicht nur das sensible  \u00d6kosystem, sie ist auch ein Symbol f\u00fcr die fortschreitende  Industrialisierung der Arktis\u00bb, sagt Greenpeace-Chef Kumi Naidoo vor Ort. \u00abHier zu sein, w\u00e4hrend die Eisschmelze einen neuen Rekord erreicht hat, ist absolut verwirrend\u00bb, sagt er weiter. \u00abDie Arroganz der \u00d6lkonzerne ersch\u00fcttert mich.\u00bb<\/p>\n<p>F\u00fcr einen dauerhaften Schutz der Arktis vor \u00d6l- und Gasbohrungen und  industrieller Fischerei fordert Greenpeace die Errichtung eines  Internationalen Schutzgebietes. Unterst\u00fctzen Sie unsere Forderung. <a href=\"http:\/\/www.savethearctic.org\/\">Werden Sie jetzt Arktissch\u00fctzer!<\/a><\/p>\n<p><iframe loading=\"lazy\" width=\"640\" height=\"360\" src=\"https:\/\/www.youtube.com\/embed\/VdpJniubBNI?feature=player_embedded\" frameborder=\"0\" allowfullscreen=\"\"><\/iframe>\u00a0<\/p>\n<\/div>\n<\/div>\n","protected":false},"excerpt":{"rendered":"<p>Dienstag, 28. August 2012 Das Eis in der Arktis wird immer d\u00fcnner und weniger. \u00a9 Jiri Rezac \/ Greenpeace Das Eis im Nordpolarmeer ist in diesem Jahr st\u00e4rker geschmolzen als&hellip;<\/p>\n","protected":false},"author":23,"featured_media":13513,"comment_status":"closed","ping_status":"open","sticky":false,"template":"","format":"standard","meta":{"_acf_changed":false,"_planet4_optimize_post_is_variant":false,"_planet4_optimize_experiment_name":"","_planet4_optimize_variant_name":"","ep_exclude_from_search":false,"p4_og_title":"","p4_og_description":"","p4_og_image":"","p4_og_image_id":"","p4_seo_canonical_url":"","p4_campaign_name":"","p4_local_project":"","p4_basket_name":"","p4_department":"","footnotes":""},"categories":[1],"tags":[41],"p4-page-type":[75],"gpch-article-type":[],"class_list":["post-13511","post","type-post","status-publish","format-standard","has-post-thumbnail","hentry","category-unkategorisiert","tag-meer","p4-page-type-story"],"acf":[],"_links":{"self":[{"href":"https:\/\/www.greenpeace.ch\/de\/wp-json\/wp\/v2\/posts\/13511","targetHints":{"allow":["GET"]}}],"collection":[{"href":"https:\/\/www.greenpeace.ch\/de\/wp-json\/wp\/v2\/posts"}],"about":[{"href":"https:\/\/www.greenpeace.ch\/de\/wp-json\/wp\/v2\/types\/post"}],"author":[{"embeddable":true,"href":"https:\/\/www.greenpeace.ch\/de\/wp-json\/wp\/v2\/users\/23"}],"replies":[{"embeddable":true,"href":"https:\/\/www.greenpeace.ch\/de\/wp-json\/wp\/v2\/comments?post=13511"}],"version-history":[{"count":0,"href":"https:\/\/www.greenpeace.ch\/de\/wp-json\/wp\/v2\/posts\/13511\/revisions"}],"wp:featuredmedia":[{"embeddable":true,"href":"https:\/\/www.greenpeace.ch\/de\/wp-json\/wp\/v2\/media\/13513"}],"wp:attachment":[{"href":"https:\/\/www.greenpeace.ch\/de\/wp-json\/wp\/v2\/media?parent=13511"}],"wp:term":[{"taxonomy":"category","embeddable":true,"href":"https:\/\/www.greenpeace.ch\/de\/wp-json\/wp\/v2\/categories?post=13511"},{"taxonomy":"post_tag","embeddable":true,"href":"https:\/\/www.greenpeace.ch\/de\/wp-json\/wp\/v2\/tags?post=13511"},{"taxonomy":"p4-page-type","embeddable":true,"href":"https:\/\/www.greenpeace.ch\/de\/wp-json\/wp\/v2\/p4-page-type?post=13511"},{"taxonomy":"gpch-article-type","embeddable":true,"href":"https:\/\/www.greenpeace.ch\/de\/wp-json\/wp\/v2\/gpch-article-type?post=13511"}],"curies":[{"name":"wp","href":"https:\/\/api.w.org\/{rel}","templated":true}]}}