{"id":135210,"date":"2026-09-02T15:03:18","date_gmt":"2026-09-02T13:03:18","guid":{"rendered":"https:\/\/www.greenpeace.ch\/?p=135210"},"modified":"2026-09-02T15:03:22","modified_gmt":"2026-09-02T13:03:22","slug":"ap-2030-schweizer-landwirtschaft-ist-nicht-klimafit","status":"publish","type":"post","link":"https:\/\/www.greenpeace.ch\/de\/medienmitteilung\/135210\/ap-2030-schweizer-landwirtschaft-ist-nicht-klimafit\/","title":{"rendered":"AP 2030+: Schweizer Landwirtschaft ist nicht klimafit\u00a0"},"content":{"rendered":"\n<p class=\"wp-block-paragraph\"><br><strong>Der Bundesrat muss mit der neuen Agrarpolitik die Weichen f\u00fcr die Landwirtschaft von morgen stellen. Nach dem Hitzesommer 2026 stellt sich die Frage: Hat er aus den Fehlern der Vergangenheit gelernt?<\/strong><\/p>\n\n<p class=\"wp-block-paragraph\">Der heisse und trockene Sommer 2026 hat die Verwundbarkeit der Schweizer Landwirtschaft schonungslos offengelegt. Ausgetrocknete B\u00f6den, Wasserknappheit, Futtermangel und massive Ernteausf\u00e4lle zeigen: Die Landwirtschaft ist von den Folgen der Erderhitzung direkt betroffen. Die Reaktion des Bundesrats konzentriert sich derzeit auf kurzfristige Entlastungen. Zinslose Darlehen, Zollbefreiungen f\u00fcr Futtermittelimporte oder Erleichterungen bei F\u00f6rderprogrammen m\u00f6gen den Betrieben in der aktuellen Situation helfen. Eine glaubw\u00fcrdige Antwort auf die aktuellen Herausforderungen sind sie jedoch nicht: Heuimporte aus Kanada m\u00f6gen eine Notl\u00f6sung sein, taugen aber kaum als zukunftsf\u00e4higes Modell.<\/p>\n\n<p class=\"wp-block-paragraph\">Dabei sind die Herausforderungen seit Jahren bekannt. Die bisherige Agrarpolitik hat es vers\u00e4umt, die Landwirtschaft konsequent auf ein heisseres und trockeneres Klima auszurichten und ihre nat\u00fcrlichen Produktionsgrundlagen (Boden, Wasser, Best\u00e4ubung) zu sch\u00fctzen. Mit jedem weiteren Hitzesommer steigen die Kosten dieser politischen Unt\u00e4tigkeit &#8211; f\u00fcr die Gesellschaft ebenso wie f\u00fcr die B\u00e4uerinnen und Bauern. Gefragt sind grundlegende Reformen, die Betriebe widerstandsf\u00e4higer machen und gleichzeitig Klima und Biodiversit\u00e4t sch\u00fctzen.&nbsp;<\/p>\n\n<h2 class=\"wp-block-heading\">Gesunde Lebensmittel brauchen gesunde Natur<\/h2>\n\n<p class=\"wp-block-paragraph\">Die neue Agrarpolitik AP30+ bietet die Chance f\u00fcr einen Kurswechsel. Aus Sicht der Umweltorganisationen (BirdLife, Greenpeace, Pro Natura und WWF) m\u00fcssen die bestehenden Klimaziele verbindlich verankert und wirksame Instrumente geschaffen werden, damit Landwirtschaft und Natur gemeinsam eine Zukunft haben. Der Schutz von Klima, Biodiversit\u00e4t, B\u00f6den und Gew\u00e4ssern ist die Voraussetzung f\u00fcr eine wirtschaftlich erfolgreiche Landwirtschaft. Denn nur wenn die nat\u00fcrlichen Lebensgrundlagen erhalten bleiben, k\u00f6nnen die Betriebe auch k\u00fcnftig gesunde Lebensmittel produzieren. Die AP30+ muss f\u00fcr die B\u00e4uerinnen und Bauern M\u00f6glichkeiten schaffen, wie sie ihre Produktion klima- und naturvertr\u00e4glich ausrichten k\u00f6nnen, ohne ihre wirtschaftliche Existenz zu gef\u00e4hrden.<\/p>\n\n<p class=\"wp-block-paragraph\">Die Umweltorganisationen werden die Vorschl\u00e4ge des Bundesrats deshalb genau pr\u00fcfen und sich aktiv in die Vernehmlassung einbringen.<\/p>\n\n<h2 class=\"wp-block-heading\">Kontakte<\/h2>\n\n<p class=\"wp-block-paragraph\"><strong>WWF Schweiz:<\/strong> Jonas Schmid, Mediensprecher, 079 241 60 57, jonas.schmid@wwf.ch<\/p>\n\n<p class=\"wp-block-paragraph\"><strong>Pro Natura:<\/strong> Lisa Meienberger, Landwirtschaftsexpertin, 061 317 91 29, lisa.meienberger@pronatura.ch <\/p>\n\n<p class=\"wp-block-paragraph\"><strong>Birdlife Schweiz:<\/strong> Jonas Sch\u00e4lle, Projektleiter Landwirtschaft, 044 457 70 26, jonas.schaelle@birdlife.ch<\/p>\n\n<p class=\"wp-block-paragraph\"><strong>Greenpeace Schweiz:<\/strong> Nico Frommherz, Experte f\u00fcr Food und Konsum, 078 233 35 22, nico.frommherz@greenpeace.org<\/p>\n\n<p class=\"wp-block-paragraph\"><\/p>\n","protected":false},"excerpt":{"rendered":"<p>Der Bundesrat muss mit der neuen Agrarpolitik die Weichen f\u00fcr die Landwirtschaft von morgen stellen. Nach dem Hitzesommer 2026 stellt sich die Frage: Hat er aus den Fehlern der Vergangenheit gelernt?<\/p>\n","protected":false},"author":103,"featured_media":135216,"comment_status":"closed","ping_status":"open","sticky":false,"template":"","format":"standard","meta":{"_acf_changed":false,"_planet4_optimize_post_is_variant":false,"_planet4_optimize_experiment_name":"","_planet4_optimize_variant_name":"","ep_exclude_from_search":false,"gpch_hide_header_image":false,"p4_og_title":"","p4_og_description":"","p4_og_image":"","p4_og_image_id":"","p4_seo_canonical_url":"","p4_campaign_name":"","p4_local_project":"","p4_basket_name":"","p4_department":"","footnotes":""},"categories":[48,1],"tags":[33,217],"p4-page-type":[71],"gpch-article-type":[],"class_list":["post-135210","post","type-post","status-publish","format-standard","has-post-thumbnail","hentry","category-zero-waste","category-unkategorisiert","tag-ernaehrung","tag-konsum","p4-page-type-medienmitteilung"],"acf":[],"_links":{"self":[{"href":"https:\/\/www.greenpeace.ch\/de\/wp-json\/wp\/v2\/posts\/135210","targetHints":{"allow":["GET"]}}],"collection":[{"href":"https:\/\/www.greenpeace.ch\/de\/wp-json\/wp\/v2\/posts"}],"about":[{"href":"https:\/\/www.greenpeace.ch\/de\/wp-json\/wp\/v2\/types\/post"}],"author":[{"embeddable":true,"href":"https:\/\/www.greenpeace.ch\/de\/wp-json\/wp\/v2\/users\/103"}],"replies":[{"embeddable":true,"href":"https:\/\/www.greenpeace.ch\/de\/wp-json\/wp\/v2\/comments?post=135210"}],"version-history":[{"count":3,"href":"https:\/\/www.greenpeace.ch\/de\/wp-json\/wp\/v2\/posts\/135210\/revisions"}],"predecessor-version":[{"id":135219,"href":"https:\/\/www.greenpeace.ch\/de\/wp-json\/wp\/v2\/posts\/135210\/revisions\/135219"}],"wp:featuredmedia":[{"embeddable":true,"href":"https:\/\/www.greenpeace.ch\/de\/wp-json\/wp\/v2\/media\/135216"}],"wp:attachment":[{"href":"https:\/\/www.greenpeace.ch\/de\/wp-json\/wp\/v2\/media?parent=135210"}],"wp:term":[{"taxonomy":"category","embeddable":true,"href":"https:\/\/www.greenpeace.ch\/de\/wp-json\/wp\/v2\/categories?post=135210"},{"taxonomy":"post_tag","embeddable":true,"href":"https:\/\/www.greenpeace.ch\/de\/wp-json\/wp\/v2\/tags?post=135210"},{"taxonomy":"p4-page-type","embeddable":true,"href":"https:\/\/www.greenpeace.ch\/de\/wp-json\/wp\/v2\/p4-page-type?post=135210"},{"taxonomy":"gpch-article-type","embeddable":true,"href":"https:\/\/www.greenpeace.ch\/de\/wp-json\/wp\/v2\/gpch-article-type?post=135210"}],"curies":[{"name":"wp","href":"https:\/\/api.w.org\/{rel}","templated":true}]}}