{"id":13545,"date":"2012-08-14T00:00:00","date_gmt":"2012-08-13T22:00:00","guid":{"rendered":"https:\/\/master.greenpeace.ch\/beitrag\/13545\/bkw-will-schrottreaktor-muehleberg-mit-ungenuegenden-massnahmen-flicken\/"},"modified":"2019-05-30T12:07:35","modified_gmt":"2019-05-30T10:07:35","slug":"bkw-will-schrottreaktor-muehleberg-mit-ungenuegenden-massnahmen-flicken","status":"publish","type":"post","link":"https:\/\/www.greenpeace.ch\/de\/story\/13545\/bkw-will-schrottreaktor-muehleberg-mit-ungenuegenden-massnahmen-flicken\/","title":{"rendered":"BKW will Schrottreaktor M\u00fchleberg mit ungen\u00fcgenden Massnahmen flicken"},"content":{"rendered":"<p><b>Der AKW-Betreiberin BKW ist es nach wie vor ernst mit dem Schrottreaktor M\u00fchleberg. Die Betreibergesellschaft hat am 14. August bekr\u00e4ftigt, 170 Mio. CHF investieren zu wollen, um das AKW M\u00fchleberg bis 2020 k\u00fcnstlich am Leben zu erhalten.<\/b><\/p>\n<div class=\"post-content\">\n<div>\n<p><strong>Der AKW-Betreiberin BKW ist es nach wie vor ernst mit dem Schrottreaktor M\u00fchleberg. Die Betreibergesellschaft hat am 14. August bekr\u00e4ftigt, 170 Mio. CHF investieren zu wollen, um das AKW M\u00fchleberg <a href=\"http:\/\/www.derbund.ch\/bern\/region\/BKW-haelt-an-Muehleberg-fest-\/story\/15429375\" target=\"_blank\" rel=\"noopener noreferrer\">bis 2020 k\u00fcnstlich am Leben zu erhalten.<\/a><\/strong><\/p>\n<p>Die nun bekannt gegebenen Massnahmen sind eigentlich nicht neu. Schon im M\u00e4rz 2012 hatte die BKW angek\u00fcndigt, das Flickwerk M\u00fchleberg weiterf\u00fchren zu wollen. Bereits damals war offensichtlich, dass die in Aussicht gestellten Massnahmen den Sicherheitsproblemen von M\u00fchleberg nicht gerecht werden. So will die BKW die seit l\u00e4ngerem bekannten Risse im Kernmantel mit Klammern zusammenhalten, wohingegen nur ein kompletter Austausch des Mantels das Problem beheben w\u00fcrde.\u00a0<\/p>\n<p>Die heute bekannt gemachten Massnahmen stehen in einem besonderen Kontext: Bei neuen Ultraschallmessungen an den beiden belgischen AKW Tihange und Doel wurden Unregelm\u00e4ssigkeiten festgestellt, die auf <a href=\"http:\/\/de.euronews.com\/2012\/08\/10\/vertrauen-in-belgiens-atomkraftwerke-erschuettert\/\" target=\"_blank\" rel=\"noopener noreferrer\">Risse im Reaktordruckbeh\u00e4lter<\/a> hindeuten. Die Materialfehler sind so gravierend, dass die belgische Aufsichtsbeh\u00f6rde die beiden Reaktoren voraussichtlich endg\u00fcltig stilllegen will. Das w\u00e4re der einzig richtige Entscheid: h\u00e4lt der Reaktordruckbeh\u00e4lter nicht stand, ist der GAU vorprogrammiert.\u00a0<\/p>\n<p>Eigentlich sollte diese Nachricht die AKW-Betreiberin von M\u00fchleberg aufschrecken lassen, stammen doch die Druckbeh\u00e4lter vom gleichen Hersteller und wurden mit dem selben Material gebaut. Noch dazu hat erst Ende Juli das Bundesverwaltungsgericht die Bedenken von M\u00fchleberg-Anwohner best\u00e4tigt und das Energiedepartement verpflichtet, das Gesuch um Entzug der Betriebsbewilligung aufgrund der bereits bekannten Sicherheitsm\u00e4ngel zu pr\u00fcfen. Doch der Energiekonzern BKW ist unbeirrbar.\u00a0<\/p>\n<p>Bestehende Probleme nicht gel\u00f6st, neue Probleme entdeckt: Die heute bekannt gegebenen Massnahmen f\u00fcr 170 Mio. n\u00fctzen nichts. \u00a0Sie bieten der Schweizer Bev\u00f6lkerung keinen Schutz und verschwenden Millionenbetr\u00e4ge. Das BKW w\u00e4re besser beraten, sich von M\u00fchleberg endg\u00fcltig zu verabschieden und das Geld in Solar-, Wind- und Biomasseenergie zu investieren.<\/p>\n<p><a href=\"https:\/\/www.greenpeace.ch\/wp-content\/uploads\/2017\/01\/GP_Menschenstr_A0_Plakat04_DE_Druck3.pdf\">http:\/\/www.greenpeace.orghttps:\/\/www.greenpeace.ch\/wp-content\/uploads\/2017\/01\/GP_Menschenstr_A0_Plakat04_DE_Druck3.pdf<\/a><\/p>\n<\/div>\n<\/div>\n","protected":false},"excerpt":{"rendered":"<p>Der AKW-Betreiberin BKW ist es nach wie vor ernst mit dem Schrottreaktor M\u00fchleberg. Die Betreibergesellschaft hat am 14. August bekr\u00e4ftigt, 170 Mio. CHF investieren zu wollen, um das AKW M\u00fchleberg&hellip;<\/p>\n","protected":false},"author":23,"featured_media":0,"comment_status":"closed","ping_status":"open","sticky":false,"template":"","format":"standard","meta":{"_acf_changed":false,"_planet4_optimize_post_is_variant":false,"_planet4_optimize_experiment_name":"","_planet4_optimize_variant_name":"","ep_exclude_from_search":false,"p4_og_title":"","p4_og_description":"","p4_og_image":"","p4_og_image_id":"","p4_seo_canonical_url":"","p4_campaign_name":"","p4_local_project":"","p4_basket_name":"","p4_department":"","footnotes":""},"categories":[1],"tags":[42],"p4-page-type":[75],"gpch-article-type":[],"class_list":["post-13545","post","type-post","status-publish","format-standard","hentry","category-unkategorisiert","tag-energie","p4-page-type-story"],"acf":[],"_links":{"self":[{"href":"https:\/\/www.greenpeace.ch\/de\/wp-json\/wp\/v2\/posts\/13545","targetHints":{"allow":["GET"]}}],"collection":[{"href":"https:\/\/www.greenpeace.ch\/de\/wp-json\/wp\/v2\/posts"}],"about":[{"href":"https:\/\/www.greenpeace.ch\/de\/wp-json\/wp\/v2\/types\/post"}],"author":[{"embeddable":true,"href":"https:\/\/www.greenpeace.ch\/de\/wp-json\/wp\/v2\/users\/23"}],"replies":[{"embeddable":true,"href":"https:\/\/www.greenpeace.ch\/de\/wp-json\/wp\/v2\/comments?post=13545"}],"version-history":[{"count":0,"href":"https:\/\/www.greenpeace.ch\/de\/wp-json\/wp\/v2\/posts\/13545\/revisions"}],"wp:attachment":[{"href":"https:\/\/www.greenpeace.ch\/de\/wp-json\/wp\/v2\/media?parent=13545"}],"wp:term":[{"taxonomy":"category","embeddable":true,"href":"https:\/\/www.greenpeace.ch\/de\/wp-json\/wp\/v2\/categories?post=13545"},{"taxonomy":"post_tag","embeddable":true,"href":"https:\/\/www.greenpeace.ch\/de\/wp-json\/wp\/v2\/tags?post=13545"},{"taxonomy":"p4-page-type","embeddable":true,"href":"https:\/\/www.greenpeace.ch\/de\/wp-json\/wp\/v2\/p4-page-type?post=13545"},{"taxonomy":"gpch-article-type","embeddable":true,"href":"https:\/\/www.greenpeace.ch\/de\/wp-json\/wp\/v2\/gpch-article-type?post=13545"}],"curies":[{"name":"wp","href":"https:\/\/api.w.org\/{rel}","templated":true}]}}