{"id":13555,"date":"2012-08-15T00:00:00","date_gmt":"2012-08-14T22:00:00","guid":{"rendered":"https:\/\/master.greenpeace.ch\/beitrag\/13555\/greenpeace-photo-award\/"},"modified":"2019-05-30T12:07:57","modified_gmt":"2019-05-30T10:07:57","slug":"greenpeace-photo-award","status":"publish","type":"post","link":"https:\/\/www.greenpeace.ch\/de\/story\/13555\/greenpeace-photo-award\/","title":{"rendered":"Greenpeace Photo Award"},"content":{"rendered":"<p><b>In Partnerschaft mit Du \u2013 Die Zeitschrift der Kultur\u00a0<\/b><\/p>\n<div class=\"post-content\">\n<div>\n<h2 class=\"EinfacherAbsatz\">In Partnerschaft mit <em>Du<\/em> \u2013 Die Zeitschrift der Kultur\u00a0<\/h2>\n<p class=\"EinfacherAbsatz\">\u00abBearing Witness\u00bb \u2013 f\u00fcr Greenpeace ist die Fotodokumentation ein wichtiges Mittel, um hinzuschauen und so auf die Zerst\u00f6rung der Umwelt aufmerksam zu machen. Weltweit sind FotografInnen f\u00fcr Greenpeace t\u00e4tig, um mit starken Aktions-Bildern auf die Botschaft der Umweltorganisation aufmerksam zu machen.<\/p>\n<p>Zusammen mit <em>Du<\/em>, der legend\u00e4ren Zeitschrift der Kultur hat Greenpeace einen Fotowettbewerb lanciert. Renommierte Fotografinnen und Fotografen wurden aufgefordert ein Projekt zum Thema Umwelt \u2013 Umweltzerst\u00f6rung einzuschicken.<\/p>\n<\/p>\n<div class=\"events-box big-box left\">\n<div class=\"frame\">\n        <a class=\"open-img EnlargeImage\" href=\"https:\/\/www.greenpeace.ch\/static\/planet4-switzerland-stateless\/2019\/05\/f0a07d8f-f0a07d8f-spinatsch.jpg\" title=\"\"><br \/>\n            <img decoding=\"async\" id=\"ctl00_cphContentArea_epiEntryContent_ctl00_ctl02_Image1\" class=\"Thumbnail\" src=\"https:\/\/www.greenpeace.ch\/static\/planet4-switzerland-stateless\/2019\/05\/f0a07d8f-f0a07d8f-spinatsch.jpg\" alt=\"\" style=\"border-width:0px;\"><\/p>\n<p>        <\/a>\n    <\/div>\n<div class=\"events-content\">\n        <span class=\"date\">Mittwoch, 15. August 2012<\/span><br \/>\n        <strong><\/strong><\/p>\n<p>\n            \u00a9 Jules Spinatsch, Videostill des Promotions-Videos f\u00fcr den Greenpeace Photo Award-Beitrag.\n        <\/p>\n<\/p>\n<\/div>\n<\/div>\n<p>\u00a0<\/p>\n<p>Eine Fachjury hat aus den eingereichten Projekten f\u00fcnf Fotoarbeiten ausgew\u00e4hlt, die Sie auf der Website <a href=\"http:\/\/www.photo-award.ch\/\">www.photo-award.ch<\/a> anschauen k\u00f6nnen. W\u00e4hlen Sie Ihren Favoriten. Damit bestimmen Sie, welche Fotoarbeit von Greenpeace finanziert, von der Fotografin oder dem Fotografen umgesetzt und im <em>Du<\/em> publiziert wird. Das Projekt mit den meisten Stimmen bekommt den Publikumspreis und wird von Greenpeace mit 15\u2019 000 Franken finanziert. Zus\u00e4tzlich gibt es einen Jurypreis von 10\u2019 000 Franken.\u00a0<\/p>\n<p>Beide Fotoarbeiten werden im in der Zeitschrift <em>Du<\/em> publiziert. Sie k\u00f6nnen nach Ihrer Stimmabgabe selber an einer Verlosung teilnehmen und tolle Preise gewinnen.<\/p>\n<p>\u00a0<\/p>\n<p><a href=\"http:\/\/www.photo-award.ch\/\" target=\"_blank\" rel=\"noopener noreferrer\"><img loading=\"lazy\" decoding=\"async\" src=\"https:\/\/www.greenpeace.ch\/static\/planet4-switzerland-stateless\/2019\/05\/97bd469f-97bd469f-button-photoaward-website.jpg\" alt=\"\" width=\"199\" height=\"57\"><\/a><\/p>\n<\/div>\n<\/div>\n","protected":false},"excerpt":{"rendered":"<p>In Partnerschaft mit Du \u2013 Die Zeitschrift der Kultur\u00a0 In Partnerschaft mit Du \u2013 Die Zeitschrift der Kultur\u00a0 \u00abBearing Witness\u00bb \u2013 f\u00fcr Greenpeace ist die Fotodokumentation ein wichtiges Mittel, um&hellip;<\/p>\n","protected":false},"author":23,"featured_media":13557,"comment_status":"closed","ping_status":"open","sticky":false,"template":"","format":"standard","meta":{"_acf_changed":false,"_planet4_optimize_post_is_variant":false,"_planet4_optimize_experiment_name":"","_planet4_optimize_variant_name":"","ep_exclude_from_search":false,"p4_og_title":"","p4_og_description":"","p4_og_image":"","p4_og_image_id":"","p4_seo_canonical_url":"","p4_campaign_name":"","p4_local_project":"","p4_basket_name":"","p4_department":"","footnotes":""},"categories":[1],"tags":[],"p4-page-type":[75],"gpch-article-type":[],"class_list":["post-13555","post","type-post","status-publish","format-standard","has-post-thumbnail","hentry","category-unkategorisiert","p4-page-type-story"],"acf":[],"_links":{"self":[{"href":"https:\/\/www.greenpeace.ch\/de\/wp-json\/wp\/v2\/posts\/13555","targetHints":{"allow":["GET"]}}],"collection":[{"href":"https:\/\/www.greenpeace.ch\/de\/wp-json\/wp\/v2\/posts"}],"about":[{"href":"https:\/\/www.greenpeace.ch\/de\/wp-json\/wp\/v2\/types\/post"}],"author":[{"embeddable":true,"href":"https:\/\/www.greenpeace.ch\/de\/wp-json\/wp\/v2\/users\/23"}],"replies":[{"embeddable":true,"href":"https:\/\/www.greenpeace.ch\/de\/wp-json\/wp\/v2\/comments?post=13555"}],"version-history":[{"count":0,"href":"https:\/\/www.greenpeace.ch\/de\/wp-json\/wp\/v2\/posts\/13555\/revisions"}],"wp:featuredmedia":[{"embeddable":true,"href":"https:\/\/www.greenpeace.ch\/de\/wp-json\/wp\/v2\/media\/13557"}],"wp:attachment":[{"href":"https:\/\/www.greenpeace.ch\/de\/wp-json\/wp\/v2\/media?parent=13555"}],"wp:term":[{"taxonomy":"category","embeddable":true,"href":"https:\/\/www.greenpeace.ch\/de\/wp-json\/wp\/v2\/categories?post=13555"},{"taxonomy":"post_tag","embeddable":true,"href":"https:\/\/www.greenpeace.ch\/de\/wp-json\/wp\/v2\/tags?post=13555"},{"taxonomy":"p4-page-type","embeddable":true,"href":"https:\/\/www.greenpeace.ch\/de\/wp-json\/wp\/v2\/p4-page-type?post=13555"},{"taxonomy":"gpch-article-type","embeddable":true,"href":"https:\/\/www.greenpeace.ch\/de\/wp-json\/wp\/v2\/gpch-article-type?post=13555"}],"curies":[{"name":"wp","href":"https:\/\/api.w.org\/{rel}","templated":true}]}}