{"id":13590,"date":"2012-07-23T00:00:00","date_gmt":"2012-07-22T22:00:00","guid":{"rendered":"https:\/\/master.greenpeace.ch\/beitrag\/13590\/eine-million-unterschriften-fuer-den-arktisschutz\/"},"modified":"2019-05-30T12:08:59","modified_gmt":"2019-05-30T10:08:59","slug":"eine-million-unterschriften-fuer-den-arktisschutz","status":"publish","type":"post","link":"https:\/\/www.greenpeace.ch\/de\/story\/13590\/eine-million-unterschriften-fuer-den-arktisschutz\/","title":{"rendered":"Eine Million Unterschriften f\u00fcr den Arktisschutz"},"content":{"rendered":"<p><b>Auf der Webseite www.savethearctic.org haben in knapp vier Wochen \u00fcber eine Million Menschen f\u00fcr den Schutz der Arktis unterzeichnet. Die Namen der Unterzeichner werden im kommenden Jahr in einer speziellen Kapsel am Nordpol deponiert. Ein symbolischer Akt, der deutlich machen soll, dass die Arktis als Erbe der Menschheit nicht dem Interesse weniger Grosskonzerne geopfert werden darf.<\/b><\/p>\n<div class=\"post-content\">\n<div>\n<p>Auf der Webseite <a href=\"http:\/\/www.savethearctic.org\/\" target=\"_blank\" rel=\"noopener noreferrer\">www.savethearctic.org<\/a> haben in knapp vier Wochen \u00fcber eine Million Menschen f\u00fcr den Schutz der Arktis unterzeichnet. Die Namen der Unterzeichner werden im kommenden Jahr in einer speziellen Kapsel am Nordpol deponiert. Ein symbolischer Akt, der deutlich machen soll, dass die Arktis als Erbe der Menschheit nicht dem Interesse weniger Grosskonzerne geopfert werden darf.<\/p>\n<p>Aber nicht nur im Internet waren Aktivistinnen und Aktivisten f\u00fcr den Schutz der Arktis unterwegs. So haben am Freitag, den 13. Juli, Greenpeace-Aktivisten in Den Haag kurz entschlossen <a title=\"Aktion in Niederlande\" href=\"http:\/\/www.greenpeace.org\/switzerland\/de\/News_Stories\/Newsblog\/den-haag-greenpeace-aktivisten-uebernehmen-sh\/blog\/41377\/\" target=\"_blank\" rel=\"noopener noreferrer\">den Hauptsitz von <dfn>Shell<\/dfn> \u00fcbernommen<\/a>. Das B\u00fcro von <dfn>Shell<\/dfn>-Chef Peter Voser \u00fcbernahm die Gesch\u00e4ftsf\u00fchrerin von Greenpeace Niederlande Sylvia Bohren und k\u00fcndigte sofort entscheidende \u00c4nderungen der Konzernpolitik an.<\/p>\n<p>In der <a title=\"Eisb\u00e4r Paul bei CEO Chef\" href=\"http:\/\/www.greenpeace.org\/switzerland\/de\/News_Stories\/Newsblog\/shell-boss-zeigt-eisbaer-paul-die-kalte-schul\/blog\/41466\/\" target=\"_blank\" rel=\"noopener noreferrer\">Schweiz hat in der vergangenen Woche Eisb\u00e4r Paul den CEO<\/a> von Shell mehrmals aufgesucht, um ihn aufzufordern, sich aus der Arktis   rauszuhalten.\u00a0 Zuletzt heute morgen, wo bereits Security auf den   anscheinend unerw\u00fcnschten Besuch gewartet hat.<\/p>\n<\/p>\n<div class=\"events-box big-box left\">\n<div class=\"frame\">\n        <a class=\"open-img EnlargeImage\" href=\"https:\/\/www.greenpeace.ch\/static\/planet4-switzerland-stateless\/2019\/05\/2d89f421-2d89f421-bear_1.2.jpg\" title=\"\"><br \/>\n            <img decoding=\"async\" id=\"ctl00_cphContentArea_epiEntryContent_ctl00_ctl02_Image1\" class=\"Thumbnail\" src=\"https:\/\/www.greenpeace.ch\/static\/planet4-switzerland-stateless\/2019\/05\/2d89f421-2d89f421-bear_1.2.jpg\" alt=\"\" style=\"border-width:0px;\"><\/p>\n<p>        <\/a>\n    <\/div>\n<div class=\"events-content\">\n        <span class=\"date\">Montag, 23. Juli 2012<\/span><br \/>\n        <strong><\/strong><\/p>\n<p>\n            Eisb\u00e4r Paul besucht Shell-CEO Peter Voser zu Hause.  \u00a9Greenpeace\n        <\/p>\n<\/p>\n<\/div>\n<\/div>\n<p>\u00a0<\/p>\n<p>In Deutschland haben <a title=\"Aktion in Deutschland\" href=\"http:\/\/www.greenpeace.de\/themen\/oel\/nachrichten\/artikel\/finger_weg_von_der_arktis_greenpeace_aktivisten_verstaerken_protest_gegen_shell\/\" target=\"_blank\" rel=\"noopener noreferrer\">\u00fcber 500 ehrenamtliche Greenpeace-Aktivisten<\/a> in 73 St\u00e4dten an <dfn>Shell<\/dfn>-Tankstellen B\u00fcrger und Passanten \u00fcber das Arktis-Projekt des \u00d6lkonzerns informiert. Am Montag zuvor waren Greenpeacer <a title=\"Aktion in England\" href=\"http:\/\/www.greenpeace.org\/switzerland\/de\/News_Stories\/Newsblog\/greenpeace-schliesst-shell-tankstellen-in-lon\/blog\/41397\/\" target=\"_blank\" rel=\"noopener noreferrer\">in England an 78 Tankstellen<\/a> in London und Edinburg unterwegs und schlossen sie f\u00fcr den Publikumsverkehr.<\/p>\n<p>In Houston, Texas, haben Aktivisten ein <a title=\"Aktion in Holland\" href=\"http:\/\/bit.ly\/Lx88hE\" target=\"_self\" rel=\"noopener noreferrer\">falsches Werbebanner vor der Haust\u00fcr von <dfn>Shell<\/dfn> platziert<\/a>. Angefertigt wurde die Werbeattrappe mit einem Online-Tool auf der Seite <a title=\"articready.com\" href=\"http:\/\/arcticready.com\/social\" target=\"_self\" rel=\"noopener noreferrer\">ArcticReady.com\/social<\/a> Auf der Webseite kann der Protest gegen Shells Arktis-Projekt kreativ ausgelebt werden. Dort kann jeder eine &#171;falsche&#187; <dfn>Shell<\/dfn>-Werbung basteln. Es werden noch Mitmacher gesucht, da deutschsprachige Werbebanner auf der Seite noch klar unterrepr\u00e4sentiert sind.<\/p>\n<p>Weitere Aktionen fanden in Polen, Chile, Schweden, Argentinien, USA, Frankreich, Tschechien, Ungarn, D\u00e4nemark, Finnland, Mexiko, Libanon und Kanada statt. Rund um den Globus fordern Menschen, dass die Arktis gesch\u00fctzt wird. Nach der ersten Million haben wir uns jetzt ein neues Ziel gesetzt: zwei Millionen Unterschriften.<\/p>\n<p><dfn>Shell<\/dfn> geht unterdessen juristisch gegen den Greenpeace-Protest vor. Der Konzern will mit einstweiligen Verf\u00fcgungen weitere Demonstrationen verhindern. So d\u00fcrfen sich beispielsweise Greenpeace-Schiffe oder Greenpeace-Mitarbeiter in US-Gew\u00e4ssern nicht n\u00e4her als 500 Meter (in manchen F\u00e4llen sogar 1,5 Kilometer) der <dfn>Shell<\/dfn>-Flotte n\u00e4hern.<\/p>\n<p><a title=\"Arktis sch\u00fctzen\" href=\"http:\/\/www.savethearctic.org\/\" target=\"_blank\" rel=\"noopener noreferrer\">Machen auch Sie mit und werden Sie Arktissch\u00fctzer!<\/a><\/p>\n<\/div>\n<\/div>\n","protected":false},"excerpt":{"rendered":"<p>Auf der Webseite www.savethearctic.org haben in knapp vier Wochen \u00fcber eine Million Menschen f\u00fcr den Schutz der Arktis unterzeichnet. Die Namen der Unterzeichner werden im kommenden Jahr in einer speziellen&hellip;<\/p>\n","protected":false},"author":23,"featured_media":13592,"comment_status":"closed","ping_status":"open","sticky":false,"template":"","format":"standard","meta":{"_acf_changed":false,"_planet4_optimize_post_is_variant":false,"_planet4_optimize_experiment_name":"","_planet4_optimize_variant_name":"","ep_exclude_from_search":false,"p4_og_title":"","p4_og_description":"","p4_og_image":"","p4_og_image_id":"","p4_seo_canonical_url":"","p4_campaign_name":"","p4_local_project":"","p4_basket_name":"","p4_department":"","footnotes":""},"categories":[1],"tags":[41],"p4-page-type":[75],"gpch-article-type":[],"class_list":["post-13590","post","type-post","status-publish","format-standard","has-post-thumbnail","hentry","category-unkategorisiert","tag-meer","p4-page-type-story"],"acf":[],"_links":{"self":[{"href":"https:\/\/www.greenpeace.ch\/de\/wp-json\/wp\/v2\/posts\/13590","targetHints":{"allow":["GET"]}}],"collection":[{"href":"https:\/\/www.greenpeace.ch\/de\/wp-json\/wp\/v2\/posts"}],"about":[{"href":"https:\/\/www.greenpeace.ch\/de\/wp-json\/wp\/v2\/types\/post"}],"author":[{"embeddable":true,"href":"https:\/\/www.greenpeace.ch\/de\/wp-json\/wp\/v2\/users\/23"}],"replies":[{"embeddable":true,"href":"https:\/\/www.greenpeace.ch\/de\/wp-json\/wp\/v2\/comments?post=13590"}],"version-history":[{"count":0,"href":"https:\/\/www.greenpeace.ch\/de\/wp-json\/wp\/v2\/posts\/13590\/revisions"}],"wp:featuredmedia":[{"embeddable":true,"href":"https:\/\/www.greenpeace.ch\/de\/wp-json\/wp\/v2\/media\/13592"}],"wp:attachment":[{"href":"https:\/\/www.greenpeace.ch\/de\/wp-json\/wp\/v2\/media?parent=13590"}],"wp:term":[{"taxonomy":"category","embeddable":true,"href":"https:\/\/www.greenpeace.ch\/de\/wp-json\/wp\/v2\/categories?post=13590"},{"taxonomy":"post_tag","embeddable":true,"href":"https:\/\/www.greenpeace.ch\/de\/wp-json\/wp\/v2\/tags?post=13590"},{"taxonomy":"p4-page-type","embeddable":true,"href":"https:\/\/www.greenpeace.ch\/de\/wp-json\/wp\/v2\/p4-page-type?post=13590"},{"taxonomy":"gpch-article-type","embeddable":true,"href":"https:\/\/www.greenpeace.ch\/de\/wp-json\/wp\/v2\/gpch-article-type?post=13590"}],"curies":[{"name":"wp","href":"https:\/\/api.w.org\/{rel}","templated":true}]}}