{"id":13606,"date":"2012-07-20T00:00:00","date_gmt":"2012-07-19T22:00:00","guid":{"rendered":"https:\/\/master.greenpeace.ch\/beitrag\/13606\/shell-boss-zeigt-eisbaer-paul-die-kalte-schulter\/"},"modified":"2019-05-30T12:10:08","modified_gmt":"2019-05-30T10:10:08","slug":"shell-boss-zeigt-eisbaer-paul-die-kalte-schulter","status":"publish","type":"post","link":"https:\/\/www.greenpeace.ch\/de\/story\/13606\/shell-boss-zeigt-eisbaer-paul-die-kalte-schulter\/","title":{"rendered":"Shell-Boss zeigt Eisb\u00e4r Paul die kalte Schulter"},"content":{"rendered":"<p><b><\/b><\/p>\n<div class=\"post-content\">\n<div>\n<div class=\"events-box middle-box left\">\n<div class=\"frame\">\n        <a class=\"open-img EnlargeImage\" href=\"https:\/\/www.greenpeace.ch\/static\/planet4-switzerland-stateless\/2019\/05\/4e137683-4e137683-120719_voser_2.jpg\" title=\"\"><br \/>\n            <img decoding=\"async\" id=\"ctl00_cphContentArea_epiEntryContent_ctl00_ctl02_Image1\" class=\"Thumbnail\" src=\"https:\/\/www.greenpeace.ch\/static\/planet4-switzerland-stateless\/2019\/05\/4e137683-4e137683-120719_voser_2.jpg\" alt=\"\" style=\"border-width:0px;\"><\/p>\n<p>        <\/a>\n    <\/div>\n<div class=\"events-content\">\n        <span class=\"date\">Freitag, 20. Juli 2012<\/span><br \/>\n        <strong><\/strong><\/p>\n<p>\n            \u00a9 Greenpeace\/Ex-press\/Flurin Bertschinger\n        <\/p>\n<\/p>\n<\/div>\n<\/div>\n<p>Frostige Begegnung im Sommermonat Juli: Donnerstag sp\u00e4tabends ist Eisb\u00e4r Paul im aargauischen Widen erneut vor dem Haus des Shell-Chefs Peter Voser aufgekreuzt. Paul bangt um seine Heimat und verlangt, dass der Schweizer CEO seine Arktis-\u00d6lbohrpl\u00e4ne fallen l\u00e4sst. Doch Voser zeigte Paul die kalte Schulter, verweigerte jeglichen Dialog. Der Eisb\u00e4r hinterliess Voser einen weiteren Brief mit der Forderung, die H\u00e4nde von seiner Heimat zu lassen. Voser hat mit Shell einen Wettlauf um die f\u00fcr gerade mal drei Jahre w\u00e4hrenden \u00d6lreserven in der Arktis er\u00f6ffnet. Er nimmt damit die Zerst\u00f6rung eines der letzten intakten, hochsensiblen \u00d6kosysteme in Kauf. Pauls Heimat k\u00f6nnte schon bald \u00f6lverseucht sein.   Nach seinem vergeblichen Besuch nahm Paul sein K\u00f6fferchen und trottete <a href=\"http:\/\/www.greenpeace.org\/switzerland\/de\/News_Stories\/Newsblog\/oelbohrungen-in-der-arktis-eisbaer-paul-besuc\/blog\/41388\/\">wie letzte Woche <\/a>nachdenklich von dannen.<\/p>\n<p>\u00dcberall in der Schweiz und in der ganzen Welt l\u00f6sen Paul und seine Artgenossen derzeit eine Welle der Solidarit\u00e4t aus. Viele Menschen haben sich als <a href=\"http:\/\/www.savethearctic.org\/\">Arktissch\u00fctzerinnen und Arktissch\u00fctzer<\/a> eingeschrieben. Die Unterschriften werden in einer speziellen Kapsel im kommenden Jahr am Nordpol versenkt &#8211; als Mahnung, dass die Arktis Erbe der Menschheit ist und nicht dem Interesse einiger Grosskonzerne wie Shell geopfert werden darf. Unter den Unterzeichnenden befinden sich so prominente Namen wie Paul McCartney, Penelope Cruz, Robert Redford, Thom Yorke, Pedro Almodovar, Emily Blunt und viele mehr.<\/p>\n<p><strong>Paul der Eisb\u00e4r zu Besuch bei Shell-CEO Peter Voser<\/strong><\/p>\n<p><iframe loading=\"lazy\" width=\"600\" height=\"338\" src=\"https:\/\/www.youtube.com\/embed\/Olg2G4Yqgd4\" frameborder=\"0\" allowfullscreen=\"\"><\/iframe>\u00a0<\/p>\n<p>\u00a0<\/p>\n<p><strong>Und hier die Bildergallerie:<\/strong><\/p>\n<p>\u00a0<\/p>\n<\/div>\n<\/div>\n","protected":false},"excerpt":{"rendered":"<p>Freitag, 20. Juli 2012 \u00a9 Greenpeace\/Ex-press\/Flurin Bertschinger Frostige Begegnung im Sommermonat Juli: Donnerstag sp\u00e4tabends ist Eisb\u00e4r Paul im aargauischen Widen erneut vor dem Haus des Shell-Chefs Peter Voser aufgekreuzt. Paul&hellip;<\/p>\n","protected":false},"author":23,"featured_media":13608,"comment_status":"closed","ping_status":"open","sticky":false,"template":"","format":"standard","meta":{"_acf_changed":false,"_planet4_optimize_post_is_variant":false,"_planet4_optimize_experiment_name":"","_planet4_optimize_variant_name":"","ep_exclude_from_search":false,"p4_og_title":"","p4_og_description":"","p4_og_image":"","p4_og_image_id":"","p4_seo_canonical_url":"","p4_campaign_name":"","p4_local_project":"","p4_basket_name":"","p4_department":"","footnotes":""},"categories":[1],"tags":[41],"p4-page-type":[75],"gpch-article-type":[],"class_list":["post-13606","post","type-post","status-publish","format-standard","has-post-thumbnail","hentry","category-unkategorisiert","tag-meer","p4-page-type-story"],"acf":[],"_links":{"self":[{"href":"https:\/\/www.greenpeace.ch\/de\/wp-json\/wp\/v2\/posts\/13606","targetHints":{"allow":["GET"]}}],"collection":[{"href":"https:\/\/www.greenpeace.ch\/de\/wp-json\/wp\/v2\/posts"}],"about":[{"href":"https:\/\/www.greenpeace.ch\/de\/wp-json\/wp\/v2\/types\/post"}],"author":[{"embeddable":true,"href":"https:\/\/www.greenpeace.ch\/de\/wp-json\/wp\/v2\/users\/23"}],"replies":[{"embeddable":true,"href":"https:\/\/www.greenpeace.ch\/de\/wp-json\/wp\/v2\/comments?post=13606"}],"version-history":[{"count":0,"href":"https:\/\/www.greenpeace.ch\/de\/wp-json\/wp\/v2\/posts\/13606\/revisions"}],"wp:featuredmedia":[{"embeddable":true,"href":"https:\/\/www.greenpeace.ch\/de\/wp-json\/wp\/v2\/media\/13608"}],"wp:attachment":[{"href":"https:\/\/www.greenpeace.ch\/de\/wp-json\/wp\/v2\/media?parent=13606"}],"wp:term":[{"taxonomy":"category","embeddable":true,"href":"https:\/\/www.greenpeace.ch\/de\/wp-json\/wp\/v2\/categories?post=13606"},{"taxonomy":"post_tag","embeddable":true,"href":"https:\/\/www.greenpeace.ch\/de\/wp-json\/wp\/v2\/tags?post=13606"},{"taxonomy":"p4-page-type","embeddable":true,"href":"https:\/\/www.greenpeace.ch\/de\/wp-json\/wp\/v2\/p4-page-type?post=13606"},{"taxonomy":"gpch-article-type","embeddable":true,"href":"https:\/\/www.greenpeace.ch\/de\/wp-json\/wp\/v2\/gpch-article-type?post=13606"}],"curies":[{"name":"wp","href":"https:\/\/api.w.org\/{rel}","templated":true}]}}