{"id":13610,"date":"2012-07-18T00:00:00","date_gmt":"2012-07-17T22:00:00","guid":{"rendered":"https:\/\/master.greenpeace.ch\/beitrag\/13610\/greenpeace-regionalgruppe-basel-protestiert-bei-shell\/"},"modified":"2019-05-30T12:10:17","modified_gmt":"2019-05-30T10:10:17","slug":"greenpeace-regionalgruppe-basel-protestiert-bei-shell","status":"publish","type":"post","link":"https:\/\/www.greenpeace.ch\/de\/story\/13610\/greenpeace-regionalgruppe-basel-protestiert-bei-shell\/","title":{"rendered":"Greenpeace-Regionalgruppe Basel protestiert bei Shell"},"content":{"rendered":"<p><b><\/b><\/p>\n<div class=\"post-content\">\n<div>\n<div class=\"events-box big-box left\">\n<div class=\"frame\">\n        <a class=\"open-img EnlargeImage\" href=\"https:\/\/www.greenpeace.ch\/static\/planet4-switzerland-stateless\/2019\/05\/746653f1-746653f1-120718stop_shell_os_blog.jpg\" title=\"\"><br \/>\n            <img decoding=\"async\" id=\"ctl00_cphContentArea_epiEntryContent_ctl00_ctl02_Image1\" class=\"Thumbnail\" src=\"https:\/\/www.greenpeace.ch\/static\/planet4-switzerland-stateless\/2019\/05\/746653f1-746653f1-120718stop_shell_os_blog.jpg\" alt=\"\" style=\"border-width:0px;\"><\/p>\n<p>        <\/a>\n    <\/div>\n<div class=\"events-content hidden-paragraph\">\n        <span class=\"date\">Mittwoch, 18. Juli 2012<\/span><br \/>\n        <strong><\/strong><\/p>\n<\/p>\n<\/div>\n<\/div>\n<p>Umweltsch\u00fctzer aus der ganzen Welt str\u00f6men derzeit aus, um die Arktis vor der Gier der \u00d6lkonzerne zu sch\u00fctzen. An der Shell-Tankstelle am Basler Lothringerplatz demonstrierte heute die lokale Greenpeace-Regionalgruppe gegen die Arktis-\u00d6lbohrpl\u00e4ne des niederl\u00e4ndischen Konzerns, an dessen Spitze der Schweizer <a href=\"http:\/\/www.greenpeace.org\/switzerland\/de\/News_Stories\/Newsblog\/oelbohrungen-in-der-arktis-eisbaer-paul-besuc\/blog\/41388\/\">Peter Voser <\/a>steht.<\/p>\n<\/p>\n<div class=\"events-box small-box right\">\n<div class=\"frame\">\n        <a class=\"open-img EnlargeImage\" href=\"https:\/\/www.greenpeace.ch\/static\/planet4-switzerland-stateless\/2019\/05\/0773b1d7-0773b1d7-120718nb_arktis_shellprotest.jpg\" title=\"\"><br \/>\n            <img decoding=\"async\" id=\"ctl00_cphContentArea_epiEntryContent_ctl00_ctl04_Image1\" class=\"Thumbnail\" src=\"https:\/\/www.greenpeace.ch\/static\/planet4-switzerland-stateless\/2019\/05\/0773b1d7-0773b1d7-120718nb_arktis_shellprotest.jpg\" alt=\"\" style=\"border-width:0px;\"><\/p>\n<p>        <\/a>\n    <\/div>\n<div class=\"events-content\">\n        <span class=\"date\">Mittwoch, 18. Juli 2012<\/span><br \/>\n        <strong><\/strong><\/p>\n<p>\n            \u00a9 Greenpeace\/ Protest in Basel vor einer Shell Tankstelle. #tellshell\n        <\/p>\n<\/p>\n<\/div>\n<\/div>\n<p>Gleichzeitig sammelten sie Unterschriften f\u00fcr ein internationales Schutzgebiet in der Arktis.\u00a0 Diese werden in einer  speziellen Kapsel im kommenden Jahr am Nordpol versenkt &#8211; als Mahnung,  dass die Arktis Erbe der Menschheit ist und nicht dem Interesse einiger  Grosskonzerne wie Shell geopfert werden darf.<\/p>\n<h4>Shell hat bislang die irrwitzige Summe von 5,4 Milliarden Dollar in das Arktis-Bohrprojekt investiert.<\/h4>\n<p>Die Stunde der Wahrheit ist jetzt gekommen: Ein Bohrschiff und eine Bohrplattform sollen das Verschwinden des arktischen Meereises ausnutzen, um nach noch mehr \u00d6l zu bohren \u2013 obwohl dieser fossile Brennstoff hauptverantwortlich f\u00fcr die globale Erw\u00e4rmung und das Schmelzen der Pole ist.<\/p>\n<p>Nur wir alle zusammen k\u00f6nnen Shell noch aufhalten: \u00dcber 900&#8217;000 Menschen haben <a href=\"http:\/\/www.savethearctic.org\/\">unsere Petition f\u00fcr den Schutz der Arktis<\/a> unterzeichnet.<\/p>\n<p>\u00a0<\/p>\n<p><strong>Damit wir etwas bewirken k\u00f6nnen, brauchen wir deine Hilfe:<\/strong><\/p>\n<ul>\n<li>Sag Shell und Politikern mit den Hashtags #TellShell \u00fcber Twitter deine Meinung! Fordere ein Schutzgebiet rund um den Nordpol und ein Verbot f\u00fcr \u00d6lf\u00f6rderungen und industrielle Fischerei in arktischen Gew\u00e4ssern!<\/li>\n<li>Wenn du wie Paul McCartney, Penelope Cruz, Robert Redford, Thom Yorke, Pedro  Almodovar oder Emily Blunt die <a href=\"http:\/\/www.savethearctic.org\/\">Greenpeace-Petition f\u00fcr den Schutz der Arktis<\/a> unterzeichnest, erh\u00e4lst du anschliessend eine Einladung in den arktischen Widerstand, einer Mitmach-Plattform im Netz!<\/li>\n<li>Im arktischen Widerstand kannst du deinen Protest auf verschiedenste Weise artikulieren! Du bist kreativ? Dann schreib einen Arktis-Song oder mach einen Film! Deine St\u00e4rken liegen eher im organisatorischen Bereich? Dann veranstalte eine Save-The-Arctic-Party!<\/li>\n<\/ul>\n<p><a title=\"Facebook\" href=\"https:\/\/www.facebook.com\/greenpeace.ch\" target=\"_blank\" rel=\"noopener noreferrer\">Hier<\/a> geht\u2019s zu unserer Facebook-Page mit Bildern und Updates vom Shell-Protest aus der ganzen Welt. Auf unseren Live-Karten siehst du, wo sich Greenpeace-Aktivistinnen und -Aktivisten\u00a0 in dieser Woche weltweit f\u00fcr den Schutz der Arktis einsetzen. Wir haben ein paar \u00dcberraschungen im K\u00f6cher, also schau\u2019 \u00f6fters mal vorbei. Das ist erst der Anfang!<\/p>\n<\/p>\n<div id=\"woa\" style=\"width:600px; height:612px\"><\/div>\n<p><script type=\"text\/javascript\" src=\"http:\/\/maps.google.com\/maps\/api\/js?sensor=false\"><\/script><br \/>\n<script type=\"text\/javascript\" src=\"http:\/\/www.greenpeace.fr\/arctic\/woa.js\"><\/script>\u00a0<\/p>\n<p><iframe loading=\"lazy\" src=\"http:\/\/embed.scribblelive.com\/Embed\/v5.aspx?Id=50598&amp;ThemeId=5190\" width=\"600\" height=\"300\" frameborder=\"0\" style=\"border: 1px solid\n#000\"><\/iframe>\u00a0<\/p>\n<p><iframe scrolling=\"no\" frameborder=\"0\" allowtransparency=\"true\" style=\"border:none; overflow:hidden; width:350px; height:80px; float:left;\" src=\"http:\/\/www.facebook.com\/plugins\/like.php?href=blog.greenpeace.de\/blog\/2012\/07\/14\/jetzt-mitmachen-shell-raus-aus-der-arktis\/&amp;layout=standard&amp;show_faces=true&amp;width=350&amp;action=like&amp;colorscheme=light&amp;height=80\"><\/iframe>\u00a0<\/p>\n<\/div>\n<\/div>\n","protected":false},"excerpt":{"rendered":"<p>Mittwoch, 18. Juli 2012 Umweltsch\u00fctzer aus der ganzen Welt str\u00f6men derzeit aus, um die Arktis vor der Gier der \u00d6lkonzerne zu sch\u00fctzen. An der Shell-Tankstelle am Basler Lothringerplatz demonstrierte heute&hellip;<\/p>\n","protected":false},"author":23,"featured_media":13612,"comment_status":"closed","ping_status":"open","sticky":false,"template":"","format":"standard","meta":{"_acf_changed":false,"_planet4_optimize_post_is_variant":false,"_planet4_optimize_experiment_name":"","_planet4_optimize_variant_name":"","ep_exclude_from_search":false,"p4_og_title":"","p4_og_description":"","p4_og_image":"","p4_og_image_id":"","p4_seo_canonical_url":"","p4_campaign_name":"","p4_local_project":"","p4_basket_name":"","p4_department":"","footnotes":""},"categories":[1],"tags":[41],"p4-page-type":[75],"gpch-article-type":[],"class_list":["post-13610","post","type-post","status-publish","format-standard","has-post-thumbnail","hentry","category-unkategorisiert","tag-meer","p4-page-type-story"],"acf":[],"_links":{"self":[{"href":"https:\/\/www.greenpeace.ch\/de\/wp-json\/wp\/v2\/posts\/13610","targetHints":{"allow":["GET"]}}],"collection":[{"href":"https:\/\/www.greenpeace.ch\/de\/wp-json\/wp\/v2\/posts"}],"about":[{"href":"https:\/\/www.greenpeace.ch\/de\/wp-json\/wp\/v2\/types\/post"}],"author":[{"embeddable":true,"href":"https:\/\/www.greenpeace.ch\/de\/wp-json\/wp\/v2\/users\/23"}],"replies":[{"embeddable":true,"href":"https:\/\/www.greenpeace.ch\/de\/wp-json\/wp\/v2\/comments?post=13610"}],"version-history":[{"count":0,"href":"https:\/\/www.greenpeace.ch\/de\/wp-json\/wp\/v2\/posts\/13610\/revisions"}],"wp:featuredmedia":[{"embeddable":true,"href":"https:\/\/www.greenpeace.ch\/de\/wp-json\/wp\/v2\/media\/13612"}],"wp:attachment":[{"href":"https:\/\/www.greenpeace.ch\/de\/wp-json\/wp\/v2\/media?parent=13610"}],"wp:term":[{"taxonomy":"category","embeddable":true,"href":"https:\/\/www.greenpeace.ch\/de\/wp-json\/wp\/v2\/categories?post=13610"},{"taxonomy":"post_tag","embeddable":true,"href":"https:\/\/www.greenpeace.ch\/de\/wp-json\/wp\/v2\/tags?post=13610"},{"taxonomy":"p4-page-type","embeddable":true,"href":"https:\/\/www.greenpeace.ch\/de\/wp-json\/wp\/v2\/p4-page-type?post=13610"},{"taxonomy":"gpch-article-type","embeddable":true,"href":"https:\/\/www.greenpeace.ch\/de\/wp-json\/wp\/v2\/gpch-article-type?post=13610"}],"curies":[{"name":"wp","href":"https:\/\/api.w.org\/{rel}","templated":true}]}}