{"id":13624,"date":"2012-07-13T00:00:00","date_gmt":"2012-07-12T22:00:00","guid":{"rendered":"https:\/\/master.greenpeace.ch\/beitrag\/13624\/den-haag-greenpeace-aktivisten-uebernehmen-shell-zentrale\/"},"modified":"2019-05-30T12:10:42","modified_gmt":"2019-05-30T10:10:42","slug":"den-haag-greenpeace-aktivisten-uebernehmen-shell-zentrale","status":"publish","type":"post","link":"https:\/\/www.greenpeace.ch\/de\/story\/13624\/den-haag-greenpeace-aktivisten-uebernehmen-shell-zentrale\/","title":{"rendered":"Den Haag: Greenpeace-Aktivisten \u00fcbernehmen Shell-Zentrale"},"content":{"rendered":"<p><b>Zoom<\/p>\n<p>        Freitag, 13. Juli 2012<\/p>\n<p>            Die Gesch\u00e4ftsf\u00fchrerin von Greenpeace Niederlande, Sylvia Borren, \u00fcbernimmt anstelle des &#171;ehemaligen&#187; Shell-Gesch\u00e4ftsf\u00fchrers Peter Voser notwendige Umstruktuierungsma\u00dfnahmen f\u00fcr Shell.<\/p>\n<p>\u00a9 Greenpeace<\/p>\n<p>\u00a0<\/b><\/p>\n<div class=\"post-content\">\n<div>\n<p><strong><span lang=\"en\"><\/p>\n<div class=\"events-box small-box left\">\n<div class=\"frame\">\n        <a class=\"open-img EnlargeImage\" href=\"https:\/\/www.greenpeace.ch\/static\/planet4-switzerland-stateless\/2019\/05\/21584dbd-21584dbd-d8edb88320.jpg\" title=\"\"><br \/>\n            <img decoding=\"async\" id=\"ctl00_cphContentArea_epiEntryContent_ctl00_ctl02_Image1\" class=\"Thumbnail\" src=\"https:\/\/www.greenpeace.ch\/static\/planet4-switzerland-stateless\/2019\/05\/21584dbd-21584dbd-d8edb88320.jpg\" alt=\"\" style=\"border-width:0px;\"><\/p>\n<p>        <\/a>\n    <\/div>\n<div class=\"events-content\">\n        <span class=\"date\">Freitag, 13. Juli 2012<\/span><br \/>\n        <strong><\/strong><\/p>\n<p>\n            Die Gesch\u00e4ftsf\u00fchrerin von Greenpeace Niederlande, Sylvia Borren, \u00fcbernimmt anstelle des &#171;ehemaligen&#187; Shell-Gesch\u00e4ftsf\u00fchrers Peter Voser notwendige Umstruktuierungsma\u00dfnahmen f\u00fcr Shell.<\/p>\n<p>\u00a9 Greenpeace\n        <\/p>\n<\/p>\n<\/div>\n<\/div>\n<p>\u00a0<\/span><\/strong><\/p>\n<p><strong><span lang=\"en\">Greenpeace<\/span>-Aktivisten haben heute an der Shell<dfn title=\"\u00d6lkonzern\"><\/dfn>-Firmenzentrale in Den Haag gegen von Shell <dfn title=\"\u00d6lkonzern\"><\/dfn>geplante Arktis-\u00d6lbohrungen protestiert. Die Gesch\u00e4ftsf\u00fchrerin von <span lang=\"en\">Greenpeace<\/span> Niederlande, Sylvia Borren, hat bei dem Protest auf dem Chefsessel im B\u00fcro von Peter Voser, dem Schweizer Shell-CEO<dfn title=\"\u00d6lkonzern\"><\/dfn>, Platz genommen und einschneidende Umstrukturierungen angek\u00fcndigt.<\/strong><\/p>\n<p>W\u00e4hrend Borren innerhalb des Geb\u00e4udes an Vosers statt eine nachhaltige Firmenstrategie f\u00fcr Shell <dfn title=\"\u00d6lkonzern\"><\/dfn>ausarbeitete, protestierten ausserhalb des Geb\u00e4udes siebzig Aktivisten.  Mit einem grossen Banner und Klebefl\u00e4chen machen sie Hunderte von Shell-Besch\u00e4ftigten auf das unkalkulierbare Risiko aufmerksam, das mit \u00d6lbohrungen in der Arktis verbunden ist.<\/p>\n<p>\u00a0<\/p>\n<p><iframe loading=\"lazy\" src=\"https:\/\/www.youtube.com\/embed\/R4dWG8YAxf4?rel=0\" width=\"560\" height=\"315\"><\/iframe><\/p>\n<p><q><dfn title=\"\u00d6lkonzern\"><\/dfn>Shell behauptet, ein umweltbewusster  \u00d6lkonzern zu sein, doch in Wirklichkeit investiert das Unternehmen in  riskante Projekte, um den letzten Tropfen \u00d6l aus der Erde zu quetschen,<\/q> so Borren. <q>Die <dfn title=\"\u00d6lkonzern\"><\/dfn>geplanten \u00d6lbohrungen k\u00f6nnten zu einem Desaster f\u00fcr das sensible  \u00d6kosystem Arktis f\u00fchren. Als neuer Vorstand habe ich mich daf\u00fcr  entschieden, dass<dfn title=\"\u00d6lkonzern\"> <\/dfn>Shell seine gef\u00e4hrlichen  Pl\u00e4ne auf der Stelle aufgibt und die Milliarden Dollar an Profiten in  regenerative Energien wie Wind, Sonne und Wasser steckt.<\/q><\/p>\n<h3><dfn title=\"\u00d6lkonzern\"><\/dfn>Shell will trotz Risiko bohren<\/h3>\n<p><dfn title=\"\u00d6lkonzern\"><\/dfn>Shell hat k\u00fcrzlich die Genehmigung erhalten, in diesem Sommer erste Probebohrungen in der Arktis durchzuf\u00fchren. Zuvor hatte eine <abbr title=\"United States of America\" lang=\"en\">US<\/abbr>-Beh\u00f6rde  gewarnt, dass eine Wahrscheinlichkeit von eins zu f\u00fcnf bestehe, dass es  w\u00e4hrend der Laufdauer der Bohrungen zu einem \u00d6lunfall kommt.<\/p>\n<p>Falls es zu einem solchen Unfall k\u00e4me, k\u00f6nnte das aufkommende Meereis  dazu f\u00fchren, dass Aufr\u00e4umarbeiten f\u00fcr den Grossteil des Jahres nicht  m\u00f6glich sein w\u00fcrden. Shells eigener Notfallplan zeigt, dass ausgeflossenes \u00d6l in der Arktis katastrophale Auswirkungen hat.<\/p>\n<p><q>Wenn der Klimawandel die Arktis nicht zerst\u00f6rt, dann d\u00fcrften ihr \u00d6lf\u00f6rderungen den Rest geben,<\/q> sagte Borren. <span lang=\"en\">Greenpeace<\/span> wird dem Konzern <dfn title=\"\u00d6lkonzern\"><\/dfn>dabei helfen, ein Ende seine Abh\u00e4ngigkeit von \u00d6l herbeizuf\u00fchren.<\/p>\n<p>Doch das neue Management ist dabei auf Unterst\u00fctzung angewiesen:<\/p>\n<p>\u00dcber 800&#8217;000 Menschen weltweit unterst\u00fctzen bereits die <span lang=\"en\">Greenpeace<\/span>-Petition zum Schutz der Arktis auf <a href=\"http:\/\/www.savethearctic.org\/\">www.savethearctic.org<\/a>, darunter Hollywood-Stars wie Jude Law und Musiker wie Paul McCartney, Radiohead und Peter Fox. Machen Sie ebenfalls mit!<\/p>\n<\/div>\n<\/div>\n","protected":false},"excerpt":{"rendered":"<p>Zoom Freitag, 13. Juli 2012 Die Gesch\u00e4ftsf\u00fchrerin von Greenpeace Niederlande, Sylvia Borren, \u00fcbernimmt anstelle des &#8220;ehemaligen&#8221; Shell-Gesch\u00e4ftsf\u00fchrers Peter Voser notwendige Umstruktuierungsma\u00dfnahmen f\u00fcr Shell. \u00a9 Greenpeace \u00a0 Freitag, 13. Juli 2012&hellip;<\/p>\n","protected":false},"author":23,"featured_media":13626,"comment_status":"closed","ping_status":"open","sticky":false,"template":"","format":"standard","meta":{"_acf_changed":false,"_planet4_optimize_post_is_variant":false,"_planet4_optimize_experiment_name":"","_planet4_optimize_variant_name":"","ep_exclude_from_search":false,"p4_og_title":"","p4_og_description":"","p4_og_image":"","p4_og_image_id":"","p4_seo_canonical_url":"","p4_campaign_name":"","p4_local_project":"","p4_basket_name":"","p4_department":"","footnotes":""},"categories":[1],"tags":[41],"p4-page-type":[75],"gpch-article-type":[],"class_list":["post-13624","post","type-post","status-publish","format-standard","has-post-thumbnail","hentry","category-unkategorisiert","tag-meer","p4-page-type-story"],"acf":[],"_links":{"self":[{"href":"https:\/\/www.greenpeace.ch\/de\/wp-json\/wp\/v2\/posts\/13624","targetHints":{"allow":["GET"]}}],"collection":[{"href":"https:\/\/www.greenpeace.ch\/de\/wp-json\/wp\/v2\/posts"}],"about":[{"href":"https:\/\/www.greenpeace.ch\/de\/wp-json\/wp\/v2\/types\/post"}],"author":[{"embeddable":true,"href":"https:\/\/www.greenpeace.ch\/de\/wp-json\/wp\/v2\/users\/23"}],"replies":[{"embeddable":true,"href":"https:\/\/www.greenpeace.ch\/de\/wp-json\/wp\/v2\/comments?post=13624"}],"version-history":[{"count":0,"href":"https:\/\/www.greenpeace.ch\/de\/wp-json\/wp\/v2\/posts\/13624\/revisions"}],"wp:featuredmedia":[{"embeddable":true,"href":"https:\/\/www.greenpeace.ch\/de\/wp-json\/wp\/v2\/media\/13626"}],"wp:attachment":[{"href":"https:\/\/www.greenpeace.ch\/de\/wp-json\/wp\/v2\/media?parent=13624"}],"wp:term":[{"taxonomy":"category","embeddable":true,"href":"https:\/\/www.greenpeace.ch\/de\/wp-json\/wp\/v2\/categories?post=13624"},{"taxonomy":"post_tag","embeddable":true,"href":"https:\/\/www.greenpeace.ch\/de\/wp-json\/wp\/v2\/tags?post=13624"},{"taxonomy":"p4-page-type","embeddable":true,"href":"https:\/\/www.greenpeace.ch\/de\/wp-json\/wp\/v2\/p4-page-type?post=13624"},{"taxonomy":"gpch-article-type","embeddable":true,"href":"https:\/\/www.greenpeace.ch\/de\/wp-json\/wp\/v2\/gpch-article-type?post=13624"}],"curies":[{"name":"wp","href":"https:\/\/api.w.org\/{rel}","templated":true}]}}