{"id":13639,"date":"2012-07-02T00:00:00","date_gmt":"2012-07-01T22:00:00","guid":{"rendered":"https:\/\/master.greenpeace.ch\/beitrag\/13639\/greenpeace-schickt-schiff-in-die-arktis\/"},"modified":"2019-05-30T12:11:09","modified_gmt":"2019-05-30T10:11:09","slug":"greenpeace-schickt-schiff-in-die-arktis","status":"publish","type":"post","link":"https:\/\/www.greenpeace.ch\/de\/story\/13639\/greenpeace-schickt-schiff-in-die-arktis\/","title":{"rendered":"Greenpeace schickt Schiff in die Arktis"},"content":{"rendered":"<p><b><\/b><\/p>\n<div class=\"post-content\">\n<div>\n<div class=\"events-box middle-box left\">\n<div class=\"frame\">\n        <a class=\"open-img EnlargeImage\" href=\"https:\/\/www.greenpeace.ch\/static\/planet4-switzerland-stateless\/2019\/05\/18ecd88a-18ecd88a-120702_as_tour.jpg\" title=\"\"><br \/>\n            <img decoding=\"async\" id=\"ctl00_cphContentArea_epiEntryContent_ctl00_ctl02_Image1\" class=\"Thumbnail\" src=\"https:\/\/www.greenpeace.ch\/static\/planet4-switzerland-stateless\/2019\/05\/18ecd88a-18ecd88a-120702_as_tour.jpg\" alt=\"\" style=\"border-width:0px;\"><\/p>\n<p>        <\/a>\n    <\/div>\n<div class=\"events-content\">\n        <span class=\"date\">Montag, 2. Juli 2012<\/span><br \/>\n        <strong><\/strong><\/p>\n<p>\n            07\/01\/2012 \u00a9 Bas Beentjes \/ Greenpeace\n        <\/p>\n<\/p>\n<\/div>\n<\/div>\n<p>\u00a0<\/p>\n<p>Das <span lang=\"en\">Greenpeace<\/span>-Schiff Arctic Sunrise ist von der norwegischen Insel Spitzbergen aus zu einer Expedition in die Arktis  aufgebrochen. Die Fahrt ist Teil der <a href=\"http:\/\/www.greenpeace.org\/switzerland\/de\/News_Stories\/Newsblog\/eisbaer-probt-mit-wilhelm-tell-den-aufstand-h\/blog\/41057\/\">Kampagne zum Schutz der bedrohten  Arktisregion<\/a>, die unter anderem von Weltstars wie Paul McCartney, Thom Yorke, Richard Branson, Penelope Cruz, Robert Redford, John Hurt, Emily Blunt und Pedro Almodovar unterst\u00fctzt wird.<\/p>\n<p>Die internationale Crew besteht aus Mitgliedern aller bewohnbarer  Kontinente der Erde. An Bord sind Wissenschaftler der Universit\u00e4t  Cambridge, Umweltaktivisten, Filmemacher, ein prominenter chinesischer  Musiker und zwei Mitglieder der internationalen Pfadfinderorganisation <a href=\"http:\/\/www.wagggsworld.org\/en\/home\">Girl Guides<\/a>. \u00abDer arktische Ozean wird durch den Klimawandel, \u00d6lbohrungen und   ausbeuterische Fischerei bedroht. Es ist an der Zeit eine Linie ins Eis   zu ziehen und klar zu machen: Bis hierhin und nicht weiter. Die   zerst\u00f6rerische Industrie ist mitverantwortlich f\u00fcr die rapiden   Ver\u00e4nderungen in der Arktis. Ausgerechnet sie will nun vom Abtauen des   Eises profitieren. Die Arktis braucht keine Industrie, sondern unseren   Schutz\u00bb, sagt Frida Bengtsson, Arktis-Expertin von <span lang=\"en\">Greenpeace<\/span> Nordic.<\/p>\n<h3>Die Arktis geh\u00f6rt allen Menschen<\/h3>\n<p><span lang=\"en\">Greenpeace<\/span> protestiert f\u00fcr die Einrichtung  eines internationalen Schutzgebiets in der unbewohnten Artkisregion um  den Nordpol herum, der sogenannten hohen Arktis.<\/p>\n<p><a title=\"\u00d6ffnet einen externen Link in einem neuen Fenster\" href=\"http:\/\/www.savethearctic.org\/\">Wenn eine Million Menschen f\u00fcr den Schutz der Arktis unterschrieben haben, <\/a>wird <span lang=\"en\">Greenpeace<\/span> auf dem Meeresgrund des Nordpols, vier Kilometer unter dem Eis, eine  unzerst\u00f6rbare Zeitkapsel platzieren. Sie wird die Namen der ersten  Million Arktissch\u00fctzer weltweit enthalten &#8211; ein Mahnmal daf\u00fcr, dass die  Arktis allen Menschen geh\u00f6rt und nicht nur einigen Konzernen.<\/p>\n<p>Die Stelle, an der die Kapsel versenkt wird, wird mit der Flagge der Zukunft<em><\/em> markiert: Organisiert von Girl Guides<em><\/em> soll die Flagge von Jugendlichen aus aller Welt in einem Wettbewerb entworfen werden. Als Vertreterinnen der internationalen Pfadfinderorganisation sind Miryam Justo aus Peru und Yvette Sena Blankson aus Ghana f\u00fcr eine Woche an Bord.<\/p>\n<p>\u00abDie Zukunft der Welt liegt in den H\u00e4nden junger Menschen, besonders  derer von M\u00e4dchen und jungen Frauen. Wir sind fest davon \u00fcberzeugt, dass  M\u00e4dchen und junge Frauen im Zentrum aller Programme und Entwicklungen  stehen m\u00fcssen, die die Zukunft unserer Umwelt sichern wollen\u00bb, sagt Nadine El Achy, Vorsitzende der World Association of Girl Guides and Girl Scouts.<\/p>\n<p>Um zu demonstrieren, dass die Arktis nicht nur den arktischen  Staaten, sondern allen Menschen geh\u00f6rt, sind ausserdem der chinesische  Pops\u00e4nger Hu Haiquan sowie der popul\u00e4re Kolumnist und Aktivist Fred Lam aus Hong  Kong dabei.<\/p>\n<h3>Vermessung des Arktiseises<\/h3>\n<p>Ab am 9. Juli steht die Forschung  im Mittelpunkt: Unter der Leitung von Peter Wadhams von der Universit\u00e4t  Cambridge wird ein Wissenschaftlerteam zusammen mit Ingenieuren und  Experten f\u00fcr 3D-Vermessungen zum ersten Mal die wahre Form des  arktischen See-Eises erfassen. Mit einem automatischen Unterwasser-Fahrzeug (AUV) werden die  Messungen an der Unterseite des Eises durchgef\u00fchrt. Die Oberfl\u00e4che des  Eises wird mit einem Laserscanner erfasst. Die Wissenschaftler erstellen  so ein 3D-Modell der gesamten Eisschollen.<\/p>\n<p><span lang=\"en\">Greenpeace<\/span> startet die Schiffstour zur \u00abSave the Arctic\u00bb-Kampagne zu diesem Zeitpunkt, weil der vom Schweizer CEO Peter Voser gef\u00fchrte \u00d6lkonzern Shell<dfn title=\"\u00d6lkonzern\"><\/dfn> in den n\u00e4chsten Wochen an zwei Stellen in der Arktis bei Alaska nach \u00d6l bohren will. Neben der Tour der Arctic Sunrise wird auch das <span lang=\"en\">Greenpeace<\/span>-Schiff Esperanza<span><em><\/em><\/span> an der Nordpazifikk\u00fcste der <abbr title=\"United States of America\" lang=\"en\">USA<\/abbr> entlangfahren, um die Aktivit\u00e4ten des Konzerns<dfn title=\"\u00d6lkonzern\"><\/dfn> zu \u00fcberwachen.<\/p>\n<p>Helfen Sie uns, das einmalige \u00d6kosystem der Arktis zu bewahren! <a href=\"http:\/\/www.savethearctic.org\/\"><\/a><\/p>\n<p><a title=\"Jetzt Arktissch\u00fctzerIn werden!\" href=\"http:\/\/www.savethearctic.org\/\" target=\"_blank\" rel=\"noopener noreferrer\"><img decoding=\"async\" style=\"display: block; margin-left: auto; margin-right: auto;\" title=\"Jetzt Petition unterschreiben!\" src=\"https:\/\/www.greenpeace.ch\/static\/planet4-switzerland-stateless\/2019\/05\/48667959-48667959-43960_81345.jpg\" alt=\"Arktis-Petition\"><\/a><\/p>\n<\/div>\n<\/div>\n","protected":false},"excerpt":{"rendered":"<p>Montag, 2. Juli 2012 07\/01\/2012 \u00a9 Bas Beentjes \/ Greenpeace \u00a0 Das Greenpeace-Schiff Arctic Sunrise ist von der norwegischen Insel Spitzbergen aus zu einer Expedition in die Arktis aufgebrochen. Die&hellip;<\/p>\n","protected":false},"author":23,"featured_media":13641,"comment_status":"closed","ping_status":"open","sticky":false,"template":"","format":"standard","meta":{"_acf_changed":false,"_planet4_optimize_post_is_variant":false,"_planet4_optimize_experiment_name":"","_planet4_optimize_variant_name":"","ep_exclude_from_search":false,"p4_og_title":"","p4_og_description":"","p4_og_image":"","p4_og_image_id":"","p4_seo_canonical_url":"","p4_campaign_name":"","p4_local_project":"","p4_basket_name":"","p4_department":"","footnotes":""},"categories":[1],"tags":[41],"p4-page-type":[75],"gpch-article-type":[],"class_list":["post-13639","post","type-post","status-publish","format-standard","has-post-thumbnail","hentry","category-unkategorisiert","tag-meer","p4-page-type-story"],"acf":[],"_links":{"self":[{"href":"https:\/\/www.greenpeace.ch\/de\/wp-json\/wp\/v2\/posts\/13639","targetHints":{"allow":["GET"]}}],"collection":[{"href":"https:\/\/www.greenpeace.ch\/de\/wp-json\/wp\/v2\/posts"}],"about":[{"href":"https:\/\/www.greenpeace.ch\/de\/wp-json\/wp\/v2\/types\/post"}],"author":[{"embeddable":true,"href":"https:\/\/www.greenpeace.ch\/de\/wp-json\/wp\/v2\/users\/23"}],"replies":[{"embeddable":true,"href":"https:\/\/www.greenpeace.ch\/de\/wp-json\/wp\/v2\/comments?post=13639"}],"version-history":[{"count":0,"href":"https:\/\/www.greenpeace.ch\/de\/wp-json\/wp\/v2\/posts\/13639\/revisions"}],"wp:featuredmedia":[{"embeddable":true,"href":"https:\/\/www.greenpeace.ch\/de\/wp-json\/wp\/v2\/media\/13641"}],"wp:attachment":[{"href":"https:\/\/www.greenpeace.ch\/de\/wp-json\/wp\/v2\/media?parent=13639"}],"wp:term":[{"taxonomy":"category","embeddable":true,"href":"https:\/\/www.greenpeace.ch\/de\/wp-json\/wp\/v2\/categories?post=13639"},{"taxonomy":"post_tag","embeddable":true,"href":"https:\/\/www.greenpeace.ch\/de\/wp-json\/wp\/v2\/tags?post=13639"},{"taxonomy":"p4-page-type","embeddable":true,"href":"https:\/\/www.greenpeace.ch\/de\/wp-json\/wp\/v2\/p4-page-type?post=13639"},{"taxonomy":"gpch-article-type","embeddable":true,"href":"https:\/\/www.greenpeace.ch\/de\/wp-json\/wp\/v2\/gpch-article-type?post=13639"}],"curies":[{"name":"wp","href":"https:\/\/api.w.org\/{rel}","templated":true}]}}