{"id":13644,"date":"2012-06-21T00:00:00","date_gmt":"2012-06-20T22:00:00","guid":{"rendered":"https:\/\/master.greenpeace.ch\/beitrag\/13644\/eisbaer-probt-mit-wilhelm-tell-den-aufstand-haende-weg-von-der-arktis\/"},"modified":"2019-05-30T12:11:20","modified_gmt":"2019-05-30T10:11:20","slug":"eisbaer-probt-mit-wilhelm-tell-den-aufstand-haende-weg-von-der-arktis","status":"publish","type":"post","link":"https:\/\/www.greenpeace.ch\/de\/story\/13644\/eisbaer-probt-mit-wilhelm-tell-den-aufstand-haende-weg-von-der-arktis\/","title":{"rendered":"Eisb\u00e4r probt mit Wilhelm Tell den Aufstand \u2013 H\u00e4nde weg von der Arktis"},"content":{"rendered":"<p><b><\/b><\/p>\n<div class=\"post-content\">\n<div>\n<div class=\"events-box middle-box left\">\n<div class=\"frame\">\n        <a class=\"open-img EnlargeImage\" href=\"https:\/\/www.greenpeace.ch\/static\/planet4-switzerland-stateless\/2019\/05\/980c777b-980c777b-tell_02.jpg\" title=\"\"><br \/>\n            <img decoding=\"async\" id=\"ctl00_cphContentArea_epiEntryContent_ctl00_ctl02_Image1\" class=\"Thumbnail\" src=\"https:\/\/www.greenpeace.ch\/static\/planet4-switzerland-stateless\/2019\/05\/980c777b-980c777b-tell_02.jpg\" alt=\"\" style=\"border-width:0px;\"><\/p>\n<p>        <\/a>\n    <\/div>\n<div class=\"events-content\">\n        <span class=\"date\">Donnerstag, 21. Juni 2012<\/span><br \/>\n        <strong><\/strong><\/p>\n<p>\n            Altdorf, 21.06.12,<br \/>\n\u00a9 Heike Grasser \/ Greenpeace\n        <\/p>\n<\/p>\n<\/div>\n<\/div>\n<p>Ein Eisb\u00e4r sucht Asyl in der Schweiz und den Beistand des Nationalhelden. Durch Klimawandel und Erd\u00f6lfirmen aus ihrer Heimat Arktis vertrieben, proben das Tier und seine Verwandten auf der ganzen Welt den Aufstand gegen Shell, Gazprom und Co &#8211; auch in Altdorf, zusammen mit Wilhelm Tell.<\/p>\n<p>Um die Ressourcen der Arktis ist ein gigantischer Wettstreit entbrannt. Allen voran k\u00fcndigte der <a href=\"http:\/\/www.greenpeace.org\/switzerland\/de\/Kampagnen\/Stromzukunft-Schweiz\/Klima\/arctic-impacts\/arctic\/\">vom Schweizer CEO Peter Voser<\/a> gef\u00fchrte niederl\u00e4ndische \u00d6lkonzern Shell unl\u00e4ngst an, die \u00d6lreserven Alaskas anzapfen zu wollen. \u00a0<\/p>\n<p>Greenpeace lanciert die internationale Kampagne <a href=\"http:\/\/www.savethearctic.org\/\">\u00abSave the Arctic\u00bb<\/a> zum Schutz der Arktis. Die Umweltorganisation fordert, dass die Arktis ein UNO-Schutzgebiet wird, in dem die \u00d6lf\u00f6rderung ebenso wie die industrielle Fischerei verboten bleiben.<\/p>\n<p>Wir hatten schon einmal Erfolg! <a href=\"http:\/\/www.greenpeace.de\/themen\/sonstige_themen\/antarktis\/artikel\/weltpark_antarktis_eine_chronik\/\">Vor dreissig Jahren haben wir eine \u00e4hnliche Kampagne zum Schutz der Antarktis gef\u00fchrt.<\/a> Niemand glaubte, dass wir damit Erfolg haben w\u00fcrden. Doch wir haben es geschafft und einen Weltpark rund um den S\u00fcdpol errichtet! Jetzt braucht die Arktis unsere Hilfe!<\/p>\n<p><a href=\"http:\/\/www.savethearctic.org\/\">Greenpeace sucht Menschen,<\/a> die diese Kampagne  unterst\u00fctzen. Die Namen der ersten Million Unterzeichnenden wird Greenpeace in die Arktis tragen und dort in einer Zeitkapsel verewigen. Zu den Unterzeichnern geh\u00f6ren bisher unter anderem John Hurt, Robert  Redford, Paul McCartney, Penelope Cruz, Sir Richard Branson, Pedro  Almodovar, Thom Yorke und Emily Blunt.<\/p>\n<p>Abgesehen vom kurzfristigen Profit der Erd\u00f6lbranche <a href=\"http:\/\/www.greenpeace.org\/switzerland\/de\/News_Stories\/Newsblog\/paradies-der-arktis-in-gefahr\/blog\/38667\/\">spricht alles gegen   die Erd\u00f6lf\u00f6rderung<\/a> im hochsensiblen \u00d6kosystem der Arktis.<\/p>\n<p><a href=\"http:\/\/www.greenpeace.org\/switzerland\/de\/News_Stories\/Newsblog\/shell-hallo-greenpeace-wir-wissen-wo-du-lebst\/blog\/40531\/\">Shell will sich jedoch nicht vom Weg abbringen lassen <\/a>und scheut keine Mittel: Im Mai hatte der Konzern vorsorglich eine Verf\u00fcgung gegen Greenpeace USA erwirkt, und andere Greenpeace-L\u00e4nder (auch in der Schweiz) gewarnt, dass falls ein Greenpeace-B\u00fcro jemals auf die Idee kommen sollte, nach Alaska zu fahren, um friedlich in der N\u00e4he eines \u00d6lbohrschiffes zu protestieren, Shell ein rechtliches Gewitter in die Wege leiten w\u00fcrde.<\/p>\n<p><ins datetime=\"2012-06-19T11:47\" cite=\"mailto:Yves%20Zenger\"><\/ins><\/p>\n<p>Greenpeace fordert Shell, Gazprom und Co. auf, die H\u00e4nde von der Arktis zu lassen.<\/p>\n<\/div>\n<\/div>\n","protected":false},"excerpt":{"rendered":"<p>Donnerstag, 21. Juni 2012 Altdorf, 21.06.12, \u00a9 Heike Grasser \/ Greenpeace Ein Eisb\u00e4r sucht Asyl in der Schweiz und den Beistand des Nationalhelden. Durch Klimawandel und Erd\u00f6lfirmen aus ihrer Heimat&hellip;<\/p>\n","protected":false},"author":23,"featured_media":13646,"comment_status":"closed","ping_status":"open","sticky":false,"template":"","format":"standard","meta":{"_acf_changed":false,"_planet4_optimize_post_is_variant":false,"_planet4_optimize_experiment_name":"","_planet4_optimize_variant_name":"","ep_exclude_from_search":false,"p4_og_title":"","p4_og_description":"","p4_og_image":"","p4_og_image_id":"","p4_seo_canonical_url":"","p4_campaign_name":"","p4_local_project":"","p4_basket_name":"","p4_department":"","footnotes":""},"categories":[1],"tags":[41],"p4-page-type":[75],"gpch-article-type":[],"class_list":["post-13644","post","type-post","status-publish","format-standard","has-post-thumbnail","hentry","category-unkategorisiert","tag-meer","p4-page-type-story"],"acf":[],"_links":{"self":[{"href":"https:\/\/www.greenpeace.ch\/de\/wp-json\/wp\/v2\/posts\/13644","targetHints":{"allow":["GET"]}}],"collection":[{"href":"https:\/\/www.greenpeace.ch\/de\/wp-json\/wp\/v2\/posts"}],"about":[{"href":"https:\/\/www.greenpeace.ch\/de\/wp-json\/wp\/v2\/types\/post"}],"author":[{"embeddable":true,"href":"https:\/\/www.greenpeace.ch\/de\/wp-json\/wp\/v2\/users\/23"}],"replies":[{"embeddable":true,"href":"https:\/\/www.greenpeace.ch\/de\/wp-json\/wp\/v2\/comments?post=13644"}],"version-history":[{"count":0,"href":"https:\/\/www.greenpeace.ch\/de\/wp-json\/wp\/v2\/posts\/13644\/revisions"}],"wp:featuredmedia":[{"embeddable":true,"href":"https:\/\/www.greenpeace.ch\/de\/wp-json\/wp\/v2\/media\/13646"}],"wp:attachment":[{"href":"https:\/\/www.greenpeace.ch\/de\/wp-json\/wp\/v2\/media?parent=13644"}],"wp:term":[{"taxonomy":"category","embeddable":true,"href":"https:\/\/www.greenpeace.ch\/de\/wp-json\/wp\/v2\/categories?post=13644"},{"taxonomy":"post_tag","embeddable":true,"href":"https:\/\/www.greenpeace.ch\/de\/wp-json\/wp\/v2\/tags?post=13644"},{"taxonomy":"p4-page-type","embeddable":true,"href":"https:\/\/www.greenpeace.ch\/de\/wp-json\/wp\/v2\/p4-page-type?post=13644"},{"taxonomy":"gpch-article-type","embeddable":true,"href":"https:\/\/www.greenpeace.ch\/de\/wp-json\/wp\/v2\/gpch-article-type?post=13644"}],"curies":[{"name":"wp","href":"https:\/\/api.w.org\/{rel}","templated":true}]}}