{"id":13656,"date":"2012-07-03T00:00:00","date_gmt":"2012-07-02T22:00:00","guid":{"rendered":"https:\/\/master.greenpeace.ch\/beitrag\/13656\/walfang-konferenz-versagt-schon-bei-der-ersten-abstimmung\/"},"modified":"2019-05-30T12:11:36","modified_gmt":"2019-05-30T10:11:36","slug":"walfang-konferenz-versagt-schon-bei-der-ersten-abstimmung","status":"publish","type":"post","link":"https:\/\/www.greenpeace.ch\/de\/story\/13656\/walfang-konferenz-versagt-schon-bei-der-ersten-abstimmung\/","title":{"rendered":"Walfang-Konferenz versagt schon bei der ersten Abstimmung"},"content":{"rendered":"<p><b><\/b><\/p>\n<div class=\"post-content\">\n<div>\n<div class=\"events-box middle-box left\">\n<div class=\"frame\">\n        <a class=\"open-img EnlargeImage\" href=\"https:\/\/www.greenpeace.ch\/static\/planet4-switzerland-stateless\/2019\/05\/95962964-95962964-whale_iwc_2012.jpg\" title=\"\"><br \/>\n            <img decoding=\"async\" id=\"ctl00_cphContentArea_epiEntryContent_ctl00_ctl02_Image1\" class=\"Thumbnail\" src=\"https:\/\/www.greenpeace.ch\/static\/planet4-switzerland-stateless\/2019\/05\/95962964-95962964-whale_iwc_2012.jpg\" alt=\"\" style=\"border-width:0px;\"><\/p>\n<p>        <\/a>\n    <\/div>\n<div class=\"events-content\">\n        <span class=\"date\">Dienstag, 3. Juli 2012<\/span><br \/>\n        <strong><\/strong><\/p>\n<p>\n            \u00a9 Greenpeace \/ Paul Hilton\n        <\/p>\n<\/p>\n<\/div>\n<\/div>\n<p>Einmal im Jahr treffen sich die Mitgliedsstaaten der Internationalen Walfangkommission (<abbr title=\"International Whaling Commission\" lang=\"en\">IWC<\/abbr>),  um \u00fcber verschiedene Belange rund um den Walfang zu entscheiden. Die  64. Jahrestagung in findet derzeit bis zum 6. Juli 2012 in Panama City statt.<\/p>\n<p>Bereits am ersten Tag wurde klar, dass die IWC nach wie vor den Walfang verwaltet, statt die Wale zu sch\u00fctzen: Die Einrichtung eines Schutzgebietes f\u00fcr Wale im S\u00fcdatlantik ist erneut am  Widerstand Japans gescheitert.<\/p>\n<p>Von der <abbr title=\"International Whaling Commission\" lang=\"en\">IWC<\/abbr> beschlossene Walschutzgebiete existieren bereits im gesamten Indischen  Ozean und im S\u00fcdpolarmeer. Ein daran anschliessendes neues  Walschutzgebiet im S\u00fcdatlantik w\u00e4re ein wichtiger Schritt gegen den  Walfang gewesen: Es h\u00e4tte die Situation der Wale im  S\u00fcdatlantik massiv verbessert.<\/p>\n<p>Wale und Delfine stehen heute Gef\u00e4hrdungen gegen\u00fcber, die es noch nicht gab als die <abbr title=\"International Whaling Commission\" lang=\"en\">IWC<\/abbr> 1946 gegr\u00fcndet wurde. Viele verursacht der Mensch: Wale werden durch  Dauergifte gesch\u00e4digt, leiden Hunger durch \u00dcberfischung, enden als  Beifang in Fischernetzen, kollidieren mit Schiffsschrauben und leiden  unter Unterwasserl\u00e4rm.<\/p>\n<\/div>\n<\/div>\n","protected":false},"excerpt":{"rendered":"<p>Dienstag, 3. Juli 2012 \u00a9 Greenpeace \/ Paul Hilton Einmal im Jahr treffen sich die Mitgliedsstaaten der Internationalen Walfangkommission (IWC), um \u00fcber verschiedene Belange rund um den Walfang zu entscheiden.&hellip;<\/p>\n","protected":false},"author":23,"featured_media":13658,"comment_status":"closed","ping_status":"open","sticky":false,"template":"","format":"standard","meta":{"_acf_changed":false,"_planet4_optimize_post_is_variant":false,"_planet4_optimize_experiment_name":"","_planet4_optimize_variant_name":"","ep_exclude_from_search":false,"p4_og_title":"","p4_og_description":"","p4_og_image":"","p4_og_image_id":"","p4_seo_canonical_url":"","p4_campaign_name":"","p4_local_project":"","p4_basket_name":"","p4_department":"","footnotes":""},"categories":[1],"tags":[],"p4-page-type":[75],"gpch-article-type":[],"class_list":["post-13656","post","type-post","status-publish","format-standard","has-post-thumbnail","hentry","category-unkategorisiert","p4-page-type-story"],"acf":[],"_links":{"self":[{"href":"https:\/\/www.greenpeace.ch\/de\/wp-json\/wp\/v2\/posts\/13656","targetHints":{"allow":["GET"]}}],"collection":[{"href":"https:\/\/www.greenpeace.ch\/de\/wp-json\/wp\/v2\/posts"}],"about":[{"href":"https:\/\/www.greenpeace.ch\/de\/wp-json\/wp\/v2\/types\/post"}],"author":[{"embeddable":true,"href":"https:\/\/www.greenpeace.ch\/de\/wp-json\/wp\/v2\/users\/23"}],"replies":[{"embeddable":true,"href":"https:\/\/www.greenpeace.ch\/de\/wp-json\/wp\/v2\/comments?post=13656"}],"version-history":[{"count":0,"href":"https:\/\/www.greenpeace.ch\/de\/wp-json\/wp\/v2\/posts\/13656\/revisions"}],"wp:featuredmedia":[{"embeddable":true,"href":"https:\/\/www.greenpeace.ch\/de\/wp-json\/wp\/v2\/media\/13658"}],"wp:attachment":[{"href":"https:\/\/www.greenpeace.ch\/de\/wp-json\/wp\/v2\/media?parent=13656"}],"wp:term":[{"taxonomy":"category","embeddable":true,"href":"https:\/\/www.greenpeace.ch\/de\/wp-json\/wp\/v2\/categories?post=13656"},{"taxonomy":"post_tag","embeddable":true,"href":"https:\/\/www.greenpeace.ch\/de\/wp-json\/wp\/v2\/tags?post=13656"},{"taxonomy":"p4-page-type","embeddable":true,"href":"https:\/\/www.greenpeace.ch\/de\/wp-json\/wp\/v2\/p4-page-type?post=13656"},{"taxonomy":"gpch-article-type","embeddable":true,"href":"https:\/\/www.greenpeace.ch\/de\/wp-json\/wp\/v2\/gpch-article-type?post=13656"}],"curies":[{"name":"wp","href":"https:\/\/api.w.org\/{rel}","templated":true}]}}