{"id":13660,"date":"2012-06-26T00:00:00","date_gmt":"2012-06-25T22:00:00","guid":{"rendered":"https:\/\/master.greenpeace.ch\/beitrag\/13660\/filz-bei-der-atomaufsicht-unabhaengige-untersuchung-gefordert\/"},"modified":"2019-05-30T12:11:40","modified_gmt":"2019-05-30T10:11:40","slug":"filz-bei-der-atomaufsicht-unabhaengige-untersuchung-gefordert","status":"publish","type":"post","link":"https:\/\/www.greenpeace.ch\/de\/story\/13660\/filz-bei-der-atomaufsicht-unabhaengige-untersuchung-gefordert\/","title":{"rendered":"Filz bei der Atomaufsicht: Unabh\u00e4ngige Untersuchung gefordert"},"content":{"rendered":"<p><b>In der Sonntagspresse vom vergangenen Wochenende war ein brisanter Artikel zu lesen: Der Geologe und Spezialist f\u00fcr nukleare Abf\u00e4lle, Marco Buser, tritt aus Protest aus der Kommission f\u00fcr nukleare Sicherheit \u2013 einer wichtigen Expertengruppe des Bundesrats \u2013 zur\u00fcck. Buser kritisiert das Bundesamt f\u00fcr Energie und das Nuklearinspektorat (Ensi), sie w\u00fcrden Einw\u00e4nde unabh\u00e4ngiger Experten am Vorgehen bei der Suche nach einem Tiefenlager ignorieren, das Bundesamt handle nach dem Diktat der Nationalen Genossenschaft f\u00fcr die Lagerung radioaktiver Abf\u00e4lle (Nagra) und sei deshalb nicht unabh\u00e4ngig. Buser hat Energieministerin Doris Leuthard bereits brieflich \u00fcber seinen R\u00fccktritt und die Gr\u00fcnde, die zu diesem Schritt f\u00fchrten, informiert. Atomkritische Organisationen sehen sich nach diesem R\u00fccktritt in ihrer Kritik an den Atomaufsichtsbeh\u00f6rden best\u00e4tigt. Greenpeace und die Schweizerische Energiestiftung SES fordern deshalb vom UVEK, schnellstm\u00f6glich eine unabh\u00e4ngige Untersuchung zu den Vorw\u00fcrfen einzuleiten und die Ergebnisse der \u00d6ffentlichkeit zug\u00e4nglich zu machen.<\/b><\/p>\n<div class=\"post-content\">\n<div>\n<p>In der Sonntagspresse vom vergangenen Wochenende war ein brisanter Artikel zu lesen: Der Geologe und Spezialist f\u00fcr nukleare Abf\u00e4lle, Marco Buser, tritt aus Protest aus der Kommission f\u00fcr nukleare Sicherheit \u2013 einer wichtigen Expertengruppe des Bundesrats \u2013 zur\u00fcck. Buser kritisiert das Bundesamt f\u00fcr Energie und das Nuklearinspektorat (Ensi), sie w\u00fcrden Einw\u00e4nde unabh\u00e4ngiger Experten am Vorgehen bei der Suche nach einem Tiefenlager ignorieren, das Bundesamt handle nach dem Diktat der Nationalen Genossenschaft f\u00fcr die Lagerung radioaktiver Abf\u00e4lle (Nagra) und sei deshalb nicht unabh\u00e4ngig. Buser hat Energieministerin Doris Leuthard bereits brieflich \u00fcber seinen R\u00fccktritt und die Gr\u00fcnde, die zu diesem Schritt f\u00fchrten, informiert. Atomkritische Organisationen sehen sich nach diesem R\u00fccktritt in ihrer Kritik an den Atomaufsichtsbeh\u00f6rden best\u00e4tigt. Greenpeace und die Schweizerische Energiestiftung SES fordern deshalb vom UVEK, schnellstm\u00f6glich eine unabh\u00e4ngige Untersuchung zu den Vorw\u00fcrfen einzuleiten und die Ergebnisse der \u00d6ffentlichkeit zug\u00e4nglich zu machen.<\/p>\n<p><a href=\"http:\/\/nein-zu-neuen-akw.ch\/?p=2432\" target=\"_blank\" rel=\"noopener noreferrer\">Gemeinsame Medienmitteilung von Greenpeace und SES<\/a><\/p>\n<p><a href=\"http:\/\/www.derbund.ch\/schweiz\/standard\/Nuklearexperte-wirft-Schweizer-Atombehoerden-Filz-vor\/story\/13930464?comments=1\" target=\"_blank\" rel=\"noopener noreferrer\">Der Bund vom 24.6.2012<\/a>\u00a0 <br \/> <a href=\"http:\/\/www.sonntagszeitung.ch\/home\/artikel-detailseite\/?newsid=221962\" target=\"_blank\" rel=\"noopener noreferrer\">SonntagsZeitung vom 24.6. 2012 <\/a><\/p>\n<\/div>\n<\/div>\n","protected":false},"excerpt":{"rendered":"<p>In der Sonntagspresse vom vergangenen Wochenende war ein brisanter Artikel zu lesen: Der Geologe und Spezialist f\u00fcr nukleare Abf\u00e4lle, Marco Buser, tritt aus Protest aus der Kommission f\u00fcr nukleare Sicherheit&hellip;<\/p>\n","protected":false},"author":23,"featured_media":0,"comment_status":"closed","ping_status":"open","sticky":false,"template":"","format":"standard","meta":{"_acf_changed":false,"_planet4_optimize_post_is_variant":false,"_planet4_optimize_experiment_name":"","_planet4_optimize_variant_name":"","ep_exclude_from_search":false,"p4_og_title":"","p4_og_description":"","p4_og_image":"","p4_og_image_id":"","p4_seo_canonical_url":"","p4_campaign_name":"","p4_local_project":"","p4_basket_name":"","p4_department":"","footnotes":""},"categories":[1],"tags":[42],"p4-page-type":[75],"gpch-article-type":[],"class_list":["post-13660","post","type-post","status-publish","format-standard","hentry","category-unkategorisiert","tag-energie","p4-page-type-story"],"acf":[],"_links":{"self":[{"href":"https:\/\/www.greenpeace.ch\/de\/wp-json\/wp\/v2\/posts\/13660","targetHints":{"allow":["GET"]}}],"collection":[{"href":"https:\/\/www.greenpeace.ch\/de\/wp-json\/wp\/v2\/posts"}],"about":[{"href":"https:\/\/www.greenpeace.ch\/de\/wp-json\/wp\/v2\/types\/post"}],"author":[{"embeddable":true,"href":"https:\/\/www.greenpeace.ch\/de\/wp-json\/wp\/v2\/users\/23"}],"replies":[{"embeddable":true,"href":"https:\/\/www.greenpeace.ch\/de\/wp-json\/wp\/v2\/comments?post=13660"}],"version-history":[{"count":0,"href":"https:\/\/www.greenpeace.ch\/de\/wp-json\/wp\/v2\/posts\/13660\/revisions"}],"wp:attachment":[{"href":"https:\/\/www.greenpeace.ch\/de\/wp-json\/wp\/v2\/media?parent=13660"}],"wp:term":[{"taxonomy":"category","embeddable":true,"href":"https:\/\/www.greenpeace.ch\/de\/wp-json\/wp\/v2\/categories?post=13660"},{"taxonomy":"post_tag","embeddable":true,"href":"https:\/\/www.greenpeace.ch\/de\/wp-json\/wp\/v2\/tags?post=13660"},{"taxonomy":"p4-page-type","embeddable":true,"href":"https:\/\/www.greenpeace.ch\/de\/wp-json\/wp\/v2\/p4-page-type?post=13660"},{"taxonomy":"gpch-article-type","embeddable":true,"href":"https:\/\/www.greenpeace.ch\/de\/wp-json\/wp\/v2\/gpch-article-type?post=13660"}],"curies":[{"name":"wp","href":"https:\/\/api.w.org\/{rel}","templated":true}]}}