{"id":13668,"date":"2012-06-18T00:00:00","date_gmt":"2012-06-17T22:00:00","guid":{"rendered":"https:\/\/master.greenpeace.ch\/beitrag\/13668\/kommentar-zur-qualitaetscharta-der-schweizer-land-und-ernaehrungswirtschaft\/"},"modified":"2019-05-30T12:11:55","modified_gmt":"2019-05-30T10:11:55","slug":"kommentar-zur-qualitaetscharta-der-schweizer-land-und-ernaehrungswirtschaft","status":"publish","type":"post","link":"https:\/\/www.greenpeace.ch\/de\/story\/13668\/kommentar-zur-qualitaetscharta-der-schweizer-land-und-ernaehrungswirtschaft\/","title":{"rendered":"Kommentar zur Qualit\u00e4tscharta der Schweizer Land- und Ern\u00e4hrungswirtschaft"},"content":{"rendered":"<div class=\"post-content\">\n<div>\n<div class=\"events-box middle-box left\">\n<div class=\"frame\"><img decoding=\"async\" id=\"ctl00_cphContentArea_epiEntryContent_ctl00_ctl02_Image1\" class=\"Thumbnail\" style=\"border-width: 0px;\" src=\"https:\/\/www.greenpeace.ch\/static\/planet4-switzerland-stateless\/2019\/05\/b3d9c65f-b3d9c65f-kuehe.jpg\" alt=\"\" \/><span class=\"date\"><br \/>\nMittwoch, 2. Mai 2012 <\/span>\u00a9 Greenpeace<\/div>\n<\/div>\n<p>Marianne K\u00fcnzle, Landwirtschaftsexpertin von Greenpeace Schweiz, kommentiert wie folgt: \u00abGreenpeace begr\u00fcsst die <a href=\"http:\/\/www.qualitaetsstrategie.ch\/de\">Qualit\u00e4tscharta der Schweizer Land- und Ern\u00e4hrungswirtschaft<\/a>. Sie ist wichtiges Bekenntnis f\u00fcr lokal, tiergerecht und \u00f6kologisch hergestellte Lebensmittel. Angesichts der massiven Umweltprobleme, die insbesondere auch der Lebensmittelsektor verursacht, reicht das jetzige Angebot \u00f6kologischer Qualit\u00e4tsproduktion aber nicht aus. Gerade die zunehmende intensive Milchproduktion mit hohem umweltbelastendem Kraftfuttereinsatz ist mit der heute ver\u00f6ffentlichten Qualit\u00e4tscharta (noch) nicht vereinbar.<\/p>\n<p><a href=\"https:\/\/www.greenpeace.ch\/wp-content\/uploads\/2017\/01\/Umfrage-Landwirtschft.pdf\">Aktuelle Greenpeace-Umfrageergebnisse\u00a0\u00a0\u00a0 <\/a>sollen Milchproduzenten, -verarbeiter und -vermarkter ermuntern, sich im Sinne der Qualit\u00e4tscharta wieder auf eine standortangepasstere und nachhaltigere Produktion zu konzentrieren: Herr und Frau Schweizer stehen zwar hinter der Schweizer Landwirtschaft, \u00e4ussern sich gegen\u00fcber einer nicht standortangepassten und kraftfutterbasierten Milchproduktion aber \u00e4usserst skeptisch und bef\u00fcrworten deutlich eine finanzielle Unterst\u00fctzung von prim\u00e4r \u00f6kologisch wirtschaftenden Bauernbetrieben.\u00bb<\/p>\n<\/div>\n<\/div>\n","protected":false},"excerpt":{"rendered":"<p>Mittwoch, 2. Mai 2012 \u00a9 Greenpeace Marianne K\u00fcnzle, Landwirtschaftsexpertin von Greenpeace Schweiz, kommentiert wie folgt: \u00abGreenpeace begr\u00fcsst die Qualit\u00e4tscharta der Schweizer Land- und Ern\u00e4hrungswirtschaft. Sie ist wichtiges Bekenntnis f\u00fcr lokal,&hellip;<\/p>\n","protected":false},"author":23,"featured_media":13670,"comment_status":"closed","ping_status":"open","sticky":false,"template":"","format":"standard","meta":{"_acf_changed":false,"_planet4_optimize_post_is_variant":false,"_planet4_optimize_experiment_name":"","_planet4_optimize_variant_name":"","ep_exclude_from_search":false,"p4_og_title":"","p4_og_description":"","p4_og_image":"","p4_og_image_id":"","p4_seo_canonical_url":"","p4_campaign_name":"","p4_local_project":"","p4_basket_name":"","p4_department":"","footnotes":""},"categories":[1],"tags":[33],"p4-page-type":[75],"gpch-article-type":[],"class_list":["post-13668","post","type-post","status-publish","format-standard","has-post-thumbnail","hentry","category-unkategorisiert","tag-ernaehrung","p4-page-type-story"],"acf":[],"_links":{"self":[{"href":"https:\/\/www.greenpeace.ch\/de\/wp-json\/wp\/v2\/posts\/13668","targetHints":{"allow":["GET"]}}],"collection":[{"href":"https:\/\/www.greenpeace.ch\/de\/wp-json\/wp\/v2\/posts"}],"about":[{"href":"https:\/\/www.greenpeace.ch\/de\/wp-json\/wp\/v2\/types\/post"}],"author":[{"embeddable":true,"href":"https:\/\/www.greenpeace.ch\/de\/wp-json\/wp\/v2\/users\/23"}],"replies":[{"embeddable":true,"href":"https:\/\/www.greenpeace.ch\/de\/wp-json\/wp\/v2\/comments?post=13668"}],"version-history":[{"count":0,"href":"https:\/\/www.greenpeace.ch\/de\/wp-json\/wp\/v2\/posts\/13668\/revisions"}],"wp:featuredmedia":[{"embeddable":true,"href":"https:\/\/www.greenpeace.ch\/de\/wp-json\/wp\/v2\/media\/13670"}],"wp:attachment":[{"href":"https:\/\/www.greenpeace.ch\/de\/wp-json\/wp\/v2\/media?parent=13668"}],"wp:term":[{"taxonomy":"category","embeddable":true,"href":"https:\/\/www.greenpeace.ch\/de\/wp-json\/wp\/v2\/categories?post=13668"},{"taxonomy":"post_tag","embeddable":true,"href":"https:\/\/www.greenpeace.ch\/de\/wp-json\/wp\/v2\/tags?post=13668"},{"taxonomy":"p4-page-type","embeddable":true,"href":"https:\/\/www.greenpeace.ch\/de\/wp-json\/wp\/v2\/p4-page-type?post=13668"},{"taxonomy":"gpch-article-type","embeddable":true,"href":"https:\/\/www.greenpeace.ch\/de\/wp-json\/wp\/v2\/gpch-article-type?post=13668"}],"curies":[{"name":"wp","href":"https:\/\/api.w.org\/{rel}","templated":true}]}}