{"id":13672,"date":"2012-06-27T00:00:00","date_gmt":"2012-06-26T22:00:00","guid":{"rendered":"https:\/\/master.greenpeace.ch\/beitrag\/13672\/weltweiter-aktionstag-zum-schutz-der-arktis\/"},"modified":"2019-05-30T12:12:04","modified_gmt":"2019-05-30T10:12:04","slug":"weltweiter-aktionstag-zum-schutz-der-arktis","status":"publish","type":"post","link":"https:\/\/www.greenpeace.ch\/de\/story\/13672\/weltweiter-aktionstag-zum-schutz-der-arktis\/","title":{"rendered":"Weltweiter Aktionstag zum Schutz der Arktis"},"content":{"rendered":"<p><b>Am vergangenen Samstag hat der bisher gr\u00f6sste Aktionstag \u00fcberhaut stattgefunden. Rund um den Globus waren in 20 verschieden L\u00e4ndern insgesamt 2000 Freiwillige unterwegs. Auch in der Schweiz haben Greenpeace-Freiwillige vom Tessin bis nach Basel in vielen St\u00e4dten Aktionen gemacht.<\/b><\/p>\n<div class=\"post-content\">\n<div>\n<p>Am vergangenen Samstag hat der bisher gr\u00f6sste Aktionstag \u00fcberhaut stattgefunden. Rund um den Globus waren in 20 verschieden L\u00e4ndern insgesamt 2000 Freiwillige unterwegs. Auch in der Schweiz haben Greenpeace-Freiwillige vom Tessin bis nach Basel in vielen St\u00e4dten Aktionen gemacht.<\/p>\n<h4>\n<div class=\"events-box big-box left\">\n<div class=\"frame\">\n        <a class=\"open-img EnlargeImage\" href=\"https:\/\/www.greenpeace.ch\/static\/planet4-switzerland-stateless\/2019\/05\/fc210653-fc210653-img_3215.jpg\" title=\"\"><br \/>\n            <img decoding=\"async\" id=\"ctl00_cphContentArea_epiEntryContent_ctl00_ctl02_Image1\" class=\"Thumbnail\" src=\"https:\/\/www.greenpeace.ch\/static\/planet4-switzerland-stateless\/2019\/05\/fc210653-fc210653-img_3215.jpg\" alt=\"\" style=\"border-width:0px;\"><\/p>\n<p>        <\/a>\n    <\/div>\n<div class=\"events-content\">\n        <span class=\"date\">Mittwoch, 27. Juni 2012<\/span><br \/>\n        <strong><\/strong><\/p>\n<p>\n            Die Freiwillige setzen sich f\u00fcr die Arktis ein \u00a9 Greenpeace\n        <\/p>\n<\/p>\n<\/div>\n<\/div>\n<p>\u00a0<\/h4>\n<h4><strong>Alle haben das gleiche Ziel<\/strong><\/h4>\n<p>Ein Schutzgebiet rund um die Arktis! Die Arktis, als bisher weitgehend unber\u00fchrter Lebensraum f\u00fcr viele nur dort vorkommende Arten, muss vor Erd\u00f6lkonzernen und industrieller Fischerei bewahrt werden! \u00d6lunf\u00e4lle k\u00f6nnten dieses Gebiet f\u00fcr Jahrzehnte verseuchen und Tiere wie den Eisb\u00e4ren, dessen Lebensraum ohnehin bereits durch den Klimawandel schwindet, in ihrer Existenz bedrohen.<\/p>\n<div class=\"events-box small-box right\">\n<div class=\"frame\">\n        <a class=\"open-img EnlargeImage\" href=\"https:\/\/www.greenpeace.ch\/static\/planet4-switzerland-stateless\/2019\/05\/d361cf4b-d361cf4b-p6230664.jpg\" title=\"\"><br \/>\n            <img decoding=\"async\" id=\"ctl00_cphContentArea_epiEntryContent_ctl00_ctl04_Image1\" class=\"Thumbnail\" src=\"https:\/\/www.greenpeace.ch\/static\/planet4-switzerland-stateless\/2019\/05\/d361cf4b-d361cf4b-p6230664.jpg\" alt=\"\" style=\"border-width:0px;\"><\/p>\n<p>        <\/a>\n    <\/div>\n<div class=\"events-content\">\n        <span class=\"date\">Mittwoch, 27. Juni 2012<\/span><br \/>\n        <strong><\/strong><\/p>\n<p>\n            Freiwillger mit selbst gebautem Bohrturm. \u00a9 Greenpeace\n        <\/p>\n<\/p>\n<\/div>\n<\/div>\n<p>\u00a0<\/p>\n<p>Von langer Hand haben die Freiwilligen ihre Aktionen geplant und  vorbereitet. Die Gruppe Bern machte in ganz besonderer Weise auf das  Problem aufmerksam. Mit einer inszenierten \u00d6lbohrung veranschaulichten  sie wie es bald in der Arktis aussehen k\u00f6nnte. Es war die perfekte  Kulisse um mit Menschen ins Gespr\u00e4ch zu kommen und sie zu \u00fcberzeugen,  gemeinsam mit uns die Arktis zu retten!<\/p>\n<p><a href=\"https:\/\/www.facebook.com\/media\/set\/?set=a.197842280341318.41990.190271334431746&amp;type=3\">Vergleichbar kreativ ging es auch an anderen Orten weiter:<\/a> So haben beispielsweise verkleidete Eisb\u00e4ren am Strand von Montpellier oder Zauberer auf Palma de Mallorca die globale Bewegung anschwellen lassen.<\/p>\n<h4><strong>Motivierende Momente<\/strong><\/h4>\n<p>F\u00fcr mich war es insbesondere motivierend zu erleben, wie viele Menschen auf der Strasse unserem Anliegen folgen. Es verdeutlichte mir, dass es auch innerhalb der Bev\u00f6lkerung bereits eine breite Front gibt, welche die Arktis und damit schliesslich auch unser Weltklima sch\u00fctzen m\u00f6chte. Jetzt gilt es weiter zu machen und diese Menschen zu einen!<\/p>\n<p>Und um gegen die m\u00e4chtigen Konzerne zu gewinnen brauchen wir die Unterst\u00fctzung von Millionen von Menschen! Bleiben Sie auf dem Laufenden und werden Sie <a title=\"Werde Facebook-Fan!\" href=\"https:\/\/www.facebook.com\/greenpeace.ch\">Facebook-Fan<\/a> und folgen Sie uns auf <a title=\"Folge uns auf Twitter!\" href=\"http:\/\/twitter.com\/#!\/greenpeace_ch\">Twitter.<\/a><\/p>\n<p>Oder reisen Sie mit uns unter <a href=\"http:\/\/www.savethearctic.org\/\">www.savethearctic.org<\/a> direkt zur Arktis!<\/p>\n<p>Drei Tage vor dem weltweiten Aktionstag sind bereits Eisb\u00e4ren an ikonischen Orten auf der ganzen Welt aufgetaucht, um auf das Problem in ihrer Heimat aufmerksam zu machen:<\/p>\n<p>\u00a0<\/p>\n<\/div>\n<\/div>\n","protected":false},"excerpt":{"rendered":"<p>Am vergangenen Samstag hat der bisher gr\u00f6sste Aktionstag \u00fcberhaut stattgefunden. Rund um den Globus waren in 20 verschieden L\u00e4ndern insgesamt 2000 Freiwillige unterwegs. Auch in der Schweiz haben Greenpeace-Freiwillige vom&hellip;<\/p>\n","protected":false},"author":23,"featured_media":13674,"comment_status":"closed","ping_status":"open","sticky":false,"template":"","format":"standard","meta":{"_acf_changed":false,"_planet4_optimize_post_is_variant":false,"_planet4_optimize_experiment_name":"","_planet4_optimize_variant_name":"","ep_exclude_from_search":false,"p4_og_title":"","p4_og_description":"","p4_og_image":"","p4_og_image_id":"","p4_seo_canonical_url":"","p4_campaign_name":"","p4_local_project":"","p4_basket_name":"","p4_department":"","footnotes":""},"categories":[1],"tags":[41],"p4-page-type":[75],"gpch-article-type":[],"class_list":["post-13672","post","type-post","status-publish","format-standard","has-post-thumbnail","hentry","category-unkategorisiert","tag-meer","p4-page-type-story"],"acf":[],"_links":{"self":[{"href":"https:\/\/www.greenpeace.ch\/de\/wp-json\/wp\/v2\/posts\/13672","targetHints":{"allow":["GET"]}}],"collection":[{"href":"https:\/\/www.greenpeace.ch\/de\/wp-json\/wp\/v2\/posts"}],"about":[{"href":"https:\/\/www.greenpeace.ch\/de\/wp-json\/wp\/v2\/types\/post"}],"author":[{"embeddable":true,"href":"https:\/\/www.greenpeace.ch\/de\/wp-json\/wp\/v2\/users\/23"}],"replies":[{"embeddable":true,"href":"https:\/\/www.greenpeace.ch\/de\/wp-json\/wp\/v2\/comments?post=13672"}],"version-history":[{"count":0,"href":"https:\/\/www.greenpeace.ch\/de\/wp-json\/wp\/v2\/posts\/13672\/revisions"}],"wp:featuredmedia":[{"embeddable":true,"href":"https:\/\/www.greenpeace.ch\/de\/wp-json\/wp\/v2\/media\/13674"}],"wp:attachment":[{"href":"https:\/\/www.greenpeace.ch\/de\/wp-json\/wp\/v2\/media?parent=13672"}],"wp:term":[{"taxonomy":"category","embeddable":true,"href":"https:\/\/www.greenpeace.ch\/de\/wp-json\/wp\/v2\/categories?post=13672"},{"taxonomy":"post_tag","embeddable":true,"href":"https:\/\/www.greenpeace.ch\/de\/wp-json\/wp\/v2\/tags?post=13672"},{"taxonomy":"p4-page-type","embeddable":true,"href":"https:\/\/www.greenpeace.ch\/de\/wp-json\/wp\/v2\/p4-page-type?post=13672"},{"taxonomy":"gpch-article-type","embeddable":true,"href":"https:\/\/www.greenpeace.ch\/de\/wp-json\/wp\/v2\/gpch-article-type?post=13672"}],"curies":[{"name":"wp","href":"https:\/\/api.w.org\/{rel}","templated":true}]}}