{"id":13712,"date":"2012-06-28T00:00:00","date_gmt":"2012-06-27T22:00:00","guid":{"rendered":"https:\/\/master.greenpeace.ch\/beitrag\/13712\/solarstrom-von-ganz-oben\/"},"modified":"2019-05-30T12:13:16","modified_gmt":"2019-05-30T10:13:16","slug":"solarstrom-von-ganz-oben","status":"publish","type":"post","link":"https:\/\/www.greenpeace.ch\/de\/story\/13712\/solarstrom-von-ganz-oben\/","title":{"rendered":"Solarstrom von ganz oben"},"content":{"rendered":"<p><b>Vergangene Woche wurde in luftiger H\u00f6he oberhalb von Bellwald im Wallis ein weiterer handfester Beitrag zur Schweizer Energiewende geleistet. Und zwar von 12 Sch\u00fclern aus Frauenfeld, die sich auch \u201eenergy agents\u201c nennen. Unter der Anleitung von Jugendsolar by Greenpeace montierten die 13 bis 16-j\u00e4hrigen \u201eenergy agents\u201c Solarpanels auf einer Lawinenverbauung auf 2200 Metern \u00fcber Meer. Ihr Einsatz fand nicht nur unter aussergew\u00f6hnlichen hochalpinen Bedingungen statt, die Jugendlichen waren auch bei nichts Geringerem als einer Schweizer Premiere mit dabei. Es handelt sich bei der Anlage in Bellwald n\u00e4mlich um die\u00a0 allererste netzintegrierte Solaranlage auf einer Lawinenverbauung. Sie geht auf ein von der Energieregion Goms angestossenes Projekt zur\u00fcck, welches das grosse Potenzial von Lawinenverbauungen zur Stromproduktion ausnutzen wollte. Dies mit gutem Grund: Im Alpenraum ist die Sonneneinstrahlung wesentlich st\u00e4rker als im Mittelland und es kann deshalb dort eineinhalb Mal so viel Strom produziert werden wie in tieferen Lagen. Dieser \u00fcberdurchschnittlich hohe Stromertrag f\u00e4llt zudem regelm\u00e4ssiger an als im Unterland, da sich im Alpenraum auch im Winter viel Solarstrom produzieren l\u00e4sst. Damit das grosse Potenzial in den Bergen \u00fcber das ganze Jahr hinweg optimal ausgenutzt werden kann, wurden die Panels f\u00fcr Lawinenverbauungen so konstruiert, dass sich ihre Neigung dem Sonnenstand im Winter und Sommer anpassen l\u00e4sst. Schliesslich sorgt ein spezielles Halterungssystem daf\u00fcr, dass die Anlage extremen Wetterverh\u00e4ltnissen trotzt und grosse Schneemengen verkraftet. In der Schweiz k\u00f6nnten etwa 200 Kilometer Lawinenst\u00fctzwerke mit solchen Spezialpanels ausger\u00fcstet werden.Beitrag auf SF TV\u00a0 vom 20. Juni 2012Medienmitteilung vom 18. Juni 2012<\/b><\/p>\n<div class=\"post-content\">\n<div>\n<p>Vergangene Woche wurde in luftiger H\u00f6he oberhalb von Bellwald im Wallis ein weiterer handfester Beitrag zur Schweizer Energiewende geleistet. Und zwar von 12 Sch\u00fclern aus Frauenfeld, die sich auch \u201eenergy agents\u201c nennen. Unter der Anleitung von <a href=\"http:\/\/www.greenpeace.org\/switzerland\/de\/Kampagnen\/Jugendsolar\/\" target=\"_blank\" rel=\"noopener noreferrer\">Jugendsolar by Greenpeace<\/a> montierten die 13 bis 16-j\u00e4hrigen \u201eenergy agents\u201c Solarpanels auf einer Lawinenverbauung auf 2200 Metern \u00fcber Meer. Ihr Einsatz fand nicht nur unter aussergew\u00f6hnlichen hochalpinen Bedingungen statt, die Jugendlichen waren auch bei nichts Geringerem als einer Schweizer Premiere mit dabei. Es handelt sich bei der Anlage in Bellwald n\u00e4mlich um die\u00a0 allererste netzintegrierte Solaranlage auf einer Lawinenverbauung. Sie geht auf ein von der <a href=\"http:\/\/www.unternehmengoms.ch\/\" target=\"_blank\" rel=\"noopener noreferrer\">Energieregion Goms<\/a> angestossenes Projekt zur\u00fcck, welches das grosse Potenzial von Lawinenverbauungen zur Stromproduktion ausnutzen wollte. Dies mit gutem Grund: Im Alpenraum ist die Sonneneinstrahlung wesentlich st\u00e4rker als im Mittelland und es kann deshalb dort eineinhalb Mal so viel Strom produziert werden wie in tieferen Lagen. Dieser \u00fcberdurchschnittlich hohe Stromertrag f\u00e4llt zudem regelm\u00e4ssiger an als im Unterland, da sich im Alpenraum auch im Winter viel Solarstrom produzieren l\u00e4sst. Damit das grosse Potenzial in den Bergen \u00fcber das ganze Jahr hinweg optimal ausgenutzt werden kann, wurden die Panels f\u00fcr Lawinenverbauungen so konstruiert, dass sich ihre Neigung dem Sonnenstand im Winter und Sommer anpassen l\u00e4sst. Schliesslich sorgt ein spezielles Halterungssystem daf\u00fcr, dass die Anlage extremen Wetterverh\u00e4ltnissen trotzt und grosse Schneemengen verkraftet. In der Schweiz k\u00f6nnten etwa 200 Kilometer Lawinenst\u00fctzwerke mit solchen Spezialpanels ausger\u00fcstet werden.<br \/><a href=\"http:\/\/www.greenpeace.org\/switzerland\/de\/Kampagnen\/Jugendsolar\/Projekte\/Fotos\/Lawinenverbauung-Bellwald\/\" target=\"_blank\" rel=\"noopener noreferrer\"><\/a><br \/><a href=\"http:\/\/www.videoportal.sf.tv\/video?id=d23e50d5-e27d-484c-b3c6-c917749c1fa8\" target=\"_blank\" rel=\"noopener noreferrer\">Beitrag auf SF TV\u00a0 vom 20. Juni 2012<\/a><\/p>\n<p><a href=\"http:\/\/www.greenpeace.org\/switzerland\/de\/Uber-uns\/Medienstelle\/Medienmitteilungen\/Solar-Pioniere-auf-2200-Metern-ueber-Meer\/\" target=\"_blank\" rel=\"noopener noreferrer\">Medienmitteilung vom 18. Juni 2012<\/a><\/p>\n<\/p>\n<div class=\"embedded-image-gallery promo general-form\">\n<h2>Lawinenverbauung Bellwald<\/h2>\n<div class=\"gallery\">\n<div class=\"img-nav\">\n<div class=\"carousel\">\n<ul class=\"img-list galleria\">\n<li class=\"active\">\n                            <a title=\"Jugendsolar Bellwald\" href=\"\/switzerland\/de\/Themen\/Jugendsolar\/Fotos-und-Videos\/archiv\/Lawinenverbauung-Bellwald\/Jugendsolar-Bellwald\/\" rel=\"Bellwald, VS, 19. Juni 2012: Jugendsolar by Greenpeace installiert zusammen mit Freiwilligen der Organistation \u00abSolaragenten\u00bb eine Photovoltaikanlage auf Lawinenverbauungen. Die Anlage wurde von Ruedi Lehmann finanziert und entworfen. Sie wird in Zukunft rund 9.8kW Leistung erbringen, was dem durchschnittlichen Schweizer Verbrauch von rund 3.3 Haushalten entspricht.~^Greenpeace \/ Nicolas Fojtu~^~^314949\"><br \/>\n                                <img decoding=\"async\" id=\"ctl00_cphContentArea_epiEntryContent_ctl00_ctl02_ctl00_repImages_ctl00_thumbImg\" title=\"Jugendsolar Bellwald\" src=\"\" alt=\"Jugendsolar Bellwald\" style=\"border-width:0px;\"><br \/>\n                            <\/a>\n                        <\/li>\n<li>\n                            <a title=\"Jugendsolar Bellwald\" href=\"\/switzerland\/de\/Themen\/Jugendsolar\/Fotos-und-Videos\/archiv\/Lawinenverbauung-Bellwald\/Jugendsolar-Bellwald1\/\" rel=\"Bellwald, VS, 19. Juni 2012: Jugendsolar by Greenpeace installiert zusammen mit Freiwilligen der Organistation \u00abSolaragenten\u00bb eine Photovoltaikanlage auf Lawinenverbauungen. Die Anlage wurde von Ruedi Lehmann finanziert und entworfen. Sie wird in Zukunft rund 9.8kW Leistung erbringen, was dem durchschnittlichen Schweizer Verbrauch von rund 3.3 Haushalten entspricht.~^Greenpeace \/ Nicolas Fojtu~^~^314950\"><br \/>\n                                <img decoding=\"async\" id=\"ctl00_cphContentArea_epiEntryContent_ctl00_ctl02_ctl00_repImages_ctl01_thumbImg\" title=\"Jugendsolar Bellwald\" src=\"\" alt=\"Jugendsolar Bellwald\" style=\"border-width:0px;\"><br \/>\n                            <\/a>\n                        <\/li>\n<li>\n                            <a title=\"Jugendsolar Bellwald\" href=\"\/switzerland\/de\/Themen\/Jugendsolar\/Fotos-und-Videos\/archiv\/Lawinenverbauung-Bellwald\/Jugendsolar-Bellwald2\/\" rel=\"Bellwald, VS, 19. Juni 2012: Jugendsolar by Greenpeace installiert zusammen mit Freiwilligen der Organistation \u00abSolaragenten\u00bb eine Photovoltaikanlage auf Lawinenverbauungen. Die Anlage wurde von Ruedi Lehmann finanziert und entworfen. Sie wird in Zukunft rund 9.8kW Leistung erbringen, was dem durchschnittlichen Schweizer Verbrauch von rund 3.3 Haushalten entspricht.~^Greenpeace \/ Nicolas Fojtu~^~^314951\"><br \/>\n                                <img decoding=\"async\" id=\"ctl00_cphContentArea_epiEntryContent_ctl00_ctl02_ctl00_repImages_ctl02_thumbImg\" title=\"Jugendsolar Bellwald\" src=\"\" alt=\"Jugendsolar Bellwald\" style=\"border-width:0px;\"><br \/>\n                            <\/a>\n                        <\/li>\n<li>\n                            <a title=\"Jugendsolar Bellwald\" href=\"\/switzerland\/de\/Themen\/Jugendsolar\/Fotos-und-Videos\/archiv\/Lawinenverbauung-Bellwald\/Jugendsolar-Bellwald3\/\" rel=\"Bellwald, VS, 19. Juni 2012: Jugendsolar by Greenpeace installiert zusammen mit Freiwilligen der Organistation \u00abSolaragenten\u00bb eine Photovoltaikanlage auf Lawinenverbauungen. Die Anlage wurde von Ruedi Lehmann finanziert und entworfen. Sie wird in Zukunft rund 9.8kW Leistung erbringen, was dem durchschnittlichen Schweizer Verbrauch von rund 3.3 Haushalten entspricht.~^Greenpeace \/ Nicolas Fojtu~^~^314952\"><br \/>\n                                <img decoding=\"async\" id=\"ctl00_cphContentArea_epiEntryContent_ctl00_ctl02_ctl00_repImages_ctl03_thumbImg\" title=\"Jugendsolar Bellwald\" src=\"\" alt=\"Jugendsolar Bellwald\" style=\"border-width:0px;\"><br \/>\n                            <\/a>\n                        <\/li>\n<li>\n                            <a title=\"Jugendsolar Bellwald\" href=\"\/switzerland\/de\/Themen\/Jugendsolar\/Fotos-und-Videos\/archiv\/Lawinenverbauung-Bellwald\/Jugendsolar-Bellwald4\/\" rel=\"Bellwald, VS, 19. Juni 2012: Jugendsolar by Greenpeace installiert zusammen mit Freiwilligen der Organistation \u00abSolaragenten\u00bb eine Photovoltaikanlage auf Lawinenverbauungen. Die Anlage wurde von Ruedi Lehmann finanziert und entworfen. Sie wird in Zukunft rund 9.8kW Leistung erbringen, was dem durchschnittlichen Schweizer Verbrauch von rund 3.3 Haushalten entspricht.~^Greenpeace \/ Nicolas Fojtu~^~^314953\"><br \/>\n                                <img decoding=\"async\" id=\"ctl00_cphContentArea_epiEntryContent_ctl00_ctl02_ctl00_repImages_ctl04_thumbImg\" title=\"Jugendsolar Bellwald\" src=\"\" alt=\"Jugendsolar Bellwald\" style=\"border-width:0px;\"><br \/>\n                            <\/a>\n                        <\/li>\n<li>\n                            <a title=\"Jugendsolar Bellwald\" href=\"\/switzerland\/de\/Themen\/Jugendsolar\/Fotos-und-Videos\/archiv\/Lawinenverbauung-Bellwald\/Jugendsolar-Bellwald5\/\" rel=\"Bellwald, VS, 19. Juni 2012: Jugendsolar by Greenpeace installiert zusammen mit Freiwilligen der Organistation \u00abSolaragenten\u00bb eine Photovoltaikanlage auf Lawinenverbauungen. Die Anlage wurde von Ruedi Lehmann finanziert und entworfen. Sie wird in Zukunft rund 9.8kW Leistung erbringen, was dem durchschnittlichen Schweizer Verbrauch von rund 3.3 Haushalten entspricht.~^Greenpeace \/ Nicolas Fojtu~^~^314954\"><br \/>\n                                <img decoding=\"async\" id=\"ctl00_cphContentArea_epiEntryContent_ctl00_ctl02_ctl00_repImages_ctl05_thumbImg\" title=\"Jugendsolar Bellwald\" src=\"\" alt=\"Jugendsolar Bellwald\" style=\"border-width:0px;\"><br \/>\n                            <\/a>\n                        <\/li>\n<li>\n                            <a title=\"Jugendsolar Bellwald\" href=\"\/switzerland\/de\/Themen\/Jugendsolar\/Fotos-und-Videos\/archiv\/Lawinenverbauung-Bellwald\/Jugendsolar-Bellwald6\/\" rel=\"Bellwald, VS, 19. Juni 2012: Jugendsolar by Greenpeace installiert zusammen mit Freiwilligen der Organistation \u00abSolaragenten\u00bb eine Photovoltaikanlage auf Lawinenverbauungen. Die Anlage wurde von Ruedi Lehmann finanziert und entworfen. Sie wird in Zukunft rund 9.8kW Leistung erbringen, was dem durchschnittlichen Schweizer Verbrauch von rund 3.3 Haushalten entspricht.~^Greenpeace \/ Nicolas Fojtu~^~^314955\"><br \/>\n                                <img decoding=\"async\" id=\"ctl00_cphContentArea_epiEntryContent_ctl00_ctl02_ctl00_repImages_ctl06_thumbImg\" title=\"Jugendsolar Bellwald\" src=\"\" alt=\"Jugendsolar Bellwald\" style=\"border-width:0px;\"><br \/>\n                            <\/a>\n                        <\/li>\n<li>\n                            <a title=\"Jugendsolar Bellwald\" href=\"\/switzerland\/de\/Themen\/Jugendsolar\/Fotos-und-Videos\/archiv\/Lawinenverbauung-Bellwald\/Jugendsolar-Bellwald7\/\" rel=\"Bellwald, VS, 19. Juni 2012: Jugendsolar by Greenpeace installiert zusammen mit Freiwilligen der Organistation \u00abSolaragenten\u00bb eine Photovoltaikanlage auf Lawinenverbauungen. Die Anlage wurde von Ruedi Lehmann finanziert und entworfen. Sie wird in Zukunft rund 9.8kW Leistung erbringen, was dem durchschnittlichen Schweizer Verbrauch von rund 3.3 Haushalten entspricht.~^Greenpeace \/ Nicolas Fojtu~^~^314956\"><br \/>\n                                <img decoding=\"async\" id=\"ctl00_cphContentArea_epiEntryContent_ctl00_ctl02_ctl00_repImages_ctl07_thumbImg\" title=\"Jugendsolar Bellwald\" src=\"\" alt=\"Jugendsolar Bellwald\" style=\"border-width:0px;\"><br \/>\n                            <\/a>\n                        <\/li>\n<\/ul>\n<\/div>\n<\/div>\n<\/div>\n<div class=\"text\">\n<p class=\"description\">\n<p class=\"copyright\">\u00a9 Greenpeace \/ Nicolas Fojtu<\/p>\n<\/div>\n<\/div>\n<p>\u00a0\n<\/p>\n<\/div>\n<\/div>\n","protected":false},"excerpt":{"rendered":"<p>Vergangene Woche wurde in luftiger H\u00f6he oberhalb von Bellwald im Wallis ein weiterer handfester Beitrag zur Schweizer Energiewende geleistet. Und zwar von 12 Sch\u00fclern aus Frauenfeld, die sich auch \u201eenergy&hellip;<\/p>\n","protected":false},"author":23,"featured_media":0,"comment_status":"closed","ping_status":"open","sticky":false,"template":"","format":"standard","meta":{"_acf_changed":false,"_planet4_optimize_post_is_variant":false,"_planet4_optimize_experiment_name":"","_planet4_optimize_variant_name":"","ep_exclude_from_search":false,"p4_og_title":"","p4_og_description":"","p4_og_image":"","p4_og_image_id":"","p4_seo_canonical_url":"","p4_campaign_name":"","p4_local_project":"","p4_basket_name":"","p4_department":"","footnotes":""},"categories":[1],"tags":[50],"p4-page-type":[75],"gpch-article-type":[],"class_list":["post-13712","post","type-post","status-publish","format-standard","hentry","category-unkategorisiert","tag-klima","p4-page-type-story"],"acf":[],"_links":{"self":[{"href":"https:\/\/www.greenpeace.ch\/de\/wp-json\/wp\/v2\/posts\/13712","targetHints":{"allow":["GET"]}}],"collection":[{"href":"https:\/\/www.greenpeace.ch\/de\/wp-json\/wp\/v2\/posts"}],"about":[{"href":"https:\/\/www.greenpeace.ch\/de\/wp-json\/wp\/v2\/types\/post"}],"author":[{"embeddable":true,"href":"https:\/\/www.greenpeace.ch\/de\/wp-json\/wp\/v2\/users\/23"}],"replies":[{"embeddable":true,"href":"https:\/\/www.greenpeace.ch\/de\/wp-json\/wp\/v2\/comments?post=13712"}],"version-history":[{"count":0,"href":"https:\/\/www.greenpeace.ch\/de\/wp-json\/wp\/v2\/posts\/13712\/revisions"}],"wp:attachment":[{"href":"https:\/\/www.greenpeace.ch\/de\/wp-json\/wp\/v2\/media?parent=13712"}],"wp:term":[{"taxonomy":"category","embeddable":true,"href":"https:\/\/www.greenpeace.ch\/de\/wp-json\/wp\/v2\/categories?post=13712"},{"taxonomy":"post_tag","embeddable":true,"href":"https:\/\/www.greenpeace.ch\/de\/wp-json\/wp\/v2\/tags?post=13712"},{"taxonomy":"p4-page-type","embeddable":true,"href":"https:\/\/www.greenpeace.ch\/de\/wp-json\/wp\/v2\/p4-page-type?post=13712"},{"taxonomy":"gpch-article-type","embeddable":true,"href":"https:\/\/www.greenpeace.ch\/de\/wp-json\/wp\/v2\/gpch-article-type?post=13712"}],"curies":[{"name":"wp","href":"https:\/\/api.w.org\/{rel}","templated":true}]}}