{"id":13762,"date":"2012-05-26T00:00:00","date_gmt":"2012-05-25T22:00:00","guid":{"rendered":"https:\/\/master.greenpeace.ch\/beitrag\/13762\/nur-vages-teilveto-gegen-das-neue-brasilianische-waldgesetz\/"},"modified":"2019-05-30T12:14:43","modified_gmt":"2019-05-30T10:14:43","slug":"nur-vages-teilveto-gegen-das-neue-brasilianische-waldgesetz","status":"publish","type":"post","link":"https:\/\/www.greenpeace.ch\/de\/story\/13762\/nur-vages-teilveto-gegen-das-neue-brasilianische-waldgesetz\/","title":{"rendered":"Nur vages Teilveto gegen das neue brasilianische Waldgesetz"},"content":{"rendered":"<p><b>\u201cPr\u00e4sidentin Dilmas vage Ank\u00fcndigung von Vetos und Ver\u00e4nderungen am neuen Waldgesetz, gibt uns \u00fcberhaupt keine Garantie, dass der Amazonas gesch\u00fctzt wird. Dilma hat die 80% der Brasilianer und Brasilianerinnen welche gegen das neue Gesetzes sind, sowie all die Menschen weltweit, welche ein vollst\u00e4ndiges Veto gefordert haben, ignoriert, \u201c meint Paulo Adario, Direktor der Amazonas Kampagne von Greenpeace.<\/b><\/p>\n<div class=\"post-content\">\n<div>\n<h4><strong>Die brasilianische Pr\u00e4sidentin Dilma Rousseff hat gestern gegen Teile des neuen Waldgesetzes Veto eingelegt. Der Forderung des brasilianischen Volkes, ein vollst\u00e4ndiges Veto einzulegen, kommt sie damit aber bei weitem nicht nach. 12 Teile des neuen Gesetzes hat sie blockiert und 32 Ver\u00e4nderungen am Text vorgenommen. Allerdings werden die Details dazu erst am Montag bekanntgegeben.<\/strong><\/h4>\n<p>\u201cPr\u00e4sidentin Dilmas vage Ank\u00fcndigung von Vetos und Ver\u00e4nderungen am neuen Waldgesetz, gibt uns \u00fcberhaupt keine Garantie, dass der Amazonas gesch\u00fctzt wird. Dilma hat die 80% der Brasilianer und Brasilianerinnen welche gegen das neue Gesetzes sind, sowie all die Menschen weltweit, welche ein vollst\u00e4ndiges Veto gefordert haben, ignoriert, \u201c meint Paulo Adario, Direktor der Amazonas Kampagne von Greenpeace.<\/p>\n<p>\u201cAnstatt nur die schlimmsten Teile eines schlechten neuen Waldgesetzes zu verhindern, sollte Pr\u00e4sidentin Dilma die Volksintiative f\u00fcr ein Null-Entwaldungs &#8211; Gesetz unterst\u00fctzen,\u201d f\u00fcgt Paulo Adario hinzu.<\/p>\n<p><img decoding=\"async\" title=\"Leider ist Pr\u00e4sidentin Dilma der Forderung von Millionen von Menschen weltweit nach einem vollst\u00e4ndigen Veto gegen das neue Waldgesetz nicht nachgekommen.\" src=\"https:\/\/www.greenpeace.ch\/static\/planet4-switzerland-stateless\/2019\/05\/3c2d6a16-3c2d6a16-40494_75856.jpg\" alt=\"Leider ist Pr\u00e4sidentin Dilma der Forderung von Millionen von Menschen weltweit nach einem vollst\u00e4ndigen Veto gegen das neue Waldgesetz nicht nachgekommen.\"><\/p>\n<p>\u00a9 Greenpeace Marizilda Cruppe\/ Greenpeace\u00a0 &#8211;\u00a0 Die Crew der Rainbow Warrior fordert ein vollst\u00e4ndiges Veto von Dilma <strong><strong><\/strong><\/strong><\/p>\n<p>Das Greenpeace Schiff \u201cRainbow Warrior\u201d ist momentan auf einer Tour im Amazonas, um die Problematik der Abholzung aufzudecken und die Petition f\u00fcr ein \u201cNull-Entwadlungs-Gesetz\u201d voranzuteiben. Bis anhin haben mehr als eine Viertelmillion Brasilianerinnen die Petition unterschrieben. Mit der Unterst\u00fctzung der Pr\u00e4sidentin, k\u00f6nnte die Petition zu einem Gesetz werden, welches vollst\u00e4ndigen Schutz f\u00fcr den Amazonas bietet.<\/p>\n<p><a title=\"Spenden Sie heute!\" href=\"https:\/\/spenden.greenpeace.ch\/live\/account\/?utm_source=amazonas&amp;utm_medium=leaderboard&amp;utm_campaign=amazonas\" target=\"_blank\" rel=\"noopener noreferrer\"><img decoding=\"async\" title=\"Spenden Sie heute f\u00fcr den Amazonas!\" src=\"https:\/\/www.greenpeace.ch\/static\/planet4-switzerland-stateless\/2019\/05\/6560a836-6560a836-40685_76150.jpg\" alt=\"Spenden Sie heute!\"><\/a><\/p>\n<\/div>\n<\/div>\n","protected":false},"excerpt":{"rendered":"<p>\u201cPr\u00e4sidentin Dilmas vage Ank\u00fcndigung von Vetos und Ver\u00e4nderungen am neuen Waldgesetz, gibt uns \u00fcberhaupt keine Garantie, dass der Amazonas gesch\u00fctzt wird. Dilma hat die 80% der Brasilianer und Brasilianerinnen welche&hellip;<\/p>\n","protected":false},"author":23,"featured_media":13764,"comment_status":"closed","ping_status":"open","sticky":false,"template":"","format":"standard","meta":{"_acf_changed":false,"_planet4_optimize_post_is_variant":false,"_planet4_optimize_experiment_name":"","_planet4_optimize_variant_name":"","ep_exclude_from_search":false,"p4_og_title":"","p4_og_description":"","p4_og_image":"","p4_og_image_id":"","p4_seo_canonical_url":"","p4_campaign_name":"","p4_local_project":"","p4_basket_name":"","p4_department":"","footnotes":""},"categories":[1],"tags":[40],"p4-page-type":[75],"gpch-article-type":[],"class_list":["post-13762","post","type-post","status-publish","format-standard","has-post-thumbnail","hentry","category-unkategorisiert","tag-wald","p4-page-type-story"],"acf":[],"_links":{"self":[{"href":"https:\/\/www.greenpeace.ch\/de\/wp-json\/wp\/v2\/posts\/13762","targetHints":{"allow":["GET"]}}],"collection":[{"href":"https:\/\/www.greenpeace.ch\/de\/wp-json\/wp\/v2\/posts"}],"about":[{"href":"https:\/\/www.greenpeace.ch\/de\/wp-json\/wp\/v2\/types\/post"}],"author":[{"embeddable":true,"href":"https:\/\/www.greenpeace.ch\/de\/wp-json\/wp\/v2\/users\/23"}],"replies":[{"embeddable":true,"href":"https:\/\/www.greenpeace.ch\/de\/wp-json\/wp\/v2\/comments?post=13762"}],"version-history":[{"count":0,"href":"https:\/\/www.greenpeace.ch\/de\/wp-json\/wp\/v2\/posts\/13762\/revisions"}],"wp:featuredmedia":[{"embeddable":true,"href":"https:\/\/www.greenpeace.ch\/de\/wp-json\/wp\/v2\/media\/13764"}],"wp:attachment":[{"href":"https:\/\/www.greenpeace.ch\/de\/wp-json\/wp\/v2\/media?parent=13762"}],"wp:term":[{"taxonomy":"category","embeddable":true,"href":"https:\/\/www.greenpeace.ch\/de\/wp-json\/wp\/v2\/categories?post=13762"},{"taxonomy":"post_tag","embeddable":true,"href":"https:\/\/www.greenpeace.ch\/de\/wp-json\/wp\/v2\/tags?post=13762"},{"taxonomy":"p4-page-type","embeddable":true,"href":"https:\/\/www.greenpeace.ch\/de\/wp-json\/wp\/v2\/p4-page-type?post=13762"},{"taxonomy":"gpch-article-type","embeddable":true,"href":"https:\/\/www.greenpeace.ch\/de\/wp-json\/wp\/v2\/gpch-article-type?post=13762"}],"curies":[{"name":"wp","href":"https:\/\/api.w.org\/{rel}","templated":true}]}}