{"id":13767,"date":"2012-05-24T00:00:00","date_gmt":"2012-05-23T22:00:00","guid":{"rendered":"https:\/\/master.greenpeace.ch\/beitrag\/13767\/gentech-raps-funde-in-basel-und-muttenz\/"},"modified":"2019-05-30T12:14:48","modified_gmt":"2019-05-30T10:14:48","slug":"gentech-raps-funde-in-basel-und-muttenz","status":"publish","type":"post","link":"https:\/\/www.greenpeace.ch\/de\/story\/13767\/gentech-raps-funde-in-basel-und-muttenz\/","title":{"rendered":"Gentech-Raps Funde in Basel und Muttenz"},"content":{"rendered":"<p><b>Gestern waren sechs Greenpeace Aktivisten und Aktivistinnen in Basel und Muttenz unterwegs. An zwei Standorten in der Stadt Basel und einem Standort in Muttenz fanden sie\u00a0 Gentech-Raps. Genmanipulierter Raps darf in der Schweiz nicht in  die Umwelt gelangen. Auch die Einfuhr als Lebens- oder Futtermittel ist  untersagt. Die Pflanzen wurden entfernt und den zust\u00e4ndigen \u00c4mtern \u00fcbermittelt. Wir und viele Medien berichteten gestern ausf\u00fchrlich dar\u00fcber:<\/b><\/p>\n<div class=\"post-content\">\n<div>\n<p>Gestern waren sechs Greenpeace Aktivisten und Aktivistinnen in Basel und Muttenz unterwegs. An zwei Standorten in der Stadt Basel und einem Standort in Muttenz fanden sie\u00a0 Gentech-Raps. Genmanipulierter Raps darf in der Schweiz nicht in  die Umwelt gelangen. Auch die Einfuhr als Lebens- oder Futtermittel ist  untersagt. Die Pflanzen wurden entfernt und den zust\u00e4ndigen \u00c4mtern \u00fcbermittelt. Wir und viele Medien berichteten gestern ausf\u00fchrlich dar\u00fcber:<\/p>\n<p>Nun haben wir den Zusammenschnitt f\u00fcr euch. Viel Spass damit<\/p>\n<p><iframe loading=\"lazy\" width=\"600\" height=\"337\" src=\"https:\/\/www.youtube.com\/embed\/Bln5jXtCabg?rel=0\" frameborder=\"0\" allowfullscreen=\"\"><\/iframe>\u00a0<\/p>\n<p>\u00a0<\/p>\n<p>Mehr Infos dazu findet Ihr auf <a href=\"http:\/\/twitter.com\/#!\/greenpeace_ch\">Twitter<\/a>, <a href=\"https:\/\/www.facebook.com\/greenpeace.ch\">Facebook<\/a> und unserer <a href=\"http:\/\/www.greenpeace.org\/switzerland\/de\/News_Stories\/Newsblog\/in-basel-waechst-gentech-raps\/blog\/40566\/\">Website<\/a>.<\/p>\n<p>\u00a0<\/p>\n<p><strong><a href=\"https:\/\/spenden.greenpeace.ch\/live\/account\/?utm_source=landwirtschaft&amp;utm_medium=landwirtschaft&amp;utm_campaign=landwirtschaft\"><img loading=\"lazy\" decoding=\"async\" style=\"display: block; margin-left: auto; margin-right: auto;\" title=\"Gentechraps\" src=\"https:\/\/www.greenpeace.ch\/static\/planet4-switzerland-stateless\/2019\/05\/6a6c5c43-6a6c5c43-120524gmo_spenden.jpg\" alt=\"Gentechraps\" width=\"298\" height=\"199\"><\/a><\/strong><\/p>\n<\/div>\n<\/div>\n","protected":false},"excerpt":{"rendered":"<p>Gestern waren sechs Greenpeace Aktivisten und Aktivistinnen in Basel und Muttenz unterwegs. An zwei Standorten in der Stadt Basel und einem Standort in Muttenz fanden sie\u00a0 Gentech-Raps. Genmanipulierter Raps darf&hellip;<\/p>\n","protected":false},"author":23,"featured_media":13769,"comment_status":"closed","ping_status":"open","sticky":false,"template":"","format":"standard","meta":{"_acf_changed":false,"_planet4_optimize_post_is_variant":false,"_planet4_optimize_experiment_name":"","_planet4_optimize_variant_name":"","ep_exclude_from_search":false,"p4_og_title":"","p4_og_description":"","p4_og_image":"","p4_og_image_id":"","p4_seo_canonical_url":"","p4_campaign_name":"","p4_local_project":"","p4_basket_name":"","p4_department":"","footnotes":""},"categories":[1],"tags":[33],"p4-page-type":[75],"gpch-article-type":[],"class_list":["post-13767","post","type-post","status-publish","format-standard","has-post-thumbnail","hentry","category-unkategorisiert","tag-ernaehrung","p4-page-type-story"],"acf":[],"_links":{"self":[{"href":"https:\/\/www.greenpeace.ch\/de\/wp-json\/wp\/v2\/posts\/13767","targetHints":{"allow":["GET"]}}],"collection":[{"href":"https:\/\/www.greenpeace.ch\/de\/wp-json\/wp\/v2\/posts"}],"about":[{"href":"https:\/\/www.greenpeace.ch\/de\/wp-json\/wp\/v2\/types\/post"}],"author":[{"embeddable":true,"href":"https:\/\/www.greenpeace.ch\/de\/wp-json\/wp\/v2\/users\/23"}],"replies":[{"embeddable":true,"href":"https:\/\/www.greenpeace.ch\/de\/wp-json\/wp\/v2\/comments?post=13767"}],"version-history":[{"count":0,"href":"https:\/\/www.greenpeace.ch\/de\/wp-json\/wp\/v2\/posts\/13767\/revisions"}],"wp:featuredmedia":[{"embeddable":true,"href":"https:\/\/www.greenpeace.ch\/de\/wp-json\/wp\/v2\/media\/13769"}],"wp:attachment":[{"href":"https:\/\/www.greenpeace.ch\/de\/wp-json\/wp\/v2\/media?parent=13767"}],"wp:term":[{"taxonomy":"category","embeddable":true,"href":"https:\/\/www.greenpeace.ch\/de\/wp-json\/wp\/v2\/categories?post=13767"},{"taxonomy":"post_tag","embeddable":true,"href":"https:\/\/www.greenpeace.ch\/de\/wp-json\/wp\/v2\/tags?post=13767"},{"taxonomy":"p4-page-type","embeddable":true,"href":"https:\/\/www.greenpeace.ch\/de\/wp-json\/wp\/v2\/p4-page-type?post=13767"},{"taxonomy":"gpch-article-type","embeddable":true,"href":"https:\/\/www.greenpeace.ch\/de\/wp-json\/wp\/v2\/gpch-article-type?post=13767"}],"curies":[{"name":"wp","href":"https:\/\/api.w.org\/{rel}","templated":true}]}}