{"id":13788,"date":"2012-05-23T00:00:00","date_gmt":"2012-05-22T22:00:00","guid":{"rendered":"https:\/\/master.greenpeace.ch\/beitrag\/13788\/in-basel-waechst-gentech-raps\/"},"modified":"2019-05-30T12:15:17","modified_gmt":"2019-05-30T10:15:17","slug":"in-basel-waechst-gentech-raps","status":"publish","type":"post","link":"https:\/\/www.greenpeace.ch\/de\/story\/13788\/in-basel-waechst-gentech-raps\/","title":{"rendered":"In Basel w\u00e4chst Gentech-Raps"},"content":{"rendered":"<p><b>Zoom<\/p>\n<p>        Mittwoch, 23. Mai 2012<\/p>\n<p>            \u00a9 Greenpeace \u2014 Aktivisten markieren den per Kurztest vor Ort bestimmten Gentechraps<\/b><\/p>\n<div class=\"post-content\">\n<div>\n<p><strong><\/p>\n<div class=\"events-box small-box left\">\n<div class=\"frame\">\n        <a class=\"open-img EnlargeImage\" href=\"https:\/\/www.greenpeace.ch\/static\/planet4-switzerland-stateless\/2019\/05\/a22f0882-a22f0882-584932496.jpg\" title=\"\"><br \/>\n            <img decoding=\"async\" id=\"ctl00_cphContentArea_epiEntryContent_ctl00_ctl02_Image1\" class=\"Thumbnail\" src=\"https:\/\/www.greenpeace.ch\/static\/planet4-switzerland-stateless\/2019\/05\/a22f0882-a22f0882-584932496.jpg\" alt=\"\" style=\"border-width:0px;\"><\/p>\n<p>        <\/a>\n    <\/div>\n<div class=\"events-content\">\n        <span class=\"date\">Mittwoch, 23. Mai 2012<\/span><br \/>\n        <strong><\/strong><\/p>\n<p>\n            \u00a9 Greenpeace \u2014 Aktivisten markieren den per Kurztest vor Ort bestimmten Gentechraps<\/p>\n<\/p>\n<\/div>\n<\/div>\n<p> <\/strong><\/p>\n<p><strong>Das ist verboten! Genmanipulierter Raps darf in der Schweiz nicht in die Umwelt gelangen. Auch die Einfuhr als Lebens- oder Futtermittel ist untersagt. Sechs Greenpeace-AktivistInnen sammeln heute die Pflanzen ein und liefern sie bei den zust\u00e4ndigen Beh\u00f6rden ab.<\/strong><\/p>\n<p>Sowohl in der Schweiz als auch in Europa ist es untersagt, Gentech-Raps in die Umwelt freizusetzen. Gentech-Pflanzen sind sehr schwer oder gar nicht mehr aus der Umwelt zu entfernen, wenn sie in die Umwelt gelangen. Gerade Rapspflanzen verbreiten sich sehr schnell. Und Rapssamen k\u00f6nnen noch Jahre sp\u00e4ter keimen.<\/p>\n<p>Gefunden wurde der herbizidresistente Gentech-Raps GT73 des US-Agrochemiekonzerns Monsanto an zwei Orten in Basel und einem in Baselland.<\/p>\n<p><em><iframe loading=\"lazy\" width=\"600\" height=\"550\" frameborder=\"0\" scrolling=\"no\" marginheight=\"0\" marginwidth=\"0\" src=\"http:\/\/maps.google.ch\/maps\/ms?msa=0&amp;msid=200906043911254781126.0004c0afd4bebf2247256&amp;ie=UTF8&amp;t=k&amp;source=embed&amp;ll=47.563146,7.615968&amp;spn=0.044019,0.091329&amp;output=embed\"><\/iframe><br \/><small><a href=\"http:\/\/maps.google.ch\/maps\/ms?msa=0&amp;msid=200906043911254781126.0004c0afd4bebf2247256&amp;ie=UTF8&amp;t=k&amp;source=embed&amp;ll=47.563146,7.615968&amp;spn=0.044019,0.091329\" style=\"color:#0000FF;text-align:left\">Gentech Raps in der Schweiz<\/a> auf einer gr\u00f6\u00dferen Karte anzeigen<\/small>\u00a0<br \/><\/em><\/p>\n<h4>Aber wie kommt der Gentech-Raps \u00fcberhaupt in die Schweiz?<\/h4>\n<p>Gentech-Raps wird in den USA und Kanada angebaut. Ein paar wenige Gentech-Konzerne diktieren dort das Saatgutangebot, sodass quasi kein gentechfreies Saatgut mehr erh\u00e4ltlich ist. Die gentechfreie Rapsproduktion ist daher praktisch zum Erliegen gekommen. In Folge dessen sind Felder und Ernten mit Gentech-Raps verunreinigt und auch Exportchargen, die nicht zuletzt auch nach Europa geliefert werden \u2014 auch in die Schweiz \u2014 k\u00f6nnen betroffen sein. Es ist anzunehmen, dass die Gentech-Rapspflanzen beim Entladen von Schiffen oder von G\u00fcterz\u00fcgen herunter gefallen sind.<\/p>\n<h4>Welche Gefahren bestehen?<\/h4>\n<p>Nach wie vor fehlen langfristige unabh\u00e4ngige Untersuchungen \u00fcber m\u00f6gliche gesundheitliche Auswirkungen von Gentech-Produkten auf Mensch und Tier. Klar ist: Der Anbau von Gentech-Pflanzen st\u00fctzt eine chemieintensive Landwirtschaft, die B\u00f6den, Gew\u00e4sser und die Artenvielfalt sch\u00e4digt. So \u00fcbersteht der Gentech-Raps GT73 Spritzungen mit dem Totalherbizid <a href=\"http:\/\/www.greenpeace.org\/switzerland\/de\/News_Stories\/Newsblog\/mit-glyphosat-gegen-artenvielfalt\/blog\/36346\/\">Roundup<\/a>. Wenn Gentech-Raps auf wilde Artverwandte auskreuzt, k\u00f6nnen sich so genannte Superunkr\u00e4uter bilden. Um diese zu bek\u00e4mpfen, braucht es also immer st\u00e4rkere Herbizide.<\/p>\n<p><iframe loading=\"lazy\" width=\"600\" height=\"335\" src=\"https:\/\/www.youtube.com\/embed\/zRqEemy4Zdc?rel=0\" frameborder=\"0\" allowfullscreen=\"\"><\/iframe>\u00a0<\/p>\n<h4>Was fordert Greenpeace?<\/h4>\n<p>Greenpeace fordert von Importeuren, ihre Qualit\u00e4tskontrollen bei Futter-, Lebensmittel- und Saatgutimporten zu versch\u00e4rfen. Die Hafenbetreiberin Schweizerische Rheinh\u00e4fen und die kantonalen Beh\u00f6rden m\u00fcssen zudem ihre Umweltkontrollen \u00fcberpr\u00fcfen um sicher zu stellen, dass k\u00fcnftig in ihren zust\u00e4ndigen Gebieten kein Gentech-Raps mehr w\u00e4chst.<\/p>\n<p><strong>PS.: Auch Bienen werden durch immer st\u00e4rker werdene Pestizide und Herbizide bedroht. Mehr zum Thema Bienen gibt&#8217;s <a href=\"http:\/\/www.greenpeace.org\/switzerland\/de\/Aktiv-werden\/Greenpeace-Freiwilligen-Regionalgruppen\/Zum-Schutz-der-Bienen\/\">hier<\/a>.<\/strong><\/p>\n<p><strong><br \/><\/strong><\/p>\n<p><strong><a href=\"https:\/\/spenden.greenpeace.ch\/live\/account\/?utm_source=landwirtschaft&amp;utm_medium=landwirtschaft&amp;utm_campaign=landwirtschaft\"><img loading=\"lazy\" decoding=\"async\" style=\"display: block; margin-left: auto; margin-right: auto;\" title=\"Gentechraps\" src=\"https:\/\/www.greenpeace.ch\/wp-content\/uploads\/2017\/01\/120524GMO_spenden.jpg\" alt=\"Gentechraps\" width=\"298\" height=\"199\"><\/a><br \/><\/strong><\/p>\n<\/div>\n<\/div>\n","protected":false},"excerpt":{"rendered":"<p>Zoom Mittwoch, 23. Mai 2012 \u00a9 Greenpeace \u2014 Aktivisten markieren den per Kurztest vor Ort bestimmten Gentechraps Mittwoch, 23. Mai 2012 \u00a9 Greenpeace \u2014 Aktivisten markieren den per Kurztest vor&hellip;<\/p>\n","protected":false},"author":23,"featured_media":13790,"comment_status":"closed","ping_status":"open","sticky":false,"template":"","format":"standard","meta":{"_acf_changed":false,"_planet4_optimize_post_is_variant":false,"_planet4_optimize_experiment_name":"","_planet4_optimize_variant_name":"","ep_exclude_from_search":false,"p4_og_title":"","p4_og_description":"","p4_og_image":"","p4_og_image_id":"","p4_seo_canonical_url":"","p4_campaign_name":"","p4_local_project":"","p4_basket_name":"","p4_department":"","footnotes":""},"categories":[1],"tags":[33],"p4-page-type":[75],"gpch-article-type":[],"class_list":["post-13788","post","type-post","status-publish","format-standard","has-post-thumbnail","hentry","category-unkategorisiert","tag-ernaehrung","p4-page-type-story"],"acf":[],"_links":{"self":[{"href":"https:\/\/www.greenpeace.ch\/de\/wp-json\/wp\/v2\/posts\/13788","targetHints":{"allow":["GET"]}}],"collection":[{"href":"https:\/\/www.greenpeace.ch\/de\/wp-json\/wp\/v2\/posts"}],"about":[{"href":"https:\/\/www.greenpeace.ch\/de\/wp-json\/wp\/v2\/types\/post"}],"author":[{"embeddable":true,"href":"https:\/\/www.greenpeace.ch\/de\/wp-json\/wp\/v2\/users\/23"}],"replies":[{"embeddable":true,"href":"https:\/\/www.greenpeace.ch\/de\/wp-json\/wp\/v2\/comments?post=13788"}],"version-history":[{"count":0,"href":"https:\/\/www.greenpeace.ch\/de\/wp-json\/wp\/v2\/posts\/13788\/revisions"}],"wp:featuredmedia":[{"embeddable":true,"href":"https:\/\/www.greenpeace.ch\/de\/wp-json\/wp\/v2\/media\/13790"}],"wp:attachment":[{"href":"https:\/\/www.greenpeace.ch\/de\/wp-json\/wp\/v2\/media?parent=13788"}],"wp:term":[{"taxonomy":"category","embeddable":true,"href":"https:\/\/www.greenpeace.ch\/de\/wp-json\/wp\/v2\/categories?post=13788"},{"taxonomy":"post_tag","embeddable":true,"href":"https:\/\/www.greenpeace.ch\/de\/wp-json\/wp\/v2\/tags?post=13788"},{"taxonomy":"p4-page-type","embeddable":true,"href":"https:\/\/www.greenpeace.ch\/de\/wp-json\/wp\/v2\/p4-page-type?post=13788"},{"taxonomy":"gpch-article-type","embeddable":true,"href":"https:\/\/www.greenpeace.ch\/de\/wp-json\/wp\/v2\/gpch-article-type?post=13788"}],"curies":[{"name":"wp","href":"https:\/\/api.w.org\/{rel}","templated":true}]}}