{"id":13792,"date":"2012-05-21T00:00:00","date_gmt":"2012-05-20T22:00:00","guid":{"rendered":"https:\/\/master.greenpeace.ch\/beitrag\/13792\/brasilien-sieben-tage-protest-auf-der-ankerkette\/"},"modified":"2019-05-30T12:15:26","modified_gmt":"2019-05-30T10:15:26","slug":"brasilien-sieben-tage-protest-auf-der-ankerkette","status":"publish","type":"post","link":"https:\/\/www.greenpeace.ch\/de\/story\/13792\/brasilien-sieben-tage-protest-auf-der-ankerkette\/","title":{"rendered":"Brasilien: Sieben Tage Protest auf der Ankerkette"},"content":{"rendered":"<p><b><\/b><\/p>\n<div class=\"post-content\">\n<div>\n<div class=\"events-box small-box left\">\n<div class=\"frame\">\n        <a class=\"open-img EnlargeImage\" href=\"https:\/\/www.greenpeace.ch\/static\/planet4-switzerland-stateless\/2019\/05\/5e20f03f-5e20f03f-aktion_pigiron_gp042pf.jpg\" title=\"\"><br \/>\n            <img decoding=\"async\" id=\"ctl00_cphContentArea_epiEntryContent_ctl00_ctl02_Image1\" class=\"Thumbnail\" src=\"https:\/\/www.greenpeace.ch\/static\/planet4-switzerland-stateless\/2019\/05\/5e20f03f-5e20f03f-aktion_pigiron_gp042pf.jpg\" alt=\"\" style=\"border-width:0px;\"><\/p>\n<p>        <\/a>\n    <\/div>\n<div class=\"events-content no-title\">\n        <span class=\"date\"><\/span><br \/>\n        <strong><\/strong><\/p>\n<p>\n            \u00a9 Greenpeace\/ Marizilda Cruppe\n        <\/p>\n<\/p>\n<\/div>\n<\/div>\n<p>Der Protest der <span lang=\"en\">Greenpeace<\/span>-Aktivisten im Hafen von Sao Luis, Brasilien, dauert an. Seit Montag wechseln sich Kletterer auf der Ankerkette des Frachters <em>Clipper Hope<\/em> ab. Sie protestieren gegen die Urwaldzerst\u00f6rung f\u00fcr Roheisen. Der  daraus hergestellte Stahl geht unter anderem an Autokonzerne wie BMW  oder Mercedes.<\/p>\n<p>Die Aktivisten waren mit Schlauchbooten vom <span lang=\"en\">Greenpeace<\/span>-Schiff <span lang=\"en\"><span lang=\"en\"><em>Rainbow Warrior<\/em><\/span><\/span> gekommen, das <a href=\"http:\/\/www.greenpeace.de\/themen\/waelder\/nachrichten\/artikel\/rainbow_warrior_unterwegs_auf_dem_amazonas\/\">seit M\u00e4rz auf dem Amazonas unterwegs<\/a> ist. Die Tour f\u00fchrt nach Rio de Janeiro, wo im Juni der Erdgipfel Rio+20 stattfindet.<\/p>\n<h4>Brasiliens Regenwald &#8211; zerst\u00f6rt f\u00fcr die Stahlproduktion<\/h4>\n<p>Ein <a rel=\"external_link noopener noreferrer\" href=\"http:\/\/www.greenpeace.org\/international\/driving-destruction\" target=\"_blank\">neuer <span lang=\"en\">Greenpeace<\/span>-Report<\/a> belegt, dass der Amazonas-Regenwald nicht nur durch Ackerbau und  Viehzucht gef\u00e4hrdet ist. Ganze W\u00e4lder werden gef\u00e4llt, um Holzkohle f\u00fcr  die Produktion von Roheisen zu gewinnen. Der daraus hergestellte Stahl  geht an Autokonzerne wie Ford, BMW oder Mercedes.<\/p>\n<\/p>\n<div><object style=\"width:550px;height:297px\"><param name=\"movie\" value=\"http:\/\/static.issuu.com\/webembed\/viewers\/style1\/v2\/IssuuReader.swf?mode=mini&amp;backgroundColor=%23222222&amp;documentId=120514151921-863772d3806b40eba843fa257feb1a3e\"><param name=\"allowfullscreen\" value=\"true\"><param name=\"menu\" value=\"false\"><param name=\"wmode\" value=\"transparent\"><embed src=\"http:\/\/static.issuu.com\/webembed\/viewers\/style1\/v2\/IssuuReader.swf\" type=\"application\/x-shockwave-flash\" allowfullscreen=\"true\" menu=\"false\" wmode=\"transparent\" style=\"width:550px;height:297px\" flashvars=\"mode=mini&amp;backgroundColor=%23222222&amp;documentId=120514151921-863772d3806b40eba843fa257feb1a3e\"><\/embed><\/object><\/p>\n<div style=\"width:550px;text-align:left;\"><a href=\"http:\/\/issuu.com\/greenpeaceinternational\/docs\/driving-destruction-in-the-amazon?mode=window&amp;backgroundColor=%23222222\"><\/p>\n<p>\u00abDie Zerst\u00f6rung f\u00fcr Holzkohle ist abermals ein Beispiel daf\u00fcr, dass  Brasiliens Pr\u00e4sidentin Dilma Rousseff dem Schutz des Regenwaldes  dringend wieder mehr Gewicht geben muss\u00bb, sagt Oliver Salge, Waldexperte bei Greenpeace. \u00abKonkret heisst es, dass sie das vorliegende neue Waldgesetz nicht  akzeptieren darf. Sonst wird auch f\u00fcr die Eisenherstellung immer mehr  vom einzigartigen Amazonas vernichte.\u00bb<\/p>\n<h4>Existenzielle Gefahr f\u00fcr indigene V\u00f6lker<\/h4>\n<p>Der <span lang=\"en\">Greenpeace<\/span>-Report zeigt die Wege des  Rohmaterials auf. Ein Grossteil der Holzkohle wird in den  nordostbrasilianischen Bundesstaaten Para und Maranhao in kleinen  abgelegenen Camps hergestellt. H\u00e4ufig werden dabei Indianergebiete  zerst\u00f6rt. Auch auch vor sklaverei\u00e4hnlichen Arbeitsverh\u00e4ltnissen wird  nicht haltgemacht.<\/p>\n<p>Zahlreiche indigene V\u00f6lker in der Region Nordostpara und Maranhao  leiden unter der Holzkohleherstellung. Das 400 K\u00f6pfe kleine Volk der  Awa-Guaja lebt v\u00f6llig isoliert als J\u00e4ger und Sammler im Grenzgebiet der  Provinzen Para und Maranhao. Erst vor 40 Jahren wurden sie erstmals  kontaktiert. Heute ist ihr \u00dcberleben extrem bedroht. Holzf\u00e4ller haben  knapp ein Drittel ihres Landes zerst\u00f6rt.<\/p>\n<div class=\"events-box middle-box right\">\n<div class=\"frame\">\n        <a class=\"open-img EnlargeImage\" href=\"https:\/\/www.greenpeace.ch\/static\/planet4-switzerland-stateless\/2019\/05\/ed0e9134-ed0e9134-aktion_pigiron_gp042p8.jpg\" title=\"\"><br \/>\n            <img decoding=\"async\" id=\"ctl00_cphContentArea_epiEntryContent_ctl00_ctl06_Image1\" class=\"Thumbnail\" src=\"https:\/\/www.greenpeace.ch\/static\/planet4-switzerland-stateless\/2019\/05\/ed0e9134-ed0e9134-aktion_pigiron_gp042p8.jpg\" alt=\"\" style=\"border-width:0px;\"><\/p>\n<p>        <\/a>\n    <\/div>\n<div class=\"events-content\">\n        <span class=\"date\">Montag, 21. Mai 2012<\/span><br \/>\n        <strong><\/strong><\/p>\n<p>\n            Aktivisten auf der Ankerkette, Brasilien. \u00a9 Marizilda Cruppe \/ Greenpeace\n        <\/p>\n<\/p>\n<\/div>\n<\/div>\n<p>\u00a0<\/p>\n<h4>Vom Holz zum Stahl zum Automobil<\/h4>\n<p>Das Holz wird illegal gef\u00e4llt. Die daraus hergestellte Holzkohle dient  sp\u00e4ter dem Eisenhersteller Viena zum Schmelzen von Eisenerz. Viena ist  einer der \u00e4ltesten und gr\u00f6ssten Roheisenhersteller in Maranhao. Das  Unternehmen beliefert <abbr title=\"United States of America\" lang=\"en\">US<\/abbr>-amerikanische  Stahlkocher, unter anderem den Stahlhersteller Severstal in Columbus,  Mississippi, der nach eigenen Aussagen Autohersteller wie BMW, Ford oder  Mercedes zu seinen Kunden z\u00e4hlt.<\/p>\n<h4>Brasiliens neues Waldgesetz &#8211; eine Gefahr f\u00fcr den Regenwald<\/h4>\n<p><a href=\"http:\/\/www.greenpeace.org\/switzerland\/de\/Kampagnen\/Wald\/Urwald-im-Amazonas\/Fordern-Sie-ein-Veto-von-Praesidentin-Dilma-Rousseff-zum-Forest-Code\/\"><img loading=\"lazy\" decoding=\"async\" style=\"float: left;\" src=\"..\/..\/..\/..\/..\/..\/Globalhttps:\/\/www.greenpeace.ch\/wp-content\/uploads\/2017\/01\/petitionsbanner.png\" alt=\"Zur Petition\" width=\"241\" height=\"53\"><\/a><\/p>\n<p>\u00a0<\/p>\n<\/p>\n<p>Das brasilianische Parlament hat vor zwei Wochen ein neues Waldgesetz verabschiedet. Es sieht unter anderem vor, Farmer zu amnestieren, die  in den letzten Jahren den Regenwald illegal zerst\u00f6rt haben. Auch werden  Schutzzonen an Wasserl\u00e4ufen reduziert und der bisherige Schutz des  Waldes stark eingeschr\u00e4nkt. Millionen Hektar Regenwald sind bedroht,  wenn dieses neue Waldgesetz in Kraft tritt. Brasiliens Pr\u00e4sidentin Dilma  Rousseff hat bis zum <strong>25. Mai <\/strong>Zeit, ihr Veto einzulegen. Dies hat sie im  Vorfeld und w\u00e4hrend der Parlamentsdebatten wiederholt zugesagt.<\/p>\n<p>\u00abPr\u00e4sidentin Rousseff muss ihr Wort halten und ihr Veto einlegen. Alles  andere w\u00e4re eine Katastrophe f\u00fcr den Regenwald, die Menschen und Tiere  des Waldes, aber auch f\u00fcr unser Klima\u00bb, sagt Salge.<\/p>\n<p><iframe loading=\"lazy\" width=\"550\" height=\"309\" src=\"https:\/\/www.youtube.com\/embed\/MnmzQ92-j90\" frameborder=\"0\" allowfullscreen=\"\"><\/iframe>\u00a0<\/p>\n<p><\/a><\/div>\n<\/p>\n<\/div>\n<\/div>\n<\/div>\n","protected":false},"excerpt":{"rendered":"<p>\u00a9 Greenpeace\/ Marizilda Cruppe Der Protest der Greenpeace-Aktivisten im Hafen von Sao Luis, Brasilien, dauert an. Seit Montag wechseln sich Kletterer auf der Ankerkette des Frachters Clipper Hope ab. Sie&hellip;<\/p>\n","protected":false},"author":23,"featured_media":13794,"comment_status":"closed","ping_status":"open","sticky":false,"template":"","format":"standard","meta":{"_acf_changed":false,"_planet4_optimize_post_is_variant":false,"_planet4_optimize_experiment_name":"","_planet4_optimize_variant_name":"","ep_exclude_from_search":false,"p4_og_title":"","p4_og_description":"","p4_og_image":"","p4_og_image_id":"","p4_seo_canonical_url":"","p4_campaign_name":"","p4_local_project":"","p4_basket_name":"","p4_department":"","footnotes":""},"categories":[1],"tags":[40],"p4-page-type":[75],"gpch-article-type":[],"class_list":["post-13792","post","type-post","status-publish","format-standard","has-post-thumbnail","hentry","category-unkategorisiert","tag-wald","p4-page-type-story"],"acf":[],"_links":{"self":[{"href":"https:\/\/www.greenpeace.ch\/de\/wp-json\/wp\/v2\/posts\/13792","targetHints":{"allow":["GET"]}}],"collection":[{"href":"https:\/\/www.greenpeace.ch\/de\/wp-json\/wp\/v2\/posts"}],"about":[{"href":"https:\/\/www.greenpeace.ch\/de\/wp-json\/wp\/v2\/types\/post"}],"author":[{"embeddable":true,"href":"https:\/\/www.greenpeace.ch\/de\/wp-json\/wp\/v2\/users\/23"}],"replies":[{"embeddable":true,"href":"https:\/\/www.greenpeace.ch\/de\/wp-json\/wp\/v2\/comments?post=13792"}],"version-history":[{"count":0,"href":"https:\/\/www.greenpeace.ch\/de\/wp-json\/wp\/v2\/posts\/13792\/revisions"}],"wp:featuredmedia":[{"embeddable":true,"href":"https:\/\/www.greenpeace.ch\/de\/wp-json\/wp\/v2\/media\/13794"}],"wp:attachment":[{"href":"https:\/\/www.greenpeace.ch\/de\/wp-json\/wp\/v2\/media?parent=13792"}],"wp:term":[{"taxonomy":"category","embeddable":true,"href":"https:\/\/www.greenpeace.ch\/de\/wp-json\/wp\/v2\/categories?post=13792"},{"taxonomy":"post_tag","embeddable":true,"href":"https:\/\/www.greenpeace.ch\/de\/wp-json\/wp\/v2\/tags?post=13792"},{"taxonomy":"p4-page-type","embeddable":true,"href":"https:\/\/www.greenpeace.ch\/de\/wp-json\/wp\/v2\/p4-page-type?post=13792"},{"taxonomy":"gpch-article-type","embeddable":true,"href":"https:\/\/www.greenpeace.ch\/de\/wp-json\/wp\/v2\/gpch-article-type?post=13792"}],"curies":[{"name":"wp","href":"https:\/\/api.w.org\/{rel}","templated":true}]}}