{"id":13797,"date":"2012-05-14T00:00:00","date_gmt":"2012-05-13T22:00:00","guid":{"rendered":"https:\/\/master.greenpeace.ch\/beitrag\/13797\/weltweiter-greenpeace-appell-zum-schutz-des-amazonas-regenwaldes\/"},"modified":"2019-05-30T12:15:30","modified_gmt":"2019-05-30T10:15:30","slug":"weltweiter-greenpeace-appell-zum-schutz-des-amazonas-regenwaldes","status":"publish","type":"post","link":"https:\/\/www.greenpeace.ch\/de\/story\/13797\/weltweiter-greenpeace-appell-zum-schutz-des-amazonas-regenwaldes\/","title":{"rendered":"Weltweiter Greenpeace-Appell zum Schutz des Amazonas-Regenwaldes"},"content":{"rendered":"<p><b><\/b><\/p>\n<div class=\"post-content\">\n<div>\n<div class=\"events-box middle-box left\">\n<div class=\"frame\">\n        <a class=\"open-img EnlargeImage\" href=\"https:\/\/www.greenpeace.ch\/static\/planet4-switzerland-stateless\/2019\/05\/32ed97df-32ed97df-12_05_14_bern.jpg\" title=\"Greenpeace-Kampagne \" save=\"\" the=\"\" amazon=\" in Bern vor der brasilianischen Botschaft am Montag (14.05.2012). Foto: Heike Grasser\"><br \/>\n            <img decoding=\"async\" id=\"ctl00_cphContentArea_epiEntryContent_ctl00_ctl02_Image1\" title='Greenpeace-Kampagne \"Save The Amazon\" in Bern vor der brasilianischen Botschaft am Montag (14.05.2012). Foto: Heike Grasser' class=\"Thumbnail\" src=\"https:\/\/www.greenpeace.ch\/static\/planet4-switzerland-stateless\/2019\/05\/32ed97df-32ed97df-12_05_14_bern.jpg\" alt='Greenpeace-Kampagne \"Save The Amazon\" in Bern vor der brasilianischen Botschaft am Montag (14.05.2012). Foto: Heike Grasser' style=\"border-width:0px;\"><\/p>\n<p>        <\/a>\n    <\/div>\n<div class=\"events-content\">\n        <span class=\"date\">Dienstag, 15. Mai 2012<\/span><br \/>\n        <strong>Greenpeace-Kampagne &#171;Save The Amazon&#187; in Bern vor der brasilianischen Botschaft am Montag (14.05.2012). Foto: Heike Grasser<\/strong><\/p>\n<p>\n            \u00a9 Greenpeace\/ Heike Grasser\n        <\/p>\n<\/p>\n<\/div>\n<\/div>\n<p> <a href=\"http:\/\/www.greenpeace.org\/switzerland\/de\/Uber-uns\/Medienstelle\/Aktuelle-Medienbilder\/Appell-in-Bern-zum-Schutz-des-Amazonas-Regenwaldes\/\"><\/a><\/p>\n<p><a href=\"http:\/\/www.greenpeace.org\/switzerland\/de\/Uber-uns\/Medienstelle\/Aktuelle-Medienbilder\/Appell-in-Bern-zum-Schutz-des-Amazonas-Regenwaldes\/\">Mit einer Protestaktion bei der brasilianischen Botschaft <\/a>haben \u00fcber 30 Freiwillige von Greenpeace Schweiz die brasilianische Botschafterin in Bern gebeten, ihre Botschaft \u00abDilma, Veto the new Forest Code\u00bb an Pr\u00e4sidentin Dilma Rousseff weiterzureichen. \u00c4hnliche Greenpeace-Aktionen bei brasilianischen Vertretungen finden auf der ganzen Welt statt. Nachdem das brasilianische Parlament Ende April auf Druck der Agro-Industrie weitreichende \u00c4nderungen des Waldgesetzes beschlossen hatte, kann nur sie eine dramatische Abholzung des Amazonas-Regenwaldes verhindern. Die Aktivisten appellieren an Dilma, gegen das zerst\u00f6rerische Waldgesetz ein vollst\u00e4ndiges Veto einzulegen und stattdessen einen Entwaldungsstopp zu erwirken. Sie hat daf\u00fcr allerdings nur noch bis zum 25. Mai 2012 Zeit, danach ist das Gesetz rechtskr\u00e4ftig und 22 Millionen Hektaren Regenwald werden zum Kahlschlag freigegeben. Das ist nahezu die Fl\u00e4che von Grossbritannien. Das h\u00e4tte <a href=\"http:\/\/www.greenpeace.org\/switzerland\/de\/News_Stories\/Newsblog\/14-tage-zeit-den-amazonas-zu-retten\/blog\/40162\/\">verheerende Auswirkungen<\/a>. Alle Augen sind einen Monat vor dem globalen Umweltgipfel in Rio auf sie gerichtet. Wie glaubw\u00fcrdig ist das Gastgeberland in Sachen Umweltschutz?<\/p>\n<p>Greenpeace-Unterst\u00fctzerInnen auf der ganzen Welt k\u00f6nnen Dilma via <a href=\"http:\/\/www.greenpeace.org\/switzerland\/de\/Kampagnen\/Wald\/Urwald-im-Amazonas\/Fordern-Sie-ein-Veto-von-Praesidentin-Dilma-Rousseff-zum-Forest-Code\/\">Online-Petition<\/a> dazu auffordern, den Amazonas zu retten.<\/p>\n<p>\u00a0<\/p>\n<p><a href=\"http:\/\/www.greenpeace.org\/switzerland\/de\/Kampagnen\/Wald\/Urwald-im-Amazonas\/Fordern-Sie-ein-Veto-von-Praesidentin-Dilma-Rousseff-zum-Forest-Code\/\"><img loading=\"lazy\" decoding=\"async\" style=\"display: block; margin-left: auto; margin-right: auto;\" src=\"https:\/\/www.greenpeace.ch\/static\/planet4-switzerland-stateless\/2019\/05\/319d2bc6-319d2bc6-petitionsbanner.png\" alt=\"Zur Petition\" width=\"295\" height=\"65\"><\/a><\/p>\n<\/div>\n<\/div>\n","protected":false},"excerpt":{"rendered":"<p>Dienstag, 15. Mai 2012 Greenpeace-Kampagne &#8220;Save The Amazon&#8221; in Bern vor der brasilianischen Botschaft am Montag (14.05.2012). Foto: Heike Grasser \u00a9 Greenpeace\/ Heike Grasser Mit einer Protestaktion bei der brasilianischen&hellip;<\/p>\n","protected":false},"author":23,"featured_media":13743,"comment_status":"closed","ping_status":"open","sticky":false,"template":"","format":"standard","meta":{"_acf_changed":false,"_planet4_optimize_post_is_variant":false,"_planet4_optimize_experiment_name":"","_planet4_optimize_variant_name":"","ep_exclude_from_search":false,"p4_og_title":"","p4_og_description":"","p4_og_image":"","p4_og_image_id":"","p4_seo_canonical_url":"","p4_campaign_name":"","p4_local_project":"","p4_basket_name":"","p4_department":"","footnotes":""},"categories":[1],"tags":[],"p4-page-type":[75],"gpch-article-type":[],"class_list":["post-13797","post","type-post","status-publish","format-standard","has-post-thumbnail","hentry","category-unkategorisiert","p4-page-type-story"],"acf":[],"_links":{"self":[{"href":"https:\/\/www.greenpeace.ch\/de\/wp-json\/wp\/v2\/posts\/13797","targetHints":{"allow":["GET"]}}],"collection":[{"href":"https:\/\/www.greenpeace.ch\/de\/wp-json\/wp\/v2\/posts"}],"about":[{"href":"https:\/\/www.greenpeace.ch\/de\/wp-json\/wp\/v2\/types\/post"}],"author":[{"embeddable":true,"href":"https:\/\/www.greenpeace.ch\/de\/wp-json\/wp\/v2\/users\/23"}],"replies":[{"embeddable":true,"href":"https:\/\/www.greenpeace.ch\/de\/wp-json\/wp\/v2\/comments?post=13797"}],"version-history":[{"count":0,"href":"https:\/\/www.greenpeace.ch\/de\/wp-json\/wp\/v2\/posts\/13797\/revisions"}],"wp:featuredmedia":[{"embeddable":true,"href":"https:\/\/www.greenpeace.ch\/de\/wp-json\/wp\/v2\/media\/13743"}],"wp:attachment":[{"href":"https:\/\/www.greenpeace.ch\/de\/wp-json\/wp\/v2\/media?parent=13797"}],"wp:term":[{"taxonomy":"category","embeddable":true,"href":"https:\/\/www.greenpeace.ch\/de\/wp-json\/wp\/v2\/categories?post=13797"},{"taxonomy":"post_tag","embeddable":true,"href":"https:\/\/www.greenpeace.ch\/de\/wp-json\/wp\/v2\/tags?post=13797"},{"taxonomy":"p4-page-type","embeddable":true,"href":"https:\/\/www.greenpeace.ch\/de\/wp-json\/wp\/v2\/p4-page-type?post=13797"},{"taxonomy":"gpch-article-type","embeddable":true,"href":"https:\/\/www.greenpeace.ch\/de\/wp-json\/wp\/v2\/gpch-article-type?post=13797"}],"curies":[{"name":"wp","href":"https:\/\/api.w.org\/{rel}","templated":true}]}}