{"id":13801,"date":"2012-05-22T00:00:00","date_gmt":"2012-05-21T22:00:00","guid":{"rendered":"https:\/\/master.greenpeace.ch\/beitrag\/13801\/shell-hallo-greenpeace-wir-wissen-wo-du-lebst\/"},"modified":"2019-05-30T12:15:38","modified_gmt":"2019-05-30T10:15:38","slug":"shell-hallo-greenpeace-wir-wissen-wo-du-lebst","status":"publish","type":"post","link":"https:\/\/www.greenpeace.ch\/de\/story\/13801\/shell-hallo-greenpeace-wir-wissen-wo-du-lebst\/","title":{"rendered":"Shell: Hallo Greenpeace, wir wissen, wo du lebst\u2026"},"content":{"rendered":"<p><b>Vielerorts ert\u00f6nt dieser Tage die Kritik am Ausverkauf demokratischer  Grundwerte. Eine einstweilige Verf\u00fcgung vom \u00d6lkonzern Shell gegen  Greenpeace USA best\u00e4tigt den Befund. Bex Sumner von Greenpeace  Grossbritannien f\u00fchrt das in einem Blogbeitrag f\u00fcr Greenpeace UK  etwas  n\u00e4her aus, hier die \u00dcbersetzung:<\/b><\/p>\n<div class=\"post-content\">\n<div>\n<p><strong>Vielerorts ert\u00f6nt dieser Tage die Kritik am Ausverkauf demokratischer  Grundwerte. Eine einstweilige Verf\u00fcgung vom \u00d6lkonzern Shell gegen  Greenpeace USA best\u00e4tigt den Befund. Bex Sumner von Greenpeace  Grossbritannien f\u00fchrt das in einem <span style=\"color: #999999;\"><a href=\"http:\/\/www.greenpeace.org.uk\/blog\/climate\/dear-greenpeace-we-know-where-you-live-20120517\">Blogbeitrag f\u00fcr Greenpeace UK<\/a> <\/span> etwas  n\u00e4her aus, hier die \u00dcbersetzung:<\/strong><\/p>\n<\/p>\n<div class=\"events-box small-box right\">\n<div class=\"frame\">\n        <a class=\"open-img EnlargeImage\" href=\"https:\/\/www.greenpeace.ch\/static\/planet4-switzerland-stateless\/2019\/05\/651421fd-651421fd-klima_aktion_shell_ruegen_gp042bs.jpg\" title=\"\"><br \/>\n            <img decoding=\"async\" id=\"ctl00_cphContentArea_epiEntryContent_ctl00_ctl02_Image1\" class=\"Thumbnail\" src=\"https:\/\/www.greenpeace.ch\/static\/planet4-switzerland-stateless\/2019\/05\/651421fd-651421fd-klima_aktion_shell_ruegen_gp042bs.jpg\" alt=\"\" style=\"border-width:0px;\"><\/p>\n<p>        <\/a>\n    <\/div>\n<div class=\"events-content\">\n        <span class=\"date\">Montag, 21. Mai 2012<\/span><br \/>\n        <strong><\/strong><\/p>\n<p>\n            \u00a9 Joerg Modrow \/ Greenpeace\n        <\/p>\n<\/p>\n<\/div>\n<\/div>\n<p>Am Mittwochmorgen hat Greenpeace UK einen <a href=\"https:\/\/www.greenpeace.ch\/wp-content\/uploads\/2017\/01\/shell.pdf\"><span class=\"zoom\">hochwichtig aussehenden Brief <\/span>von  Shell<\/a> erhalten \u2013 nun ja, von Shells Rechtsabteilung um genau zu sein.  Im Laufe der n\u00e4chsten 24 Stunden trudelte derselbe Brief auch in anderen  Greenpeace-B\u00fcros ein, darunter auch Mexiko, Grossbritannien, Frankreich,  Ungarn, Skandinavien, Japan, Polen, Griechenland, Tschechien, Belgien  und Kanada &#8211;\u00a0 am Freitag dann auch bei Greenpeace Schweiz. Sogar die \u00ab<a class=\"zoom\" href=\"http:\/\/www.greenpeace.to\/greenpeace\/\" target=\"_blank\" rel=\"noopener noreferrer\">Greenpeace Science Unit<\/a>\u00bb hat ein Exemplar bekommen. Es sieht also ganz danach aus, als w\u00fcrde Shell uns etwas zu sagen haben.<\/p>\n<p>Die Botschaft des \u00d6l-Giganten lautet: <em><strong>Ich weiss, wo du lebst und ich  habe gesehen, wo du schl\u00e4fst. Ich schw\u00f6re hiermit feierlich, dass deine  Mutter bitterlich weinen wird, wenn sie erf\u00e4hrt, was ich mit dir  angestellt habe.<\/strong><\/em><\/p>\n<p>Ich paraphrasiere den Inhalt des Briefes, ist klar. Aber es ist so, dass  Shell sicherstellen will, dass jedes Greenpeace-B\u00fcro auf der Welt a)  weiss, dass Shell eine einstweilige <a href=\"http:\/\/www.greenpeace.org.uk\/blog\/climate\/shell-granted-legal-injunction-against-greenpeace-20120330\" target=\"_blank\" rel=\"noopener noreferrer\">Verf\u00fcgung gegen Greenpeace USA<\/a> erwirkt hat und b) kapiert, dass \u2013 falls ein Greenpeace B\u00fcro jemals auf  die Idee kommen sollte, nach Alaska zu fahren, um friedlich in der N\u00e4he  eines \u00d6lbohrschiffes zu protestieren \u2013 Shell eine Rechts-Bazooka direkt  auf Greenpeace richten wird.\u00a0<\/p>\n<p>Die M\u00fche h\u00e4tte sich Shell sparen k\u00f6nnen:  Jedes Greenpeace-B\u00fcro weltweit weiss nat\u00fcrlich von der Verf\u00fcgung. Vor  allem aus dem Grund, dass diese Verf\u00fcgung von Shell zu den  drakonischsten und schwerwiegendsten Rechtsschritten geh\u00f6rt, die bislang  gegen Greenpeace-B\u00fcros eingeleitet worden sind. (Das soll im Fall von  Greenpeace schon was heissen). Die Verf\u00fcgung spielt ungef\u00e4hr in einer  Liga mit dem <a href=\"http:\/\/www.greenpeace.org.uk\/blog\/climate\/breaking-cairn-injunction-twitter-gagging-20110719\" target=\"_blank\" rel=\"noopener noreferrer\">Social Media-Maulkorb des \u00d6l-Konzerns Cairn<\/a> gegen Greenpeace UK und Greenpeace International (noch immer in Kraft).<\/p>\n<p>Die Verf\u00fcgung sorgt daf\u00fcr, dass Greenpeace USA keine friedlichen  Proteste in der N\u00e4he von Shells \u00d6lbohrschiffen in den USA durchf\u00fchren  darf. Und warum? Nun ja, dem Brief von Shell zufolge <a href=\"https:\/\/www.greenpeace.ch\/wp-content\/uploads\/2017\/01\/shell.pdf\" target=\"_blank\" rel=\"noopener noreferrer\">(pdf)<\/a>,  will Shell nicht, dass Proteste \u00abShells Recht und Rechtsanspruch auf  sowie seine Investitionen in \u00d6l- und Gasbohrungen auf Grundlage von  US-Pachtvertr\u00e4gen\u00bb gef\u00e4hrden.<\/p>\n<p>Interessanterweise ist Shell ausserdem in Sorge wegen \u00ab<a class=\"zoom\" href=\"http:\/\/www.facebook.com\/GreenpeaceAT?ref=tn_tnmn#%21\/photo.php?fbid=10150809786514071&amp;set=a.59572309070.71682.32984679070&amp;type=1&amp;theater\" target=\"_blank\" rel=\"noopener noreferrer\">der Gefahr, die aus solchen Aktivit\u00e4ten<\/a> \u2026 f\u00fcr die Umwelt entsteht\u00bb \u2013 weniger ist man bei Shell offenbar wegen  der Gefahr besorgt, die aus <a href=\"http:\/\/www.greenpeace.de\/themen\/oel\/nachrichten\/artikel\/oelbohrungen_in_der_arktis_schwarz_auf_weiss\/\">\u00d6lbohrungen in einer der \u00f6kologisch  sensibelsten Regionen der Welt<\/a> resultiert.<\/p>\n<p>W\u00e4hrend sich Shell-Anw\u00e4lte gegen Redefreiheit und Versammlungsrecht  ins Zeug legen, n\u00e4hern sich die \u00d6lbohrschiffe von Shell allm\u00e4hlich der  Arktis. Wenn Shell mit seinen Pl\u00e4nen durchkommt, d\u00fcrfte der Konzern in  nur wenigen Monaten die \u00d6lbohrungen aufnehmen und somit Alaskas  einzigartige Eislandschaften in eine industrielle \u00d6dnis verwandeln.<\/p>\n<p>Die gute Nachricht: Shell sp\u00fcrt den Widerstand. Die Verf\u00fcgung \u2013  zusammen mit <a href=\"http:\/\/articles.boston.com\/2012-03-02\/business\/31114219_1_offshore-drilling-shell-plans-beaufort-sea\">Shells ausserordentlichen Pr\u00e4ventivmassnahmen<\/a> gegen eine  ganze Reihe von Organisationen \u2013 sagt uns, dass die <a href=\"http:\/\/www.greenpeace.org\/switzerland\/de\/Kampagnen\/Stromzukunft-Schweiz\/Klima\/arctic-impacts\/arctic\/\" target=\"_blank\" rel=\"noopener noreferrer\">massive \u00f6ffentliche Stimmung<\/a> gegen Shell und <a href=\"http:\/\/www.greenpeace.de\/themen\/oel\/nachrichten\/artikel\/greenpeace_aktivisten_protestieren_an_shell_schiff_in_helsinki\/\">eine Reihe von friedlichen Protesten gegen  Shell-Schiffe<\/a> das Unternehmen \u00fcberrascht haben und zunehmend nerv\u00f6s  machen.<\/p>\n<\/p>\n<div><object style=\"width:600px;height:779px\"><param name=\"movie\" value=\"http:\/\/static.issuu.com\/webembed\/viewers\/style1\/v2\/IssuuReader.swf?mode=mini&amp;viewMode=singlePage&amp;embedBackground=%2366cc00&amp;shareMenuEnabled=false&amp;backgroundColor=%23222222&amp;documentId=120516152743-8feaa8b836284152b82d046dd3be5407\"><param name=\"allowfullscreen\" value=\"true\"><param name=\"menu\" value=\"false\"><param name=\"wmode\" value=\"transparent\"><embed src=\"http:\/\/static.issuu.com\/webembed\/viewers\/style1\/v2\/IssuuReader.swf\" type=\"application\/x-shockwave-flash\" allowfullscreen=\"true\" menu=\"false\" wmode=\"transparent\" style=\"width:600px;height:779px\" flashvars=\"mode=mini&amp;viewMode=singlePage&amp;embedBackground=%2366cc00&amp;shareMenuEnabled=false&amp;backgroundColor=%23222222&amp;documentId=120516152743-8feaa8b836284152b82d046dd3be5407\"><\/embed><\/object><\/p>\n<div style=\"width:600px;text-align:left;\"><a href=\"http:\/\/issuu.com\/greenpeacede\/docs\/nordica?mode=window&amp;viewMode=singlePage&amp;backgroundColor=%23222222\"><\/a><\/div>\n<\/div>\n<p>\u00a0<\/p>\n<p>W\u00e4hrend Shell die unumkehrbare Zerst\u00f6rung der Arktis plant, planen  wir, uns weiterhin mit dem \u00d6lkonzern anzulegen. Greenpeace USA hat gegen  die Verf\u00fcgung Berufung eingelegt und wird weiterhin die \u00d6ffentlichkeit  gegen Shells Absichten mobilisieren. Auch wir werden weiterhin gegen die  Pl\u00e4ne von Shell protestieren. Rettet die Artkis \u2013 zusammen mit uns und  weltweit schon 450.000 Unterst\u00fctzern!\u00a0<\/p>\n<p>Jetzt erst recht!<\/p>\n<p><a href=\"http:\/\/www.greenpeace.org\/switzerland\/de\/Kampagnen\/Stromzukunft-Schweiz\/Klima\/arctic-impacts\/arctic\/\"><img loading=\"lazy\" decoding=\"async\" style=\"float: left;\" src=\"..\/..\/..\/..\/..\/..\/Globalhttps:\/\/www.greenpeace.ch\/wp-content\/uploads\/2017\/01\/petitionsbanner.png\" alt=\"Zur Petition\" width=\"241\" height=\"53\"><\/a><\/p>\n<\/div>\n<\/div>\n","protected":false},"excerpt":{"rendered":"<p>Vielerorts ert\u00f6nt dieser Tage die Kritik am Ausverkauf demokratischer Grundwerte. Eine einstweilige Verf\u00fcgung vom \u00d6lkonzern Shell gegen Greenpeace USA best\u00e4tigt den Befund. Bex Sumner von Greenpeace Grossbritannien f\u00fchrt das in&hellip;<\/p>\n","protected":false},"author":23,"featured_media":13803,"comment_status":"closed","ping_status":"open","sticky":false,"template":"","format":"standard","meta":{"_acf_changed":false,"_planet4_optimize_post_is_variant":false,"_planet4_optimize_experiment_name":"","_planet4_optimize_variant_name":"","ep_exclude_from_search":false,"p4_og_title":"","p4_og_description":"","p4_og_image":"","p4_og_image_id":"","p4_seo_canonical_url":"","p4_campaign_name":"","p4_local_project":"","p4_basket_name":"","p4_department":"","footnotes":""},"categories":[1],"tags":[41],"p4-page-type":[75],"gpch-article-type":[],"class_list":["post-13801","post","type-post","status-publish","format-standard","has-post-thumbnail","hentry","category-unkategorisiert","tag-meer","p4-page-type-story"],"acf":[],"_links":{"self":[{"href":"https:\/\/www.greenpeace.ch\/de\/wp-json\/wp\/v2\/posts\/13801","targetHints":{"allow":["GET"]}}],"collection":[{"href":"https:\/\/www.greenpeace.ch\/de\/wp-json\/wp\/v2\/posts"}],"about":[{"href":"https:\/\/www.greenpeace.ch\/de\/wp-json\/wp\/v2\/types\/post"}],"author":[{"embeddable":true,"href":"https:\/\/www.greenpeace.ch\/de\/wp-json\/wp\/v2\/users\/23"}],"replies":[{"embeddable":true,"href":"https:\/\/www.greenpeace.ch\/de\/wp-json\/wp\/v2\/comments?post=13801"}],"version-history":[{"count":0,"href":"https:\/\/www.greenpeace.ch\/de\/wp-json\/wp\/v2\/posts\/13801\/revisions"}],"wp:featuredmedia":[{"embeddable":true,"href":"https:\/\/www.greenpeace.ch\/de\/wp-json\/wp\/v2\/media\/13803"}],"wp:attachment":[{"href":"https:\/\/www.greenpeace.ch\/de\/wp-json\/wp\/v2\/media?parent=13801"}],"wp:term":[{"taxonomy":"category","embeddable":true,"href":"https:\/\/www.greenpeace.ch\/de\/wp-json\/wp\/v2\/categories?post=13801"},{"taxonomy":"post_tag","embeddable":true,"href":"https:\/\/www.greenpeace.ch\/de\/wp-json\/wp\/v2\/tags?post=13801"},{"taxonomy":"p4-page-type","embeddable":true,"href":"https:\/\/www.greenpeace.ch\/de\/wp-json\/wp\/v2\/p4-page-type?post=13801"},{"taxonomy":"gpch-article-type","embeddable":true,"href":"https:\/\/www.greenpeace.ch\/de\/wp-json\/wp\/v2\/gpch-article-type?post=13801"}],"curies":[{"name":"wp","href":"https:\/\/api.w.org\/{rel}","templated":true}]}}