{"id":13805,"date":"2012-05-22T00:00:00","date_gmt":"2012-05-21T22:00:00","guid":{"rendered":"https:\/\/master.greenpeace.ch\/beitrag\/13805\/lizenz-zum-pluendern\/"},"modified":"2019-05-30T12:15:41","modified_gmt":"2019-05-30T10:15:41","slug":"lizenz-zum-pluendern","status":"publish","type":"post","link":"https:\/\/www.greenpeace.ch\/de\/story\/13805\/lizenz-zum-pluendern\/","title":{"rendered":"Lizenz zum Pl\u00fcndern"},"content":{"rendered":"<p><b>Europ\u00e4ische Schleppnetz-Trawler von Afrika gef\u00e4hrden nebst den Fischbest\u00e4nden die Existenz unz\u00e4hliger Menschen. Der Schwedische Greenpeace-Fotograf Christian \u00c5slund hat einen Beutezug dokumentiert.<\/b><\/p>\n<div>\n<p>Die Situation ist alarmierend. Greenpeace-AktivistInnen entdecken vor der afrikanischen Westk\u00fcste immer mehr europ\u00e4ische Trawler, deren Crews mit Schleppnetzen arbeiten und so die Best\u00e4nde gef\u00e4hrden. Die meisten kommen aus Spanien und den Niederlanden \u2013 mehrere Hundert Tonnen Fisch werden t\u00e4glich auf ihnen verarbeitet. Gegen diese Profitflotten haben die Einheimischen nicht die geringste Chance. \u00dcber Jahrhunderte haben sie vom Meer gelebt. Was sie mit ihren kleinen Booten jetzt noch fangen, reicht kaum zum \u00dcberleben. Die Einzigen, die von den unfairen Fischereiabkommen mit der EU profitieren, sind die westafrikanischen Regierungen. Greenpeace k\u00e4mpft vor Ort daf\u00fcr, dass diese Politik ge\u00e4ndert wird und hat k\u00fcrzlich ein B\u00fcro in Dakar er\u00f6ffnet.<\/p>\n<p>\u00a0<\/p>\n<p>Christian \u00c5slund lebt in Stockholm und arbeitet seit 1998 als Foto- und Videojournalist f\u00fcr Greenpeace. Er liebt seinen Job, \u00abauch wenn er mich oft an die schlimmsten Orte bringt\u00bb. F\u00fcr die Dokumentation der \u00dcberfischung vor Afrikas K\u00fcsten hat Christian zwei Jahre investiert. In dieser Zeit war er in Mauretanien, Senegal, Gambia und Kap Verde und sprach mit lokalen Fischern \u00fcber ihre Lebensbedingungen, die wegen der zahlreichen europ\u00e4ischen Schleppnetz-Trawler zunehmend elend werden.<\/p>\n<\/div>\n","protected":false},"excerpt":{"rendered":"<p>Europ\u00e4ische Schleppnetz-Trawler von Afrika gef\u00e4hrden nebst den Fischbest\u00e4nden die Existenz unz\u00e4hliger Menschen. Der Schwedische Greenpeace-Fotograf Christian \u00c5slund hat einen Beutezug dokumentiert. Die Situation ist alarmierend. Greenpeace-AktivistInnen entdecken vor der afrikanischen&hellip;<\/p>\n","protected":false},"author":23,"featured_media":0,"comment_status":"closed","ping_status":"open","sticky":false,"template":"","format":"standard","meta":{"_acf_changed":false,"_planet4_optimize_post_is_variant":false,"_planet4_optimize_experiment_name":"","_planet4_optimize_variant_name":"","ep_exclude_from_search":false,"p4_og_title":"","p4_og_description":"","p4_og_image":"","p4_og_image_id":"","p4_seo_canonical_url":"","p4_campaign_name":"","p4_local_project":"","p4_basket_name":"","p4_department":"","footnotes":""},"categories":[1],"tags":[],"p4-page-type":[75],"gpch-article-type":[],"class_list":["post-13805","post","type-post","status-publish","format-standard","hentry","category-unkategorisiert","p4-page-type-story"],"acf":[],"_links":{"self":[{"href":"https:\/\/www.greenpeace.ch\/de\/wp-json\/wp\/v2\/posts\/13805","targetHints":{"allow":["GET"]}}],"collection":[{"href":"https:\/\/www.greenpeace.ch\/de\/wp-json\/wp\/v2\/posts"}],"about":[{"href":"https:\/\/www.greenpeace.ch\/de\/wp-json\/wp\/v2\/types\/post"}],"author":[{"embeddable":true,"href":"https:\/\/www.greenpeace.ch\/de\/wp-json\/wp\/v2\/users\/23"}],"replies":[{"embeddable":true,"href":"https:\/\/www.greenpeace.ch\/de\/wp-json\/wp\/v2\/comments?post=13805"}],"version-history":[{"count":0,"href":"https:\/\/www.greenpeace.ch\/de\/wp-json\/wp\/v2\/posts\/13805\/revisions"}],"wp:attachment":[{"href":"https:\/\/www.greenpeace.ch\/de\/wp-json\/wp\/v2\/media?parent=13805"}],"wp:term":[{"taxonomy":"category","embeddable":true,"href":"https:\/\/www.greenpeace.ch\/de\/wp-json\/wp\/v2\/categories?post=13805"},{"taxonomy":"post_tag","embeddable":true,"href":"https:\/\/www.greenpeace.ch\/de\/wp-json\/wp\/v2\/tags?post=13805"},{"taxonomy":"p4-page-type","embeddable":true,"href":"https:\/\/www.greenpeace.ch\/de\/wp-json\/wp\/v2\/p4-page-type?post=13805"},{"taxonomy":"gpch-article-type","embeddable":true,"href":"https:\/\/www.greenpeace.ch\/de\/wp-json\/wp\/v2\/gpch-article-type?post=13805"}],"curies":[{"name":"wp","href":"https:\/\/api.w.org\/{rel}","templated":true}]}}