{"id":13816,"date":"2012-05-02T00:00:00","date_gmt":"2012-05-01T22:00:00","guid":{"rendered":"https:\/\/master.greenpeace.ch\/beitrag\/13816\/greenpeace-aktivist-im-hochsicherheitsbereich-des-akw-bugey\/"},"modified":"2019-05-30T12:16:03","modified_gmt":"2019-05-30T10:16:03","slug":"greenpeace-aktivist-im-hochsicherheitsbereich-des-akw-bugey","status":"publish","type":"post","link":"https:\/\/www.greenpeace.ch\/de\/story\/13816\/greenpeace-aktivist-im-hochsicherheitsbereich-des-akw-bugey\/","title":{"rendered":"Greenpeace-Aktivist im Hochsicherheitsbereich des AKW Bugey"},"content":{"rendered":"<p><b><\/b><\/p>\n<div class=\"post-content\">\n<div>\n<div class=\"events-box small-box left\">\n<div class=\"frame\">\n        <a class=\"open-img EnlargeImage\" href=\"https:\/\/www.greenpeace.ch\/static\/planet4-switzerland-stateless\/2019\/05\/51cfd81a-51cfd81a-gp04294_layout.jpg\" title=\"Ein Greenpeace-Aktivist in der Flugverbotszone des franz\u00f6sischen AKW Bugey\"><br \/>\n            <img decoding=\"async\" id=\"ctl00_cphContentArea_epiEntryContent_ctl00_ctl02_Image1\" title=\"Ein Greenpeace-Aktivist in der Flugverbotszone des franz\u00f6sischen AKW Bugey\" class=\"Thumbnail\" src=\"https:\/\/www.greenpeace.ch\/static\/planet4-switzerland-stateless\/2019\/05\/51cfd81a-51cfd81a-gp04294_layout.jpg\" alt=\"Ein Greenpeace-Aktivist in der Flugverbotszone des franz\u00f6sischen AKW Bugey\" style=\"border-width:0px;\"><\/p>\n<p>        <\/a>\n    <\/div>\n<div class=\"events-content\">\n        <span class=\"date\"><\/span><br \/>\n        <strong>Ein Greenpeace-Aktivist in der Flugverbotszone des franz\u00f6sischen AKW Bugey<\/strong><\/p>\n<p>\n            \u00a9 Lagazeta \/ Greenpeace\n        <\/p>\n<\/p>\n<\/div>\n<\/div>\n<p> <strong>Ein <span lang=\"en\">Greenpeace<\/span>-Aktivist ist mit einem  motorisierten Gleitschirm in die Hochsicherheitszone des Atomkraftwerks  Bugey gelangt. Er setzte Rauchsignale \u00fcber einem der Reaktoren ab und  landete dann auf dem <abbr title=\"Atomkraftwerk\">AKW<\/abbr>-Gel\u00e4nde. Die Aktion demonstriert die Verwundbarkeit franz\u00f6sischer Atomanlagen bei Terrorangriffen aus der Luft.<\/strong><\/p>\n<p>Zeitgleich hat <span lang=\"en\">Greenpeace<\/span> heute eine <a rel=\"external_link noopener noreferrer\" href=\"http:\/\/www.greenpeace.org\/france\/PageFiles\/300718\/vuln%C3%A9rabilit%C3%A9_avions_Large_int%C3%A9gral.pdf\" target=\"_blank\">Studie des britischen Experten John Large<\/a> ver\u00f6ffentlicht. Sie analysiert das Risiko eines gezielten Flugzeugabsturzes f\u00fcr franz\u00f6sische Atomanlagen. In den <abbr title=\"Atomkraftwerk\">AKW<\/abbr>-Stresstests der Regierung Sarkozy werden solche Szenarien bewusst ignoriert.<\/p>\n<p>Aus der Studie geht hervor, dass neben Bugey sieben weitere Kernkraftwerke besonders verwundbar sind: die <abbr title=\"Atomkraftwerk\">AKW<\/abbr> Fessenheim, Gravelines, Dampierre, Blayais, Chinon, Saint-Laurent und  Cruas. In allen diesen Anlagen sei die Betonh\u00fclle der Reaktoren zu  schwach.<\/p>\n<\/div>\n<\/div>\n","protected":false},"excerpt":{"rendered":"<p>Ein Greenpeace-Aktivist in der Flugverbotszone des franz\u00f6sischen AKW Bugey \u00a9 Lagazeta \/ Greenpeace Ein Greenpeace-Aktivist ist mit einem motorisierten Gleitschirm in die Hochsicherheitszone des Atomkraftwerks Bugey gelangt. Er setzte Rauchsignale&hellip;<\/p>\n","protected":false},"author":23,"featured_media":13818,"comment_status":"closed","ping_status":"open","sticky":false,"template":"","format":"standard","meta":{"_acf_changed":false,"_planet4_optimize_post_is_variant":false,"_planet4_optimize_experiment_name":"","_planet4_optimize_variant_name":"","ep_exclude_from_search":false,"p4_og_title":"","p4_og_description":"","p4_og_image":"","p4_og_image_id":"","p4_seo_canonical_url":"","p4_campaign_name":"","p4_local_project":"","p4_basket_name":"","p4_department":"","footnotes":""},"categories":[1],"tags":[],"p4-page-type":[75],"gpch-article-type":[],"class_list":["post-13816","post","type-post","status-publish","format-standard","has-post-thumbnail","hentry","category-unkategorisiert","p4-page-type-story"],"acf":[],"_links":{"self":[{"href":"https:\/\/www.greenpeace.ch\/de\/wp-json\/wp\/v2\/posts\/13816","targetHints":{"allow":["GET"]}}],"collection":[{"href":"https:\/\/www.greenpeace.ch\/de\/wp-json\/wp\/v2\/posts"}],"about":[{"href":"https:\/\/www.greenpeace.ch\/de\/wp-json\/wp\/v2\/types\/post"}],"author":[{"embeddable":true,"href":"https:\/\/www.greenpeace.ch\/de\/wp-json\/wp\/v2\/users\/23"}],"replies":[{"embeddable":true,"href":"https:\/\/www.greenpeace.ch\/de\/wp-json\/wp\/v2\/comments?post=13816"}],"version-history":[{"count":0,"href":"https:\/\/www.greenpeace.ch\/de\/wp-json\/wp\/v2\/posts\/13816\/revisions"}],"wp:featuredmedia":[{"embeddable":true,"href":"https:\/\/www.greenpeace.ch\/de\/wp-json\/wp\/v2\/media\/13818"}],"wp:attachment":[{"href":"https:\/\/www.greenpeace.ch\/de\/wp-json\/wp\/v2\/media?parent=13816"}],"wp:term":[{"taxonomy":"category","embeddable":true,"href":"https:\/\/www.greenpeace.ch\/de\/wp-json\/wp\/v2\/categories?post=13816"},{"taxonomy":"post_tag","embeddable":true,"href":"https:\/\/www.greenpeace.ch\/de\/wp-json\/wp\/v2\/tags?post=13816"},{"taxonomy":"p4-page-type","embeddable":true,"href":"https:\/\/www.greenpeace.ch\/de\/wp-json\/wp\/v2\/p4-page-type?post=13816"},{"taxonomy":"gpch-article-type","embeddable":true,"href":"https:\/\/www.greenpeace.ch\/de\/wp-json\/wp\/v2\/gpch-article-type?post=13816"}],"curies":[{"name":"wp","href":"https:\/\/api.w.org\/{rel}","templated":true}]}}