{"id":13849,"date":"2012-04-26T00:00:00","date_gmt":"2012-04-25T22:00:00","guid":{"rendered":"https:\/\/master.greenpeace.ch\/beitrag\/13849\/alpiq-muss-raus-aus-der-schmutzigen-energie-2\/"},"modified":"2019-05-30T12:17:10","modified_gmt":"2019-05-30T10:17:10","slug":"alpiq-muss-raus-aus-der-schmutzigen-energie-2","status":"publish","type":"post","link":"https:\/\/www.greenpeace.ch\/de\/story\/13849\/alpiq-muss-raus-aus-der-schmutzigen-energie-2\/","title":{"rendered":"Alpiq muss raus aus der schmutzigen Energie!"},"content":{"rendered":"<p><b>Zoom<\/p>\n<p>        Donnerstag, 26. April 2012<\/p>\n<p>            \u00a9 Greenpeace\/ Rezo \/ Fred Merz<\/b><\/p>\n<div class=\"post-content\">\n<div>\n<p><strong><\/p>\n<div class=\"events-box small-box left\">\n<div class=\"frame\">\n        <a class=\"open-img EnlargeImage\" href=\"https:\/\/www.greenpeace.ch\/static\/planet4-switzerland-stateless\/2019\/05\/3414c4dd-3414c4dd-120426-wb-klima-aktion.jpg\" title=\"\"><br \/>\n            <img decoding=\"async\" id=\"ctl00_cphContentArea_epiEntryContent_ctl00_ctl02_Image1\" class=\"Thumbnail\" src=\"https:\/\/www.greenpeace.ch\/static\/planet4-switzerland-stateless\/2019\/05\/3414c4dd-3414c4dd-120426-wb-klima-aktion.jpg\" alt=\"\" style=\"border-width:0px;\"><\/p>\n<p>        <\/a>\n    <\/div>\n<div class=\"events-content\">\n        <span class=\"date\">Donnerstag, 26. April 2012<\/span><br \/>\n        <strong><\/strong><\/p>\n<p>\n            \u00a9 Greenpeace\/ Rezo \/ Fred Merz\n        <\/p>\n<\/p>\n<\/div>\n<\/div>\n<p><\/strong><\/p>\n<p><strong>\u00abWeder Atomkraft noch fossile Brennstoffe \u2014 100% erneuerbare Energien\u00bb <\/strong>\u2013 das fordern 50 Greenpeace-Aktivisten und Aktivistinnen heute in Lausanne an der Generalversammlung des Energiekonzerns Alpiq.<\/p>\n<p>Grund f\u00fcr die Aktion ist die Investitionsstrategie der Alpiq, die auf Stromproduktion aus Atom-, Gas- und Kohlekraftwerken setzt, anstatt die erneuerbaren Energien in der Schweiz zu nutzen.<\/p>\n<p>\u00a0<\/p>\n<p>Sie wollen von zu Hause aus mitmachen?<\/p>\n<h3><a href=\"https:\/\/www.facebook.com\/AlpiqStopDirtyEnergy\"><img loading=\"lazy\" decoding=\"async\" style=\"display: block; margin-left: auto; margin-right: auto;\" src=\"https:\/\/www.greenpeace.ch\/static\/planet4-switzerland-stateless\/2019\/05\/abc40b61-abc40b61-bouton_protestfb.png\" alt=\"Zur Cyber-Aktion\" width=\"211\" height=\"44\"><\/a><\/h3>\n<p>\u00a0<\/p>\n<p>Derzeit stammen zwei Drittel des von der Alpiq produzierten Stroms  aus  AKWs, Gas- oder Kohlekraftwerken. Des Weiteren hat Alpin ihr   Rahmenbewilligungsgesuch f\u00fcr den Bau eines neuen Atomkraftwerks noch   immer nicht zur\u00fcckgezogen.<br \/> Ausserdem ist die Alpiq Hauptaktion\u00e4rin  des Atomkraftwerks G\u00f6sgen, das  zu einem grossen Teil Brennst\u00e4be aus der  russischen  Wiederaufarbeitungsanlage Mayak einsetzt. Die Region von  Mayak ist \u00fcber  weite Strecken radioaktiv verseucht. Radioaktive  Abw\u00e4sser belasten das  Wasser der Tetscha, des wichtigsten Flusses in  der Region.<\/p>\n<p>\u00abDie Betreiber von Mayak begehen Verbrechen an der Umwelt\u00bb, sagt  Florian Kasser, Leiter der Atomkampagne bei Greenpeace Schweiz, \u00abund der  Alpiq-Konzern als Abnehmer von wiederaufbereiteten Brennst\u00e4ben aus der  Anlage ist mitverantwortlich f\u00fcr die radioaktive Verschmutzung der  Region und gef\u00e4hrdet die Gesundheit der Lokalbev\u00f6lkerung.\u00bb<\/p>\n<pre><br><pre>Zusammenschnitt von der Aktion vor Ort:\n<\/pre>\n<p><iframe loading=\"lazy\" width=\"600\" height=\"335\" src=\"https:\/\/www.youtube.com\/embed\/AAhGwwsBrhw\" frameborder=\"0\" allowfullscreen=\"\"><\/iframe>\u00a0<\/p>\n<p>Bilder von der Aktion vor Ort:<\/p>\n<p><object width=\"600\" height=\"450\"><param name=\"flashvars\" value=\"offsite=true&amp;lang=en-us&amp;page_show_url=%2Fphotos%2Fgreenpeace_switzerland%2Fshow%2F&amp;page_show_back_url=%2Fphotos%2Fgreenpeace_switzerland%2F&amp;user_id=24785492@N03&amp;jump_to=\"><param name=\"movie\" value=\"http:\/\/www.flickr.com\/apps\/slideshow\/show.swf?v=109615\"><param name=\"allowFullScreen\" value=\"true\"><embed type=\"application\/x-shockwave-flash\" src=\"http:\/\/www.flickr.com\/apps\/slideshow\/show.swf?v=109615\" allowfullscreen=\"true\" flashvars=\"offsite=true&amp;lang=en-us&amp;page_show_url=%2Fphotos%2Fgreenpeace_switzerland%2Fshow%2F&amp;page_show_back_url=%2Fphotos%2Fgreenpeace_switzerland%2F&amp;user_id=24785492@N03&amp;jump_to=\" width=\"600\" height=\"450\"><\/embed><\/object><\/p>\n<p>\u00a0<\/p>\n<pre>Gezwitschere:<\/pre>\n<p>\n<iframe frameborder=\"0\" scrolling=\"no\" style=\"width: 600px; height: 300px;\" src=\"http:\/\/visibletweets.com\/#query=%23dirtyalpiq&amp;animation=1\"><\/iframe>\u00a0<\/p>\n<\/div>\n<\/div>\n","protected":false},"excerpt":{"rendered":"<p>Zoom Donnerstag, 26. April 2012 \u00a9 Greenpeace\/ Rezo \/ Fred Merz Donnerstag, 26. April 2012 \u00a9 Greenpeace\/ Rezo \/ Fred Merz \u00abWeder Atomkraft noch fossile Brennstoffe \u2014 100% erneuerbare Energien\u00bb&hellip;<\/p>\n","protected":false},"author":23,"featured_media":13851,"comment_status":"closed","ping_status":"open","sticky":false,"template":"","format":"standard","meta":{"_acf_changed":false,"_planet4_optimize_post_is_variant":false,"_planet4_optimize_experiment_name":"","_planet4_optimize_variant_name":"","ep_exclude_from_search":false,"p4_og_title":"","p4_og_description":"","p4_og_image":"","p4_og_image_id":"","p4_seo_canonical_url":"","p4_campaign_name":"","p4_local_project":"","p4_basket_name":"","p4_department":"","footnotes":""},"categories":[1],"tags":[50],"p4-page-type":[75],"gpch-article-type":[],"class_list":["post-13849","post","type-post","status-publish","format-standard","has-post-thumbnail","hentry","category-unkategorisiert","tag-klima","p4-page-type-story"],"acf":[],"_links":{"self":[{"href":"https:\/\/www.greenpeace.ch\/de\/wp-json\/wp\/v2\/posts\/13849","targetHints":{"allow":["GET"]}}],"collection":[{"href":"https:\/\/www.greenpeace.ch\/de\/wp-json\/wp\/v2\/posts"}],"about":[{"href":"https:\/\/www.greenpeace.ch\/de\/wp-json\/wp\/v2\/types\/post"}],"author":[{"embeddable":true,"href":"https:\/\/www.greenpeace.ch\/de\/wp-json\/wp\/v2\/users\/23"}],"replies":[{"embeddable":true,"href":"https:\/\/www.greenpeace.ch\/de\/wp-json\/wp\/v2\/comments?post=13849"}],"version-history":[{"count":0,"href":"https:\/\/www.greenpeace.ch\/de\/wp-json\/wp\/v2\/posts\/13849\/revisions"}],"wp:featuredmedia":[{"embeddable":true,"href":"https:\/\/www.greenpeace.ch\/de\/wp-json\/wp\/v2\/media\/13851"}],"wp:attachment":[{"href":"https:\/\/www.greenpeace.ch\/de\/wp-json\/wp\/v2\/media?parent=13849"}],"wp:term":[{"taxonomy":"category","embeddable":true,"href":"https:\/\/www.greenpeace.ch\/de\/wp-json\/wp\/v2\/categories?post=13849"},{"taxonomy":"post_tag","embeddable":true,"href":"https:\/\/www.greenpeace.ch\/de\/wp-json\/wp\/v2\/tags?post=13849"},{"taxonomy":"p4-page-type","embeddable":true,"href":"https:\/\/www.greenpeace.ch\/de\/wp-json\/wp\/v2\/p4-page-type?post=13849"},{"taxonomy":"gpch-article-type","embeddable":true,"href":"https:\/\/www.greenpeace.ch\/de\/wp-json\/wp\/v2\/gpch-article-type?post=13849"}],"curies":[{"name":"wp","href":"https:\/\/api.w.org\/{rel}","templated":true}]}}