{"id":13858,"date":"2012-04-28T00:00:00","date_gmt":"2012-04-27T22:00:00","guid":{"rendered":"https:\/\/master.greenpeace.ch\/beitrag\/13858\/messergebnisse-elgin-plattform\/"},"modified":"2019-05-30T12:17:25","modified_gmt":"2019-05-30T10:17:25","slug":"messergebnisse-elgin-plattform","status":"publish","type":"post","link":"https:\/\/www.greenpeace.ch\/de\/story\/13858\/messergebnisse-elgin-plattform\/","title":{"rendered":"Messergebnisse Elgin-Plattform"},"content":{"rendered":"<p><b><\/b><\/p>\n<div class=\"post-content\">\n<div>\n<div class=\"events-box small-box left\">\n<div class=\"frame\">\n        <a class=\"open-img EnlargeImage\" href=\"https:\/\/www.greenpeace.ch\/static\/planet4-switzerland-stateless\/2019\/05\/8909aab0-8909aab0-wasserprobe_elgin.jpg\" title=\"Ein Greenpeace-Experte nimmt Wasserproben um die Auswirkungen des Unfalls auf der F\u00f6rderplattform Elgin zu untersuchen.\"><br \/>\n            <img decoding=\"async\" id=\"ctl00_cphContentArea_epiEntryContent_ctl00_ctl02_Image1\" title=\"Ein Greenpeace-Experte nimmt Wasserproben um die Auswirkungen des Unfalls auf der F\u00f6rderplattform Elgin zu untersuchen.\" class=\"Thumbnail\" src=\"https:\/\/www.greenpeace.ch\/static\/planet4-switzerland-stateless\/2019\/05\/8909aab0-8909aab0-wasserprobe_elgin.jpg\" alt=\"Ein Greenpeace-Experte nimmt Wasserproben um die Auswirkungen des Unfalls auf der F\u00f6rderplattform Elgin zu untersuchen.\" style=\"border-width:0px;\"><\/p>\n<p>        <\/a>\n    <\/div>\n<div class=\"events-content\">\n        <span class=\"date\">Dienstag, 3. April 2012<\/span><br \/>\n        <strong>Ein Greenpeace-Experte nimmt Wasserproben um die Auswirkungen des Unfalls auf der F\u00f6rderplattform Elgin zu untersuchen.<\/strong><\/p>\n<p>\n            \u00a9 Joerg Modrow \/ Greenpeace\n        <\/p>\n<\/p>\n<\/div>\n<\/div>\n<p><strong>Gut<\/strong><strong> zwei Wochen nach der <span lang=\"en\">Greenpeace<\/span>-Expedition  zur Elgin-Gasplattform liegen jetzt die Ergebnisse der Wasser- und  Luftproben vor, die die Aktivisten vor Ort genommen haben. Die  Untersuchungen der Luft- und Wasserproben ergeben gl\u00fccklicherweise keine Hinweise auf  Freisetzung von Stoffen mit besonders gef\u00e4hrlichen Eigenschaften f\u00fcr  Mensch und Umwelt.<\/strong><\/p>\n<p>Der Methangehalt der Luft betr\u00e4gt in drei Seemeilen Entfernung zur Elgin-Platfform zwei <abbr title=\"parts per million (Teile pro Million)\" lang=\"en\">ppm<\/abbr> unabh\u00e4ngig von der Himmelsrichtung zur Plattform. In dieser gro\u00dfen  Entfernung ist in der Luft der besonders giftige Schwefelwasserstoff  nicht nachweisbar. Schwefelwasserstoff ist Bestandteil von sogenanntem <em>Sauren Erdgas<\/em> und wurde in ersten Pressemeldungen als Bestandteil des austretenden Gases genannt.<\/p>\n<p>Der auf dem Wasser zu beobachtende \u00f6lige Film und die auf dem Wasser  schwimmenden gelblich fettigen Flocken bestehen aus schwerer fl\u00fcchtigen  Alkankohlenwasserstoffen und sind ebenfalls keine Stoffe mit besonders  toxischen Eigenschaften. Aber Achtung: Alle Ergebnisse beziehen sich  ausschlie\u00dflich auf Messungen in drei Seemeilen Entfernung und geben  keine Auskunft \u00fcber die Situation in N\u00e4he der Plattform.<\/p>\n<p><span lang=\"en\">Greenpeace<\/span> ist zur Elgin gefahren, um sich  selbst ein Bild von der Situation vor Ort zu machen. Der ernste Unfall  auf der Elgin hat sich nicht zu einer Umweltkatastrophe entwickelt. Laut  einem <acronym title=\"Convention for the Protection of the Marine Environment of the North-East Atlantic\" lang=\"en\">OSPAR<\/acronym>-Report kommt es j\u00e4hrlich zu mehreren hunderten Unf\u00e4llen auf \u00d6l und Gasplattformen in der Nordsee.<\/p>\n<p>Dagegen helfen auch nicht die sogenannten hohen Sicherheitsstandards  der \u00d6lindustrie. Die Konzerne beweisen damit jedes Jahr aufs neue, dass  sie nicht in der Lage sind, umweltgerecht \u00d6l zu f\u00f6rdern. Selbst beim  normalen Betrieb der Anlagen werden j\u00e4hrlich im Nordost-Atlantik etwa  10.000 Tonnen \u00d6l ins Meer geleitet.<\/p>\n<p>Alles zusammen zeigt deutlich, dass es jederzeit zu Unf\u00e4llen bei  \u00d6lexplorationen kommen kann. Geschieht dies in sensiblen \u00d6kosysteme wie  der Arktis, sind die Auswirkungen auf die Umwelt wesentlich schlimmer.<\/p>\n<\/p>\n<div class=\"listings items multy-border\">\n<h3 title=\"Weitere Informationen\">Weitere Informationen<\/h3>\n<div class=\"\">\n<ul>\n<li class=\"flexible-height\">\n    <a title=\"Bisherige News chronologisch\" href=\"http:\/\/www.greenpeace.org\/switzerland\/de\/System-templates\/Search-results\/?sort=easysearch_startpublishshort\" target=\"1&amp;all=elgin\" rel=\"noopener noreferrer\">Bisherige News chronologisch<\/a>\t<\/p>\n<p class=\"contenttype\">Link<\/p>\n<\/li>\n<li class=\"flexible-height\">\n    <a title=\"\u00dcbersicht zum Thema von Greenpeace Deutschland\" href=\"http:\/\/www.greenpeace.de\/themen\/oel\/\" target=\"_blank\" rel=\"noopener noreferrer\">\u00dcbersicht zum Thema von Greenpeace Deutschland<\/a>\t<\/p>\n<p class=\"contenttype\">Link<\/p>\n<\/li>\n<li class=\"flexible-height\">\n    <a title='Blog von Bj\u00f6rn Jettka, Crewmitglied auf der \"K\u00f6nigin Juliane\"' href=\"http:\/\/blog.greenpeace.de\/?s=elgin\" target=\"_blank\" rel=\"noopener noreferrer\">Blog von Bj\u00f6rn Jettka, Crewmitglied auf der &#171;K\u00f6nigin Juliane&#187;<\/a>\t<\/p>\n<p class=\"contenttype\">Link<\/p>\n<\/li>\n<\/ul>\n<\/div>\n<\/div>\n<p>\u00a0<\/p>\n<p><a title=\"Spenden Sie f\u00fcr den Kampf gegen \u00d6l- und Gasbohrungen.\" href=\"https:\/\/spenden.greenpeace.ch\/live\/donate?utm_source=arctic&amp;utm_medium=leaderboard&amp;utm_campaign=arctic\" target=\"_blank\" rel=\"noopener noreferrer\"><img loading=\"lazy\" decoding=\"async\" src=\"https:\/\/www.greenpeace.ch\/static\/planet4-switzerland-stateless\/2019\/05\/e5554c43-e5554c43-banner_bohrinsel.jpg\" alt=\"\" width=\"600\" height=\"140\"><\/a><\/p>\n<\/div>\n<\/div>\n","protected":false},"excerpt":{"rendered":"<p>Dienstag, 3. April 2012 Ein Greenpeace-Experte nimmt Wasserproben um die Auswirkungen des Unfalls auf der F\u00f6rderplattform Elgin zu untersuchen. \u00a9 Joerg Modrow \/ Greenpeace Gut zwei Wochen nach der Greenpeace-Expedition&hellip;<\/p>\n","protected":false},"author":23,"featured_media":13860,"comment_status":"closed","ping_status":"open","sticky":false,"template":"","format":"standard","meta":{"_acf_changed":false,"_planet4_optimize_post_is_variant":false,"_planet4_optimize_experiment_name":"","_planet4_optimize_variant_name":"","ep_exclude_from_search":false,"p4_og_title":"","p4_og_description":"","p4_og_image":"","p4_og_image_id":"","p4_seo_canonical_url":"","p4_campaign_name":"","p4_local_project":"","p4_basket_name":"","p4_department":"","footnotes":""},"categories":[1],"tags":[41],"p4-page-type":[75],"gpch-article-type":[],"class_list":["post-13858","post","type-post","status-publish","format-standard","has-post-thumbnail","hentry","category-unkategorisiert","tag-meer","p4-page-type-story"],"acf":[],"_links":{"self":[{"href":"https:\/\/www.greenpeace.ch\/de\/wp-json\/wp\/v2\/posts\/13858","targetHints":{"allow":["GET"]}}],"collection":[{"href":"https:\/\/www.greenpeace.ch\/de\/wp-json\/wp\/v2\/posts"}],"about":[{"href":"https:\/\/www.greenpeace.ch\/de\/wp-json\/wp\/v2\/types\/post"}],"author":[{"embeddable":true,"href":"https:\/\/www.greenpeace.ch\/de\/wp-json\/wp\/v2\/users\/23"}],"replies":[{"embeddable":true,"href":"https:\/\/www.greenpeace.ch\/de\/wp-json\/wp\/v2\/comments?post=13858"}],"version-history":[{"count":0,"href":"https:\/\/www.greenpeace.ch\/de\/wp-json\/wp\/v2\/posts\/13858\/revisions"}],"wp:featuredmedia":[{"embeddable":true,"href":"https:\/\/www.greenpeace.ch\/de\/wp-json\/wp\/v2\/media\/13860"}],"wp:attachment":[{"href":"https:\/\/www.greenpeace.ch\/de\/wp-json\/wp\/v2\/media?parent=13858"}],"wp:term":[{"taxonomy":"category","embeddable":true,"href":"https:\/\/www.greenpeace.ch\/de\/wp-json\/wp\/v2\/categories?post=13858"},{"taxonomy":"post_tag","embeddable":true,"href":"https:\/\/www.greenpeace.ch\/de\/wp-json\/wp\/v2\/tags?post=13858"},{"taxonomy":"p4-page-type","embeddable":true,"href":"https:\/\/www.greenpeace.ch\/de\/wp-json\/wp\/v2\/p4-page-type?post=13858"},{"taxonomy":"gpch-article-type","embeddable":true,"href":"https:\/\/www.greenpeace.ch\/de\/wp-json\/wp\/v2\/gpch-article-type?post=13858"}],"curies":[{"name":"wp","href":"https:\/\/api.w.org\/{rel}","templated":true}]}}