{"id":13870,"date":"2012-04-27T00:00:00","date_gmt":"2012-04-26T22:00:00","guid":{"rendered":"https:\/\/master.greenpeace.ch\/beitrag\/13870\/nur-wenige-tage-zeit-den-amazonas-zu-retten\/"},"modified":"2019-05-30T12:17:49","modified_gmt":"2019-05-30T10:17:49","slug":"nur-wenige-tage-zeit-den-amazonas-zu-retten","status":"publish","type":"post","link":"https:\/\/www.greenpeace.ch\/de\/story\/13870\/nur-wenige-tage-zeit-den-amazonas-zu-retten\/","title":{"rendered":"Nur wenige Tage Zeit, den Amazonas zu retten!"},"content":{"rendered":"<p><b><\/b><\/p>\n<div class=\"post-content\">\n<div>\n<div class=\"events-box small-box left\">\n<div class=\"frame\">\n        <a class=\"open-img EnlargeImage\" href=\"https:\/\/www.greenpeace.ch\/static\/planet4-switzerland-stateless\/2019\/05\/a20bb622-a20bb622-brasilien_rio_gp0hvs.jpg\" title=\"\"><br \/>\n            <img decoding=\"async\" id=\"ctl00_cphContentArea_epiEntryContent_ctl00_ctl02_Image1\" class=\"Thumbnail\" src=\"https:\/\/www.greenpeace.ch\/static\/planet4-switzerland-stateless\/2019\/05\/a20bb622-a20bb622-brasilien_rio_gp0hvs.jpg\" alt=\"\" style=\"border-width:0px;\"><\/p>\n<p>        <\/a>\n    <\/div>\n<div class=\"events-content\">\n        <span class=\"date\">Freitag, 27. April 2012<\/span><br \/>\n        <strong><\/strong><\/p>\n<p>\n            \u00a9 Greenpeace\/ Daniel Beltra\n        <\/p>\n<\/p>\n<\/div>\n<\/div>\n<p>Nach jahrelangem intensivem Druck der Agro-Industrie stimmte das  brasilianische Parlament am Mittwoch weitreichenden Reformen des Waldgesetzes  zu. Kommt es tats\u00e4chlich zu diesen \u00c4nderungen, w\u00fcrde das die Zerst\u00f6rung des Amazonas Regenwaldes massiv vorantreiben.<\/p>\n<h4>Dilma kann ein Veto einlegen!\u00a0<\/h4>\n<p>Die brasilianische Pr\u00e4sidentin Dilma Rousseff hat nun <strong>wenige Tage <\/strong>Zeit  den Vorstoss abzus\u00e4gen, bevor er rechtskr\u00e4ftig wird. Alle Augen sind nun auf sie gerichtet &#8211; denn die Entscheidung, ob ein Gesetz zum Schutz des gr\u00f6ssten Regenwaldes der  Welt nur Wochen  vor dem <a href=\"http:\/\/www.greenpeace.org\/international\/en\/news\/Blogs\/makingwaves\/davos-failed-to-address-fundamentals-will-the\/blog\/38900\/\">Umweltgipfel in Rio<\/a> abgeschw\u00e4cht wird oder  nicht liegt nun ganz allein bei ihr.<\/p>\n<p><a title=\"Spenden Sie heute!\" href=\"https:\/\/spenden.greenpeace.ch\/live\/account\/?utm_source=amazonas&amp;utm_medium=leaderboard&amp;utm_campaign=amazonas\" target=\"_blank\" rel=\"noopener noreferrer\"><img decoding=\"async\" title=\"Spenden Sie heute f\u00fcr den Amazonas!\" src=\"https:\/\/www.greenpeace.ch\/wp-content\/uploads\/2017\/01\/40685_76150.jpg\" alt=\"Spenden Sie heute!\"><\/a><\/p>\n<h4>Die Auswirkungen des neuen Waldgesetzes w\u00e4ren verheerend<\/h4>\n<ul>\n<li>Die geplanten \u00c4nderungen des Waldgesetzes w\u00fcrden den ohnehin d\u00fcrftigen Schutz des Regenwaldes zus\u00e4tzlich schw\u00e4chen. <\/li>\n<li>Die Abholzung des Regenwaldes w\u00fcrde voranschreiten, zus\u00e4tzliche CO2-Emissionen hervorrufen und den Klimawandel verst\u00e4rken.\u00a0<\/li>\n<li>Der Druck auf Indigene Gruppen, die ohnedies schon darunter leiden,  dass bereits 18% des Amazonas Regenwaldes unwiederbringlich zerst\u00f6rt  wurden, w\u00fcrde steigen.<\/li>\n<li>Eine Studie der Universit\u00e4t von Brasilia rechnete aus, dass durch  eine \u00c4nderung des Waldgesetzes die Abholzungsrate um bis zu 50% bis 2020  steigen k\u00f6nnte.\u00a0<\/li>\n<li>22 Millionen Hektaren \u2013 nahezu die Gr\u00f6sse von Grossbritannien \u2013 w\u00fcrde der Abholzung zum Opfer fallen.<\/li>\n<\/ul>\n<p><iframe loading=\"lazy\" width=\"600\" height=\"335\" src=\"https:\/\/www.youtube.com\/embed\/HZoCQ7dQQa0\" frameborder=\"0\" allowfullscreen=\"\"><\/iframe><\/p>\n<h4>Hoffnung statt Verzweiflung<\/h4>\n<p>\u00dcber 130.000 Brasilianer und Brasilianerinnen haben eine <a href=\"http:\/\/www.ligadasflorestas.org.br\/\">offizielle  Petition an die Regierung<\/a> bereits unterzeichnet und sich f\u00fcr Null  Abholzung oder \u00abdesmatamento zero\u00bb ausgesprochen. Darunter der brasilianische  Fussballstar Kak\u00e1, viele K\u00fcnstler und Musiker. Und auch Greenpeace Unterst\u00fctzerInnen auf der ganzen Welt  k\u00f6nnen mithelfen den Amazonas zu retten. Machen Sie mit beim <a href=\"https:\/\/www.theamazonismyfriend.org\/#\/home\" target=\"_blank\" rel=\"noopener noreferrer\">Brazilian Friend Finder<\/a>.<\/p>\n<p><iframe loading=\"lazy\" width=\"600\" height=\"335\" src=\"https:\/\/www.youtube.com\/embed\/IuG7rLsT8-4\" frameborder=\"0\" allowfullscreen=\"\"><\/iframe><\/p>\n<p>\u00a0<\/p>\n<p><a href=\"https:\/\/www.facebook.com\/media\/set\/?set=a.10150658030768300.402717.7297163299&amp;type=1\"><img loading=\"lazy\" decoding=\"async\" style=\"display: block; margin-left: auto; margin-right: auto;\" src=\"https:\/\/www.greenpeace.ch\/static\/planet4-switzerland-stateless\/2019\/05\/90cfd089-90cfd089-button_protestfb.png\" alt=\"fb\" width=\"211\" height=\"44\"><\/a><\/p>\n<\/div>\n<\/div>\n","protected":false},"excerpt":{"rendered":"<p>Freitag, 27. April 2012 \u00a9 Greenpeace\/ Daniel Beltra Nach jahrelangem intensivem Druck der Agro-Industrie stimmte das brasilianische Parlament am Mittwoch weitreichenden Reformen des Waldgesetzes zu. Kommt es tats\u00e4chlich zu diesen&hellip;<\/p>\n","protected":false},"author":23,"featured_media":13872,"comment_status":"closed","ping_status":"open","sticky":false,"template":"","format":"standard","meta":{"_acf_changed":false,"_planet4_optimize_post_is_variant":false,"_planet4_optimize_experiment_name":"","_planet4_optimize_variant_name":"","ep_exclude_from_search":false,"p4_og_title":"","p4_og_description":"","p4_og_image":"","p4_og_image_id":"","p4_seo_canonical_url":"","p4_campaign_name":"","p4_local_project":"","p4_basket_name":"","p4_department":"","footnotes":""},"categories":[1],"tags":[40],"p4-page-type":[75],"gpch-article-type":[],"class_list":["post-13870","post","type-post","status-publish","format-standard","has-post-thumbnail","hentry","category-unkategorisiert","tag-wald","p4-page-type-story"],"acf":[],"_links":{"self":[{"href":"https:\/\/www.greenpeace.ch\/de\/wp-json\/wp\/v2\/posts\/13870","targetHints":{"allow":["GET"]}}],"collection":[{"href":"https:\/\/www.greenpeace.ch\/de\/wp-json\/wp\/v2\/posts"}],"about":[{"href":"https:\/\/www.greenpeace.ch\/de\/wp-json\/wp\/v2\/types\/post"}],"author":[{"embeddable":true,"href":"https:\/\/www.greenpeace.ch\/de\/wp-json\/wp\/v2\/users\/23"}],"replies":[{"embeddable":true,"href":"https:\/\/www.greenpeace.ch\/de\/wp-json\/wp\/v2\/comments?post=13870"}],"version-history":[{"count":0,"href":"https:\/\/www.greenpeace.ch\/de\/wp-json\/wp\/v2\/posts\/13870\/revisions"}],"wp:featuredmedia":[{"embeddable":true,"href":"https:\/\/www.greenpeace.ch\/de\/wp-json\/wp\/v2\/media\/13872"}],"wp:attachment":[{"href":"https:\/\/www.greenpeace.ch\/de\/wp-json\/wp\/v2\/media?parent=13870"}],"wp:term":[{"taxonomy":"category","embeddable":true,"href":"https:\/\/www.greenpeace.ch\/de\/wp-json\/wp\/v2\/categories?post=13870"},{"taxonomy":"post_tag","embeddable":true,"href":"https:\/\/www.greenpeace.ch\/de\/wp-json\/wp\/v2\/tags?post=13870"},{"taxonomy":"p4-page-type","embeddable":true,"href":"https:\/\/www.greenpeace.ch\/de\/wp-json\/wp\/v2\/p4-page-type?post=13870"},{"taxonomy":"gpch-article-type","embeddable":true,"href":"https:\/\/www.greenpeace.ch\/de\/wp-json\/wp\/v2\/gpch-article-type?post=13870"}],"curies":[{"name":"wp","href":"https:\/\/api.w.org\/{rel}","templated":true}]}}