{"id":13882,"date":"2012-04-18T00:00:00","date_gmt":"2012-04-17T22:00:00","guid":{"rendered":"https:\/\/master.greenpeace.ch\/beitrag\/13882\/die-danzer-gruppe-hat-ihre-holzgeschaefte-in-der-drk-verkauft-wird-es-ihr-nachfolger-besser-machen\/"},"modified":"2019-05-30T12:18:07","modified_gmt":"2019-05-30T10:18:07","slug":"die-danzer-gruppe-hat-ihre-holzgeschaefte-in-der-drk-verkauft-wird-es-ihr-nachfolger-besser-machen","status":"publish","type":"post","link":"https:\/\/www.greenpeace.ch\/de\/story\/13882\/die-danzer-gruppe-hat-ihre-holzgeschaefte-in-der-drk-verkauft-wird-es-ihr-nachfolger-besser-machen\/","title":{"rendered":"Die Danzer Gruppe hat ihre Holzgesch\u00e4fte in der DRK verkauft \u2013 wird es ihr Nachfolger besser machen?"},"content":{"rendered":"<p><b>Jetzt ist es offiziell: Danzer hat seine industriellen Holzgesch\u00e4fte in der Demokratischen Republik Kongo (DRK) verkauft.<\/b><\/p>\n<div class=\"post-content\">\n<div>\n<p>Jetzt ist es offiziell: <strong><a href=\"http:\/\/www.danzergroup.com\/Press-Releases-Detail.87.0.html?&amp;L=0%22%252%20%20&amp;tx_ttnews%5Btt_news%5D=470&amp;tx_ttnews%5BbackPid%5D=80&amp;cHash=6a3d309011d1681b7f4133e48bb1ea37\">Danzer hat seine industriellen Holzgesch\u00e4fte in der Demokratischen Republik Kongo<\/a><\/strong><strong> (DRK) verkauft. <\/strong><\/p>\n<p>Ende Februar wurde die Tochtergesellschaft Siforco (mit einer Holzeinschlagsfl\u00e4che von <a href=\"https:\/\/www.greenpeace.ch\/wp-content\/uploads\/2017\/01\/Wri_Carte_Processus-originale_imprime.pdf\">circa 2,1 Millionen Hektar<\/a> Wald, rund die H\u00e4lfte der Fl\u00e4che der Schweiz) an die sich in amerikanischem Besitz befindliche Groupe Blattner Elwayn (GBE) verkauft.<\/p>\n<p>Damit endet eine 40-j\u00e4hrige Geschichte der Einflussnahme Danzers in der DRK, eine Zeit, die nur allzu oft von sozialen Konflikten und der Zerst\u00f6rung des tropischen Regenwaldes gekennzeichnet war.<\/p>\n<p>Nun stellt sich die entscheidende Frage, was die \u00dcbernahme von Siforco f\u00fcr die lokalen Gemeinden bedeuten wird, welche Opfer der von Danzer gef\u00f6rderten Gewalt wurden, und was der neue Besitzer hinsichtlich \u00abnachhaltiger Forstwirtschaft\u00bb und \u00abEntwicklung\u00bb unternehmen wird.<\/p>\n<p>In der <a href=\"http:\/\/www.danzergroup.com\/Press-Releases-Detail.87.0.html?&amp;L=0%22%252%20%20&amp;tx_ttnews%5Btt_news%5D=470&amp;tx_ttnews%5BbackPid%5D=80&amp;cHash=6a3d309011d1681b7f4133e48bb1ea37\">Pressemitteilung von Danzer<\/a> heisst es: \u00abNeben der industriellen Entwicklung haben wir ebenfalls ein international anerkanntes professionelles Niveau hinsichtlich nachhaltiger Waldbewirtschaftung und sozialer Aktivit\u00e4ten erreicht\u00bb \u2013 eine Aussage, die v\u00f6llig im Gegensatz zu den <a href=\"https:\/\/www.greenpeace.ch\/wp-content\/uploads\/2017\/01\/stolen-future.pdf\">tats\u00e4chlich vorliegenden Sachverhalten steht.<\/a><\/p>\n<h2><strong>Eine Geschichte der Gewalt<\/strong> <strong>\u00a0<\/strong><\/h2>\n<p>Danzers Tochterfirma verursachte Aufruhr in den lokalen Gemeinden, indem sie wiederholt ihre sozialen Verpflichtungen, wie etwa die Errichtung von Schulen und Gesundheitszentren, verletzte. Im Jahr 2011 f\u00fchrten Proteste gegen Danzer zu gewaltsamer Unterdr\u00fcckung, Vergewaltigung und Schl\u00e4gereien, die im Tod einer Person endeten. Die Firma stellte die Logistik f\u00fcr den \u00dcbergriff bereit, darunter einen Lastwagen mit Fahrer, und bezahlte die Soldaten- und Polizeitrupps, welche die \u00abVergeltungsmission\u00bb durchf\u00fchrten. \u00a0Die Opfer reichten in der Folge eine Rechtsklage gegen Danzers vor Ort agierenden Manager, die Polizei sowie das Milit\u00e4r ein. Die Unternehmensverantwortung f\u00fcr die Vorkommnisse im 2011 lassen sich nicht verkaufen und die juristische Aufarbeitung des brutalen Angriffs steht noch an. Werden die Gemeinden f\u00fcr die erlittenen schwerwiegenden Menschenrechtsverletzungen, in denen das Unternehmen verwickelt war, Entsch\u00e4digungen erhalten?<\/p>\n<p>Greenpeace fordert Danzer dazu auf, verantwortlich zu agieren, die Rechte der Gemeinden auf rechtliche Schritte zu respektieren und einen fairen und transparenten Rechtsprozess zu unterst\u00fctzen.<\/p>\n<p>(Lesen Sie nach dem Bild weiter)<\/p>\n<\/p>\n<div class=\"events-box big-box left\">\n<div class=\"frame\">\n        <a class=\"open-img EnlargeImage\" href=\"https:\/\/www.greenpeace.ch\/static\/planet4-switzerland-stateless\/2019\/05\/2a5193a1-2a5193a1-nb-wald-danzer-gp02l94.jpg\" title=\"\"><br \/>\n            <img decoding=\"async\" id=\"ctl00_cphContentArea_epiEntryContent_ctl00_ctl06_Image1\" class=\"Thumbnail\" src=\"https:\/\/www.greenpeace.ch\/static\/planet4-switzerland-stateless\/2019\/05\/2a5193a1-2a5193a1-nb-wald-danzer-gp02l94.jpg\" alt=\"\" style=\"border-width:0px;\"><\/p>\n<p>        <\/a>\n    <\/div>\n<div class=\"events-content\">\n        <span class=\"date\">Mittwoch, 18. April 2012<\/span><br \/>\n        <strong><\/strong><\/p>\n<p>\n            Greenpeace exponiert eine Lieferung tropischer H\u00f6lzer aus der Demokratischen Republik Kongo von der deutschen Holzfirma \u201eDanzer&#187; im franz\u00f6sischen Hafen Caen und bezeichnet das Gebiet mit roten Beschriftungen als &#171;Tatort Wald&#187;. Greenpeace-Aktivisten decken Danzers Beteiligung an einem gewaltsamen \u00dcbergriff auf eine Waldgemeinde in der Provinz Bumba auf. 11\/07\/2011 \u00a9 Nicolas Chauveau \/ Greenpeace\n        <\/p>\n<\/p>\n<\/div>\n<\/div>\n<h2><strong>Nachhaltige Waldbewirtschaftung bleibt eine Illusion<\/strong><strong>\u00a0<\/strong><\/h2>\n<p>Danzers Abzug aus der DRK und das zur\u00fcckgelassene Chaos entlarvt das M\u00e4rchen, dass industrieller Holzschlag eine nachhaltige Entwicklung in L\u00e4ndern wie der DRK erm\u00f6glicht.<\/p>\n<p>In den Regenw\u00e4ldern des Kongobeckens schlagen industrielle Holzf\u00e4ller die kommerziell wertvollsten B\u00e4ume in einem Gebiet, packen ihre Kettens\u00e4gen ein und ziehen weiter, um neue, noch unber\u00fchrten Waldfl\u00e4chen zu erschliessen. Was f\u00fcr die lokalen Gemeinden zur\u00fcckbleibt ist ein ausgebeuteter Wald, zerst\u00f6rte soziale Strukturen und Arbeitslosigkeit.<\/p>\n<p>Die Abholzungsfront dringt tiefer und tiefer in die noch verbleibenden intakten Regenwaldfl\u00e4chen des Kongobeckens vor und \u00fcberschwemmt diese neu erschlossenen Gebiete mit einer weiteren Welle der Zerst\u00f6rung.<\/p>\n<p>Die Abholzungsraten im Kongobecken haben sich seit dem Jahr 1990 verdoppelt und die\u00a0 <a href=\"http:\/\/www.cifor.org\/mediamultimedia\/newsroom\/press-releases\/press-releases-detail-view\/article\/238\/deforestation-rates-double-in-the-congo-basin-report.html\">industrielle Abholzung ist\u00a0 dabei ein Schl\u00fcsselfaktor<\/a>.<\/p>\n<p>Anstelle der F\u00f6rderung weiterer industrieller Abholzung sollten internationale Geldgeber in zielf\u00fchrende L\u00f6sungen wie gemeindebasierte Alternativen, unabh\u00e4ngige \u00dcberwachungen und auf Mitbestimmung begr\u00fcndete Landnutzungsplanungsprozesse investieren.<\/p>\n<h2><strong>Wird die Blattner Gruppe besser abschneiden?<\/strong><strong>\u00a0<\/strong><\/h2>\n<p>Danzers Gesch\u00e4fte in der DRK werden von der Groupe Blattner Elwyn (GBE) \u00fcbernommen. Andere Mitglieder der Blattner-Familie sind gemeinsam mit Safbois in der Provinz Orientale im Holzgesch\u00e4ft t\u00e4tig. <a href=\"http:\/\/www.greenpeace.org\/international\/Global\/international\/planet-2\/report\/2008\/10\/DRC-logging-sector-briefing.pdf\">Im Jahr 2008 berichtete Greenpeace<\/a> \u00fcber Safbois illegale Abholzungen und soziale Konflikte in Yafunga. GBE ist unter anderem in den Bereichen <a href=\"http:\/\/www.gbedrc.com\/en\/\">Infrastruktur und Agrarwirtschaft<\/a> t\u00e4tig.<\/p>\n<p>GBE hat bisher \u2013 basierend auf unserem Wissensstand \u2013 noch keine Informationen zu ihren weiteren Pl\u00e4nen herausgegeben. Laut Danzer werden sie \u00abunser Konzept des industriellen und forstwirtschaftlichen Managements weiterf\u00fchren.\u00bb<\/p>\n<p>Was dies bedeuten wird, ist derzeit noch unklar. Das Forest Stewardship Council (FSC) teilte Greenpeace mit, dass GBE nicht um eine FSC-Zertifizierung f\u00fcr nachhaltige Waldbewirtschaftung oder kontrolliertes Holz beantragen wird. Die bereits bestehenden Zertifizierungen wurden nach \u00dcbernahme durch GBE umgehend gek\u00fcndigt.<\/p>\n<p>Die Hoffnung, dass der Wald und seine Bewohner mit GBE bessere Erfahrungen machen werden, steht praktisch auf Null.<\/p>\n<\/div>\n<\/div>\n","protected":false},"excerpt":{"rendered":"<p>Jetzt ist es offiziell: Danzer hat seine industriellen Holzgesch\u00e4fte in der Demokratischen Republik Kongo (DRK) verkauft. Jetzt ist es offiziell: Danzer hat seine industriellen Holzgesch\u00e4fte in der Demokratischen Republik Kongo&hellip;<\/p>\n","protected":false},"author":23,"featured_media":13884,"comment_status":"closed","ping_status":"open","sticky":false,"template":"","format":"standard","meta":{"_acf_changed":false,"_planet4_optimize_post_is_variant":false,"_planet4_optimize_experiment_name":"","_planet4_optimize_variant_name":"","ep_exclude_from_search":false,"p4_og_title":"","p4_og_description":"","p4_og_image":"","p4_og_image_id":"","p4_seo_canonical_url":"","p4_campaign_name":"","p4_local_project":"","p4_basket_name":"","p4_department":"","footnotes":""},"categories":[1],"tags":[40],"p4-page-type":[75],"gpch-article-type":[],"class_list":["post-13882","post","type-post","status-publish","format-standard","has-post-thumbnail","hentry","category-unkategorisiert","tag-wald","p4-page-type-story"],"acf":[],"_links":{"self":[{"href":"https:\/\/www.greenpeace.ch\/de\/wp-json\/wp\/v2\/posts\/13882","targetHints":{"allow":["GET"]}}],"collection":[{"href":"https:\/\/www.greenpeace.ch\/de\/wp-json\/wp\/v2\/posts"}],"about":[{"href":"https:\/\/www.greenpeace.ch\/de\/wp-json\/wp\/v2\/types\/post"}],"author":[{"embeddable":true,"href":"https:\/\/www.greenpeace.ch\/de\/wp-json\/wp\/v2\/users\/23"}],"replies":[{"embeddable":true,"href":"https:\/\/www.greenpeace.ch\/de\/wp-json\/wp\/v2\/comments?post=13882"}],"version-history":[{"count":0,"href":"https:\/\/www.greenpeace.ch\/de\/wp-json\/wp\/v2\/posts\/13882\/revisions"}],"wp:featuredmedia":[{"embeddable":true,"href":"https:\/\/www.greenpeace.ch\/de\/wp-json\/wp\/v2\/media\/13884"}],"wp:attachment":[{"href":"https:\/\/www.greenpeace.ch\/de\/wp-json\/wp\/v2\/media?parent=13882"}],"wp:term":[{"taxonomy":"category","embeddable":true,"href":"https:\/\/www.greenpeace.ch\/de\/wp-json\/wp\/v2\/categories?post=13882"},{"taxonomy":"post_tag","embeddable":true,"href":"https:\/\/www.greenpeace.ch\/de\/wp-json\/wp\/v2\/tags?post=13882"},{"taxonomy":"p4-page-type","embeddable":true,"href":"https:\/\/www.greenpeace.ch\/de\/wp-json\/wp\/v2\/p4-page-type?post=13882"},{"taxonomy":"gpch-article-type","embeddable":true,"href":"https:\/\/www.greenpeace.ch\/de\/wp-json\/wp\/v2\/gpch-article-type?post=13882"}],"curies":[{"name":"wp","href":"https:\/\/api.w.org\/{rel}","templated":true}]}}