{"id":13890,"date":"2012-04-12T00:00:00","date_gmt":"2012-04-11T22:00:00","guid":{"rendered":"https:\/\/master.greenpeace.ch\/beitrag\/13890\/karten-sind-beweise\/"},"modified":"2019-05-30T12:18:42","modified_gmt":"2019-05-30T10:18:42","slug":"karten-sind-beweise","status":"publish","type":"post","link":"https:\/\/www.greenpeace.ch\/de\/story\/13890\/karten-sind-beweise\/","title":{"rendered":"\u00abKarten sind Beweise\u00bb"},"content":{"rendered":"<p><b>Kiki Taufik wurde in  West-Java (Indonesien) geboren. Der 36-J\u00e4hrige interessiert sich seit seiner Jugend f\u00fcr Landkarten. Als GIS-Spezialist f\u00fcr Greenpeace (GIS = Geografisches Informationssystem) dokumentiert er die Gef\u00e4hrdung des Naturwaldes.<\/b><\/p>\n<div>\n<p class=\"XLT2spFragen\" style=\"margin-top: 30px;\">\n<div class=\"listings items\">\n<h3 title=\"Diesen Artikel als PDF downloaden\">Diesen Artikel als PDF downloaden<\/h3>\n<div class=\"\">\n<ul>\n<li class=\"ccsnlink\">\n    <a title=\"\u00abKarten sind Beweise\u00bb (PDF, Magazin Nr. 4 2011)\" href=\"https:\/\/www.greenpeace.ch\/wp-content\/uploads\/2017\/01\/GP_4_11_DEF_KartenSindBeweiseWeb.pdf\">\u00abKarten sind Beweise\u00bb (PDF, Magazin Nr. 4 2011)<\/a><br \/>\n    <span class=\"contenttype\">Dokument<\/span>\n<\/li>\n<\/ul>\n<\/div>\n<\/div>\n<p>\u00a0<\/p>\n<p class=\"XLT2spFragen\"><strong><em>Greenpeace:<\/em>\u00a0Wann hast du begonnen, Karten zu erstellen? Macht es dir Spass?<\/strong><\/p>\n<p class=\"XLT2spohneEinzug\"><em>Kiki Taufik:<\/em>\u00a0Als ich in der High School war, schloss ich mich einer Naturwald-Gruppe an. Ich liebte das Wandern und das Kartenlesen. Einer meiner Freunde schlug mir vor, im College Geografie als Hauptfach zu belegen \u2013 was ich auch tat. Beruflich befasse ich mich\u00a0 seit 1996 mit Karten. Die Arbeit ist sehr befriedigend.<\/p>\n<p class=\"XLT2spFragen\">\u00a0<\/p>\n<p class=\"XLT2spFragen\"><strong>Wieso hast du das Kartografieren mit dem GIS zum Beruf gemacht?<\/strong><\/p>\n<p class=\"XLT2sp\">Ich fand es einfach interessant, zu lernen, wie man Karten und geografische Informationssysteme erstellt, vor allem in Bezug auf W\u00e4lder. Ich hatte ein ernsthaftes Interesse am Kartenlesen und liess mich davon treiben \u2013 und so bin ich hier gelandet.<\/p>\n<p class=\"XLT2spFragen\">\u00a0<\/p>\n<p class=\"XLT2spFragen\">\n<div class=\"events-box big-box left\">\n<div class=\"frame\">\n        <a class=\"open-img EnlargeImage\" href=\"https:\/\/www.greenpeace.ch\/static\/planet4-switzerland-stateless\/2019\/05\/c07c5630-c07c5630-kiki.jpg\" title=\"Greenpeace-Kartenexperte Kiki Taufik: \u00abMeine Arbeit kann irref\u00fchrende Informationen widerlegen.\u00bb\"><br \/>\n            <img decoding=\"async\" id=\"ctl00_cphContentArea_Property3_ctl00_ctl04_Image1\" title=\"Greenpeace-Kartenexperte Kiki Taufik: \u00abMeine Arbeit kann irref\u00fchrende Informationen widerlegen.\u00bb\" class=\"Thumbnail\" src=\"https:\/\/www.greenpeace.ch\/static\/planet4-switzerland-stateless\/2019\/05\/c07c5630-c07c5630-kiki.jpg\" alt=\"Greenpeace-Kartenexperte Kiki Taufik: \u00abMeine Arbeit kann irref\u00fchrende Informationen widerlegen.\u00bb\" style=\"border-width:0px;\"><\/p>\n<p>        <\/a>\n    <\/div>\n<div class=\"events-content\">\n        <span class=\"date\"><\/span><br \/>\n        <strong>Greenpeace-Kartenexperte Kiki Taufik: \u00abMeine Arbeit kann irref\u00fchrende Informationen widerlegen.\u00bb<\/strong><\/p>\n<p>\n            \u00a9 Greenpeace\n        <\/p>\n<\/p>\n<\/div>\n<\/div>\n<p>\u00a0<\/p>\n<p class=\"XLT2spFragen\"><strong>Kanntest du Greenpeace, bevor du zu ihr gestossen bist?<\/strong><\/p>\n<p class=\"XLT2sp\">Zum ersten Mal hatte ich in der Schulzeit von Greenpeace geh\u00f6rt, als die Rainbow Warrior in den 90er-Jahren nach Jakarta kam. Es ging um eine Kampagne gegen illegalen Transport von Chemieabf\u00e4llen. Ich erinnere mich, wie aufgeregt ich war. Jahre sp\u00e4ter, als ich f\u00fcr eine Kartierungsorganisation arbeitete, kam Greenpeace ab und zu vorbei und bat mich um Daten \u00fcber Waldbestand, Abforstung und anderes mehr. Bevor ich aber zu Greenpeace stiess, war das Erstellen von Karten eher eine Nebenarbeit.<\/p>\n<p class=\"XLT2sp\">Bei Greenpeace sind Karten unerl\u00e4sslich \u2013 wir brauchen sie als Informationen f\u00fcr unsere Kampagnen. Das macht den Job aufregend: Ich schaffe etwas von Bedeutung. Greenpeace braucht immer Analysen und Berichte. Die Organisation ist auf die Kenntnisse von Spezialisten angewiesen, um zu erfahren, was sich abspielt. Nur so k\u00f6nnen wir irref\u00fchrende oder veraltete Informationen anfechten.<\/p>\n<p class=\"XLT2sp\">\u00a0<\/p>\n<p class=\"XLT2spFragen\"><strong>Hast du vor deinem Greenpeace-Engagement schon f\u00fcr eine andere Nichtregierungsorganisation (NGO) gearbeitet?<\/strong><\/p>\n<p class=\"XLT2sp\">Zuvor war ich f\u00fcr die Beratungsfirma Sarvision Indonesien t\u00e4tig, die sich mit Satelliten-Karten befasst. Wir arbeiteten eng mit der NGO BOS Foundation (Borneo Orang Utan) zusammen. Ich half auch anderen nicht profitorientierten Organisationen. Zum Beispiel versorgte ich Walhi, die gr\u00f6sste und \u00e4lteste Umwelt-Interessengruppe Indonesiens, mit Karten zu den Waldbest\u00e4nden.<\/p>\n<p class=\"XLT2sp\">F\u00fcr mich gibt es nur zwei Gr\u00fcnde f\u00fcr eine Stelle. Erstens sollte die Arbeit mit meiner Ausbildung in Verbindung stehen: Das GIS ist also eine gute Option. Zweitens werde ich f\u00fcr keine Organisation arbeiten, die der Umwelt schadet. Das t\u00f6nt sehr prinzipientreu, nicht wahr? Aber es kommt aus der Seele, die ich der Umwelt verschrieben habe.<\/p>\n<p class=\"XLT2sp\">\u00a0<\/p>\n<p class=\"XLT2spFragen\"><strong>Wie muss man sich deine Arbeit bei Greenpeace vorstellen?<\/strong><\/p>\n<p class=\"XLT2sp\">Ich stelle Daten zusammen, die f\u00fcr Karten wichtig sind, wie Angaben zum Waldbestand, zu Torfmoorw\u00e4ldern, kritischem Landbestand, Waldschutzgebieten, zu entwaldeten Regionen oder zu Gebieten, f\u00fcr die Unternehmen Konzessionen erhalten haben. Dann studiere ich diese und erstelle f\u00fcr Greenpeace eine Analyse mit Informationen, welche die Organisation f\u00fcr\u00a0 ihre Kampagnen braucht.<\/p>\n<p class=\"XLT2sp\">\n<div class=\"events-box big-box left\">\n<div class=\"frame\">\n        <a class=\"open-img EnlargeImage\" href=\"https:\/\/www.greenpeace.ch\/static\/planet4-switzerland-stateless\/2019\/05\/387f2f04-387f2f04-overlapping_map_moratorium_vs_hti_riau.jpg\" title=\"Eine Karte der indonesischen Provinz Riau mit gesch\u00fctzten Gebieten (Gr\u00fcn = Wald, Rot = Torflandschaft) \u00fcberlappt mit Konzessionen der Regenwaldindustrie (Gelb). Viele Konzessionen ragen weit in gesch\u00fctzte Gebiete hinein (insgesamt 1.7 Mio Hektar).\"><br \/>\n            <img decoding=\"async\" id=\"ctl00_cphContentArea_Property3_ctl00_ctl06_Image1\" title=\"Eine Karte der indonesischen Provinz Riau mit gesch\u00fctzten Gebieten (Gr\u00fcn = Wald, Rot = Torflandschaft) \u00fcberlappt mit Konzessionen der Regenwaldindustrie (Gelb). Viele Konzessionen ragen weit in gesch\u00fctzte Gebiete hinein (insgesamt 1.7 Mio Hektar).\" class=\"Thumbnail\" src=\"https:\/\/www.greenpeace.ch\/static\/planet4-switzerland-stateless\/2019\/05\/387f2f04-387f2f04-overlapping_map_moratorium_vs_hti_riau.jpg\" alt=\"Eine Karte der indonesischen Provinz Riau mit gesch\u00fctzten Gebieten (Gr\u00fcn = Wald, Rot = Torflandschaft) \u00fcberlappt mit Konzessionen der Regenwaldindustrie (Gelb). Viele Konzessionen ragen weit in gesch\u00fctzte Gebiete hinein (insgesamt 1.7 Mio Hektar).\" style=\"border-width:0px;\"><\/p>\n<p>        <\/a>\n    <\/div>\n<div class=\"events-content\">\n        <span class=\"date\"><\/span><br \/>\n        <strong>Eine Karte der indonesischen Provinz Riau mit gesch\u00fctzten Gebieten (Gr\u00fcn = Wald, Rot = Torflandschaft) \u00fcberlappt mit Konzessionen der Regenwaldindustrie (Gelb). Viele Konzessionen ragen weit in gesch\u00fctzte Gebiete hinein (insgesamt 1.7 Mio Hektar).<\/strong><\/p>\n<p>\n            \u00a9 Greenpeace\n        <\/p>\n<\/p>\n<\/div>\n<\/div>\n<p>\u00a0<\/p>\n<p class=\"XLT2sp\">\u00a0<\/p>\n<p class=\"XLT2spFragen\"><strong>Du wirst als \u00ableitender GIS-Spezialist\u00bb bezeichnet. \u00dcbertrieben?<\/strong><\/p>\n<p class=\"XLT2sp\">Leicht, ja. Aber das Geoinformationssystem ist eine bedeutende Spezialisierung bei der Erstellung von Karten. Das Wort \u00abSpezialist\u00bb bezieht sich darauf. \u00abLeitende\u00bb Fachkraft \u2013 das sagt man vielleicht, weil ich vier Kinder habe, \u00a0mehr als meine Kollegen. Es mag daher so aussehen, dass ich der \u00c4lteste bin.<\/p>\n<p class=\"XLT2sp\">\u00a0<\/p>\n<p class=\"XLT2spFragen\"><strong>Ist es wichtig, dass Forst- und NGO-Sektoren Karten erstellen?<\/strong><\/p>\n<p class=\"XLT2sp\">Ja. Auch andere Institutionen, die sich mit Raum- oder Ressourcenplanung befassen, sollten eine Kartierungsdivision haben. NGO wie Greenpeace, die Kampagnen durchf\u00fchren, m\u00fcssen zudem Beweise vorlegen k\u00f6nnen. Karten sind neben Fotos und Videos die besten solchen Beweise.<\/p>\n<p class=\"XLT2sp\">\u00a0<\/p>\n<p class=\"XLT2spFragen\"><strong>Du besch\u00e4ftigst dich seit Jahren mit Forstwirtschaft. Wie ist der Zustand der W\u00e4lder in Indonesien?<\/strong><\/p>\n<p class=\"XLT2sp\">Unsere W\u00e4lder befinden sich in einer kritischen Lage. Am schlimmsten sind die Sch\u00e4den auf Sumatra, wo tiefe Torfmoorw\u00e4lder f\u00fcr Plantagen zerst\u00f6rt wurden. Das ist nicht nur f\u00fcr die W\u00e4lder eine Katastrophe, sondern auch f\u00fcr das globale Klima, da diese W\u00e4lder immense Mengen von Kohlenstoff binden.<\/p>\n<p class=\"XLT2sp\">Die Abholzung von W\u00e4ldern auf der Insel Sumatra begann in den 80er-Jahren, doch seit Ende der 90er-Jahre ist es schlimmer geworden. Seither gibt es viel weniger Kontrolle. Provinz- und Lokalregierungen verkauften Land, das f\u00fcr Palm\u00f6l-, Papier- oder Holzplantagen sowie f\u00fcr Bergbau umgenutzt wurde. Das dauert bis heute an.<\/p>\n<p class=\"XLT2sp\">Vielleicht erinnerst du dich an die riesigen Waldbr\u00e4nde von 1997\/98? Der Rauch zog auch \u00fcber die Nachbarl\u00e4nder Malaysia und Singapur. Seither hassen die uns deswegen.<\/p>\n<p class=\"XLT2sp\">Abholzung und Waldsch\u00e4digung m\u00fcssten gestoppt werden. Wenn nicht, werden wir unseren Schatz verlieren. In der Provinz Riau auf Sumatra gab es einst 9 Millionen Hektar Wald, bis heute haben 931\u2009000 Hektar \u00fcberlebt, Auf einer Skala von 1 bis 10, wobei 10 die komplette Zerst\u00f6rung bedeutet, stehen die Regenw\u00e4lder Indonesiens bei 8.<\/p>\n<p class=\"XLT2sp\">\u00a0<\/p>\n<p class=\"XLT2spFragen\"><strong>Bist du optimistisch f\u00fcr die Zukunft der W\u00e4lder? Kann das Moratorium, f\u00fcr das sich euer Pr\u00e4sident einsetzt, Erfolg haben?<\/strong><\/p>\n<p class=\"XLT2sp\">Ich bin pessimistisch. Ausser es gelingt uns, die Regierung unter Druck zu setzen. Es gibt noch immer Beamte, die gegen Regeln verstossen. Sie arrangieren \u00abSchwarzgesch\u00e4fte\u00bb, um viel Geld zu erhalten, ohne je in Betracht zu ziehen, was das nach sich zieht. Wenn die Gesetze nicht rasch eingehalten werden, werden wir bis 2050 alles verloren haben.<\/p>\n<p class=\"XLT2sp\">Ich will, dass meine Kinder die Sch\u00f6nheit der W\u00e4lder noch geniessen k\u00f6nnen, wenn sie erwachsen sind, dass sie die Natur lieben k\u00f6nnen, wie es auch ihr Vater tut. Ich nehme sie schon fr\u00fch hinaus in die Natur, damit sie diese\u00a0 sch\u00e4tzen lernen.<\/p>\n<p>Ich m\u00f6chte allen Unterst\u00fctzerinnen und Unterst\u00fctzern von Greenpeace in der Schweiz sagen, wie dankbar ich bin. Dank finanzieller Unterst\u00fctzung k\u00f6nnen wir weiter daran arbeiten Indonesiens W\u00e4lder zu retten. Jeder Beitrag hilft, eine bessere Zukunft zu schaffen.<\/p>\n<\/p>\n<div class=\"embedded-image-gallery promo general-form\">\n<h2>Regenwaldzerst\u00f6rung in Indonesien<\/h2>\n<div class=\"gallery\">\n<div class=\"img-nav\">\n<div class=\"carousel\">\n<ul class=\"img-list galleria\">\n<li class=\"active\">\n                            <a title=\"Gerodeter Wald in Sumatra\" href=\"\/switzerland\/de\/News_Stories\/Multimedia\/Fotos\/Regenwaldzerstoerung-in-Indonesien\/Cleared-Forest-In-Sumatra\/\" rel=\"Ein Greenpeace Mitarbeiter erfasst GPS Daten der Zerst\u00f6rung.~^Melvinas  Priananda \/ Greenpeace~^https:\/\/www.greenpeace.ch\/static\/planet4-switzerland-stateless\/2019\/05\/3784e413-3784e413-gp02gzo.jpg~^292227\"><br \/>\n                                <img decoding=\"async\" id=\"ctl00_cphContentArea_Property3_ctl00_ctl08_ctl00_repImages_ctl00_thumbImg\" title=\"Gerodeter Wald in Sumatra\" src=\"https:\/\/www.greenpeace.ch\/static\/planet4-switzerland-stateless\/2019\/05\/3784e413-3784e413-gp02gzo.jpg\" alt=\"Gerodeter Wald in Sumatra\" style=\"border-width:0px;\"><br \/>\n                            <\/a>\n                        <\/li>\n<li>\n                            <a title=\"Bek\u00e4mpfung eines Waldbrandes in Riau\" href=\"\/switzerland\/de\/News_Stories\/Multimedia\/Fotos\/Regenwaldzerstoerung-in-Indonesien\/Forest-Fire-Fighting-in-Riau\/\" rel=\"~^Greenpeace \/ FB Anggoro~^https:\/\/www.greenpeace.ch\/static\/planet4-switzerland-stateless\/2019\/05\/93fd1a4b-93fd1a4b-gp01tb0.jpg~^292228\"><br \/>\n                                <img decoding=\"async\" id=\"ctl00_cphContentArea_Property3_ctl00_ctl08_ctl00_repImages_ctl01_thumbImg\" title=\"Bek\u00e4mpfung eines Waldbrandes in Riau\" src=\"https:\/\/www.greenpeace.ch\/static\/planet4-switzerland-stateless\/2019\/05\/93fd1a4b-93fd1a4b-gp01tb0.jpg\" alt=\"Bek\u00e4mpfung eines Waldbrandes in Riau\" style=\"border-width:0px;\"><br \/>\n                            <\/a>\n                        <\/li>\n<li>\n                            <a title=\"Regenwaldzerst\u00f6rung in Sumatra\" href=\"\/switzerland\/de\/News_Stories\/Multimedia\/Fotos\/Regenwaldzerstoerung-in-Indonesien\/Forest-Destruction-in-Sumatra\/\" rel=\"~^Jeremy Sutton-Hibbert \/ Greenpeace~^https:\/\/www.greenpeace.ch\/static\/planet4-switzerland-stateless\/2019\/05\/4be18022-4be18022-gp02jds.jpg~^292229\"><br \/>\n                                <img decoding=\"async\" id=\"ctl00_cphContentArea_Property3_ctl00_ctl08_ctl00_repImages_ctl02_thumbImg\" title=\"Regenwaldzerst\u00f6rung in Sumatra\" src=\"https:\/\/www.greenpeace.ch\/static\/planet4-switzerland-stateless\/2019\/05\/4be18022-4be18022-gp02jds.jpg\" alt=\"Regenwaldzerst\u00f6rung in Sumatra\" style=\"border-width:0px;\"><br \/>\n                            <\/a>\n                        <\/li>\n<li>\n                            <a title=\"Tiger's Eye Tour in Indonesien\" href=\"\/switzerland\/de\/News_Stories\/Multimedia\/Fotos\/Regenwaldzerstoerung-in-Indonesien\/Tigers-Eye-Tour-in-Indonesia\/\" rel=\"~^Ulet  Ifansasti \/ Greenpeace~^https:\/\/www.greenpeace.ch\/static\/planet4-switzerland-stateless\/2019\/05\/a5a61182-a5a61182-gp02i9m.jpg~^292230\"><br \/>\n                                <img decoding=\"async\" id=\"ctl00_cphContentArea_Property3_ctl00_ctl08_ctl00_repImages_ctl03_thumbImg\" title=\"Tiger's Eye Tour in Indonesien\" src=\"https:\/\/www.greenpeace.ch\/static\/planet4-switzerland-stateless\/2019\/05\/a5a61182-a5a61182-gp02i9m.jpg\" alt=\"Tiger's Eye Tour in Indonesien\" style=\"border-width:0px;\"><br \/>\n                            <\/a>\n                        <\/li>\n<li>\n                            <a title=\"Tiger's Eye Tour in Indonesien\" href=\"\/switzerland\/de\/News_Stories\/Multimedia\/Fotos\/Regenwaldzerstoerung-in-Indonesien\/Tigers-Eye-Tour-in-Indonesia1\/\" rel=\"~^Ulet  Ifansasti \/ Greenpeace~^https:\/\/www.greenpeace.ch\/static\/planet4-switzerland-stateless\/2019\/05\/4d183720-4d183720-gp02ivw.jpg~^292231\"><br \/>\n                                <img decoding=\"async\" id=\"ctl00_cphContentArea_Property3_ctl00_ctl08_ctl00_repImages_ctl04_thumbImg\" title=\"Tiger's Eye Tour in Indonesien\" src=\"https:\/\/www.greenpeace.ch\/static\/planet4-switzerland-stateless\/2019\/05\/4d183720-4d183720-gp02ivw.jpg\" alt=\"Tiger's Eye Tour in Indonesien\" style=\"border-width:0px;\"><br \/>\n                            <\/a>\n                        <\/li>\n<li>\n                            <a title=\"Tiger's Eye Tour in Indonesien\" href=\"\/switzerland\/de\/News_Stories\/Multimedia\/Fotos\/Regenwaldzerstoerung-in-Indonesien\/Tigers-Eye-Tour-in-Indonesia2\/\" rel=\"~^Ulet  Ifansasti \/ Greenpeace~^https:\/\/www.greenpeace.ch\/static\/planet4-switzerland-stateless\/2019\/05\/10881295-10881295-gp02ihd.jpg~^292232\"><br \/>\n                                <img decoding=\"async\" id=\"ctl00_cphContentArea_Property3_ctl00_ctl08_ctl00_repImages_ctl05_thumbImg\" title=\"Tiger's Eye Tour in Indonesien\" src=\"https:\/\/www.greenpeace.ch\/static\/planet4-switzerland-stateless\/2019\/05\/10881295-10881295-gp02ihd.jpg\" alt=\"Tiger's Eye Tour in Indonesien\" style=\"border-width:0px;\"><br \/>\n                            <\/a>\n                        <\/li>\n<li>\n                            <a title=\"Regenwaldzerst\u00f6rung in Sumatra\" href=\"\/switzerland\/de\/News_Stories\/Multimedia\/Fotos\/Regenwaldzerstoerung-in-Indonesien\/Forest-Destruction-in-Sumatra1\/\" rel=\"~^Greenpeace~^https:\/\/www.greenpeace.ch\/static\/planet4-switzerland-stateless\/2019\/05\/87948213-87948213-gp02eak.jpg~^292233\"><br \/>\n                                <img decoding=\"async\" id=\"ctl00_cphContentArea_Property3_ctl00_ctl08_ctl00_repImages_ctl06_thumbImg\" title=\"Regenwaldzerst\u00f6rung in Sumatra\" src=\"https:\/\/www.greenpeace.ch\/static\/planet4-switzerland-stateless\/2019\/05\/87948213-87948213-gp02eak.jpg\" alt=\"Regenwaldzerst\u00f6rung in Sumatra\" style=\"border-width:0px;\"><br \/>\n                            <\/a>\n                        <\/li>\n<li>\n                            <a title=\"Regenwaldzerst\u00f6rung in Sumatra\" href=\"\/switzerland\/de\/News_Stories\/Multimedia\/Fotos\/Regenwaldzerstoerung-in-Indonesien\/Forest-Destruction-in-Sumatra2\/\" rel=\"~^FB Anggoro \/ Greenpeace~^https:\/\/www.greenpeace.ch\/static\/planet4-switzerland-stateless\/2019\/05\/7323d5d4-7323d5d4-gp023wi.jpg~^292234\"><br \/>\n                                <img decoding=\"async\" id=\"ctl00_cphContentArea_Property3_ctl00_ctl08_ctl00_repImages_ctl07_thumbImg\" title=\"Regenwaldzerst\u00f6rung in Sumatra\" src=\"https:\/\/www.greenpeace.ch\/static\/planet4-switzerland-stateless\/2019\/05\/7323d5d4-7323d5d4-gp023wi.jpg\" alt=\"Regenwaldzerst\u00f6rung in Sumatra\" style=\"border-width:0px;\"><br \/>\n                            <\/a>\n                        <\/li>\n<li>\n                            <a title=\"Regenwaldzerst\u00f6rung in Indonesien\" href=\"\/switzerland\/de\/News_Stories\/Multimedia\/Fotos\/Regenwaldzerstoerung-in-Indonesien\/Forest-Fires-in-Indonesia\/\" rel=\"~^Greenpeace \/ Vinai Dithajohn~^https:\/\/www.greenpeace.ch\/static\/planet4-switzerland-stateless\/2019\/05\/3f461cf6-3f461cf6-gp016gi.jpg~^292235\"><br \/>\n                                <img decoding=\"async\" id=\"ctl00_cphContentArea_Property3_ctl00_ctl08_ctl00_repImages_ctl08_thumbImg\" title=\"Regenwaldzerst\u00f6rung in Indonesien\" src=\"https:\/\/www.greenpeace.ch\/static\/planet4-switzerland-stateless\/2019\/05\/3f461cf6-3f461cf6-gp016gi.jpg\" alt=\"Regenwaldzerst\u00f6rung in Indonesien\" style=\"border-width:0px;\"><br \/>\n                            <\/a>\n                        <\/li>\n<li>\n                            <a title=\"Palm\u00f6lproduktion in Kalimantan\" href=\"\/switzerland\/de\/News_Stories\/Multimedia\/Fotos\/Regenwaldzerstoerung-in-Indonesien\/Palm-Oil-Production-in-Kalimantan\/\" rel=\"~^Daniel Beltr\u00e1 \/ Greenpeace~^https:\/\/www.greenpeace.ch\/static\/planet4-switzerland-stateless\/2019\/05\/89640688-89640688-gp01yfz.jpg~^292236\"><br \/>\n                                <img decoding=\"async\" id=\"ctl00_cphContentArea_Property3_ctl00_ctl08_ctl00_repImages_ctl09_thumbImg\" title=\"Palm\u00f6lproduktion in Kalimantan\" src=\"https:\/\/www.greenpeace.ch\/static\/planet4-switzerland-stateless\/2019\/05\/89640688-89640688-gp01yfz.jpg\" alt=\"Palm\u00f6lproduktion in Kalimantan\" style=\"border-width:0px;\"><br \/>\n                            <\/a>\n                        <\/li>\n<li>\n                            <a title=\"Gerodetes Gebiet f\u00fcr die Palm\u00f6lproduktion in Riau\" href=\"\/switzerland\/de\/News_Stories\/Multimedia\/Fotos\/Regenwaldzerstoerung-in-Indonesien\/Deforested-Area-for-Palm-Oil-Plantations-in-Riau\/\" rel=\"~^Greenpeace \/ John Novis~^https:\/\/www.greenpeace.ch\/static\/planet4-switzerland-stateless\/2019\/05\/9f7a9291-9f7a9291-gp01msr.jpg~^292237\"><br \/>\n                                <img decoding=\"async\" id=\"ctl00_cphContentArea_Property3_ctl00_ctl08_ctl00_repImages_ctl10_thumbImg\" title=\"Gerodetes Gebiet f\u00fcr die Palm\u00f6lproduktion in Riau\" src=\"https:\/\/www.greenpeace.ch\/static\/planet4-switzerland-stateless\/2019\/05\/9f7a9291-9f7a9291-gp01msr.jpg\" alt=\"Gerodetes Gebiet f\u00fcr die Palm\u00f6lproduktion in Riau\" style=\"border-width:0px;\"><br \/>\n                            <\/a>\n                        <\/li>\n<\/ul>\n<\/div>\n<\/div>\n<\/div>\n<div class=\"text\">\n<p class=\"description\">Kiki Taufik wurde in West-Java (Indonesien) geboren. Der 36-J\u00e4hrige interessiert sich seit seiner Jugend f\u00fcr Landkarten. Als GIS-Spezialist f\u00fcr Greenpeace (GIS = Geografisches Informationssystem) dokumentiert er die Gef\u00e4hrdung des Naturwaldes.\n<\/p>\n<p class=\"copyright\">\u00a9 Greenpeace<\/p>\n<\/div>\n<\/div>\n<div class=\"listings items\">\n<h3 title=\"Diesen Artikel als PDF downloaden\">Diesen Artikel als PDF downloaden<\/h3>\n<div class=\"\">\n<ul>\n<li class=\"ccsnlink\">\n    <a title=\"\u00abKarten sind Beweise\u00bb (PDF, Magazin Nr. 4 2011)\" href=\"https:\/\/www.greenpeace.ch\/wp-content\/uploads\/2017\/01\/GP_4_11_DEF_KartenSindBeweiseWeb.pdf\">\u00abKarten sind Beweise\u00bb (PDF, Magazin Nr. 4 2011)<\/a><br \/>\n    <span class=\"contenttype\">Dokument<\/span>\n<\/li>\n<\/ul>\n<\/div>\n<\/div>\n<p>\u00a0\n<\/p>\n<\/div>\n","protected":false},"excerpt":{"rendered":"<p>Kiki Taufik wurde in West-Java (Indonesien) geboren. Der 36-J\u00e4hrige interessiert sich seit seiner Jugend f\u00fcr Landkarten. Als GIS-Spezialist f\u00fcr Greenpeace (GIS = Geografisches Informationssystem) dokumentiert er die Gef\u00e4hrdung des Naturwaldes.&hellip;<\/p>\n","protected":false},"author":23,"featured_media":13892,"comment_status":"closed","ping_status":"open","sticky":false,"template":"","format":"standard","meta":{"_acf_changed":false,"_planet4_optimize_post_is_variant":false,"_planet4_optimize_experiment_name":"","_planet4_optimize_variant_name":"","ep_exclude_from_search":false,"p4_og_title":"","p4_og_description":"","p4_og_image":"","p4_og_image_id":"","p4_seo_canonical_url":"","p4_campaign_name":"","p4_local_project":"","p4_basket_name":"","p4_department":"","footnotes":""},"categories":[1],"tags":[],"p4-page-type":[75],"gpch-article-type":[],"class_list":["post-13890","post","type-post","status-publish","format-standard","has-post-thumbnail","hentry","category-unkategorisiert","p4-page-type-story"],"acf":[],"_links":{"self":[{"href":"https:\/\/www.greenpeace.ch\/de\/wp-json\/wp\/v2\/posts\/13890","targetHints":{"allow":["GET"]}}],"collection":[{"href":"https:\/\/www.greenpeace.ch\/de\/wp-json\/wp\/v2\/posts"}],"about":[{"href":"https:\/\/www.greenpeace.ch\/de\/wp-json\/wp\/v2\/types\/post"}],"author":[{"embeddable":true,"href":"https:\/\/www.greenpeace.ch\/de\/wp-json\/wp\/v2\/users\/23"}],"replies":[{"embeddable":true,"href":"https:\/\/www.greenpeace.ch\/de\/wp-json\/wp\/v2\/comments?post=13890"}],"version-history":[{"count":0,"href":"https:\/\/www.greenpeace.ch\/de\/wp-json\/wp\/v2\/posts\/13890\/revisions"}],"wp:featuredmedia":[{"embeddable":true,"href":"https:\/\/www.greenpeace.ch\/de\/wp-json\/wp\/v2\/media\/13892"}],"wp:attachment":[{"href":"https:\/\/www.greenpeace.ch\/de\/wp-json\/wp\/v2\/media?parent=13890"}],"wp:term":[{"taxonomy":"category","embeddable":true,"href":"https:\/\/www.greenpeace.ch\/de\/wp-json\/wp\/v2\/categories?post=13890"},{"taxonomy":"post_tag","embeddable":true,"href":"https:\/\/www.greenpeace.ch\/de\/wp-json\/wp\/v2\/tags?post=13890"},{"taxonomy":"p4-page-type","embeddable":true,"href":"https:\/\/www.greenpeace.ch\/de\/wp-json\/wp\/v2\/p4-page-type?post=13890"},{"taxonomy":"gpch-article-type","embeddable":true,"href":"https:\/\/www.greenpeace.ch\/de\/wp-json\/wp\/v2\/gpch-article-type?post=13890"}],"curies":[{"name":"wp","href":"https:\/\/api.w.org\/{rel}","templated":true}]}}