{"id":13913,"date":"2012-04-02T00:00:00","date_gmt":"2012-04-01T22:00:00","guid":{"rendered":"https:\/\/master.greenpeace.ch\/beitrag\/13913\/danone-joghurt-kuenftig-urwaldfrei-verpackt\/"},"modified":"2019-05-30T12:19:04","modified_gmt":"2019-05-30T10:19:04","slug":"danone-joghurt-kuenftig-urwaldfrei-verpackt","status":"publish","type":"post","link":"https:\/\/www.greenpeace.ch\/de\/story\/13913\/danone-joghurt-kuenftig-urwaldfrei-verpackt\/","title":{"rendered":"Danone-Joghurt k\u00fcnftig urwaldfrei verpackt"},"content":{"rendered":"<p><b><\/b><\/p>\n<div class=\"post-content\">\n<div>\n<div class=\"events-box middle-box left\">\n<div class=\"frame\">\n        <a class=\"open-img EnlargeImage\" href=\"https:\/\/www.greenpeace.ch\/static\/planet4-switzerland-stateless\/2019\/05\/6a08bb21-6a08bb21-120229_app.jpg\" title=\"\"><br \/>\n            <img decoding=\"async\" id=\"ctl00_cphContentArea_epiEntryContent_ctl00_ctl02_Image1\" class=\"Thumbnail\" src=\"https:\/\/www.greenpeace.ch\/static\/planet4-switzerland-stateless\/2019\/05\/6a08bb21-6a08bb21-120229_app.jpg\" alt=\"\" style=\"border-width:0px;\"><\/p>\n<p>        <\/a>\n    <\/div>\n<div class=\"events-content\">\n        <span class=\"date\">Mittwoch, 29. Februar 2012<\/span><br \/>\n        <strong><\/strong><\/p>\n<p>\n            Urwaldzerst\u00f6rung durch APP, \u00a9 Kemal Jufri \/ Greenpeace\n        <\/p>\n<\/p>\n<\/div>\n<\/div>\n<p>\u00a0<\/p>\n<p>Weiterer Erfolg f\u00fcr Greenpeace und unsere Kampagne gegen den Regenwaldzerst\u00f6rer Asia Pulp &amp; Paper (APP): Nach <a href=\"http:\/\/www.greenpeace.org\/switzerland\/de\/News_Stories\/Newsblog\/hasbro-kuendigt-vertraege-mit-app\/blog\/37623\/\">Nestl\u00e9, Mattel, Unilever, Kraft, Adidas und anderen<\/a> hat nun auch der Lebensmittelkonzern Danone angek\u00fcndigt, mit APP nicht mehr zusammenzuarbeiten. Das Unternehmen mit Sitz in Paris bezieht k\u00fcnftig kein Papier und keine Verpackungsmaterialien mehr von APP. <a href=\"http:\/\/www.danone.com\/en\/our-vision\/app-danone.html\">Danone best\u00e4tigt<\/a> ausserdem, bald eine Policy zu ver\u00f6ffentlichen, die das Ziel verfolgt, keine Produkte mehr aus Urwaldzerst\u00f6rung zu verkaufen.<\/p>\n<p>Greenpeace macht seit \u00fcber einem Jahr Druck auf APP und dessen Kunden. Obwohl der Konzern immer mehr Kunden verliert und seinen Ruf zunehmend angeschlagen ist, macht er unbeirrt weiter wie gehabt, ohne R\u00fccksicht auf Verluste. Dabei rodet er auch Bereiche, die als Lebensraum des bedrohten Sumatra-Tigers gelten, ebenso wie Torfgebiete mit mehr als drei Metern Tiefe, die nach indonesischem Gesetz als gesch\u00fctzt gelten. Auch Brandrodungen \u2014 was ebenfalls verboten ist \u2014wurde in zwei APP Konzessionen beobachtet.<\/p>\n<p><a href=\"http:\/\/www.greenpeace.org\/switzerland\/de\/News_Stories\/Newsblog\/asia-pulp-paper-verwendet-illegales-ramin-hol\/blog\/39306\/\">Greenpeace deckte unl\u00e4ngst auf,<\/a>\u00a0 dass APP systematisch gegen indonesische Gesetze verst\u00f6sst, welche die bedrohte Baumart Ramin unter Schutz stellen. Ramin-B\u00e4ume kommen aus Indonesiens Torfsumpfw\u00e4ldern, der Heimat der akut vom Aussterben bedrohten Sumatra-Tiger. Greenpeace zeigte in einer kartografischen Analyse, dass in APP-Konzessionen seit 2001 mindestens 180\u2019000 Hektaren Torfsumpfk\u00fcstenwald &#8211; eine Fl\u00e4che doppelt so gross wie New York City \u2013 zum Opfer gefallen ist. Und da fragt man sich, warum in freier Wildbahn nur noch 400 Sumatra-Tiger leben.<\/p>\n<p>Greenpeace ruft Firmen auf, ihre Lieferkette zu \u00fcberpr\u00fcfen und sowohl direkte als auch indirekte Liefervertr\u00e4ge mit APP zu k\u00fcndigen. Zudem rufen wir alle Firmen auf, eine \u00abZero Deforestation Policy\u00bb zu erarbeiten und umzusetzen; damit in Zukunft auszuschliessen, dass f\u00fcr ihre Produkte Urwald zerst\u00f6rt wird.<\/p>\n<\/div>\n<\/div>\n","protected":false},"excerpt":{"rendered":"<p>Mittwoch, 29. Februar 2012 Urwaldzerst\u00f6rung durch APP, \u00a9 Kemal Jufri \/ Greenpeace \u00a0 Weiterer Erfolg f\u00fcr Greenpeace und unsere Kampagne gegen den Regenwaldzerst\u00f6rer Asia Pulp &amp; Paper (APP): Nach Nestl\u00e9,&hellip;<\/p>\n","protected":false},"author":23,"featured_media":13915,"comment_status":"closed","ping_status":"open","sticky":false,"template":"","format":"standard","meta":{"_acf_changed":false,"_planet4_optimize_post_is_variant":false,"_planet4_optimize_experiment_name":"","_planet4_optimize_variant_name":"","ep_exclude_from_search":false,"p4_og_title":"","p4_og_description":"","p4_og_image":"","p4_og_image_id":"","p4_seo_canonical_url":"","p4_campaign_name":"","p4_local_project":"","p4_basket_name":"","p4_department":"","footnotes":""},"categories":[1],"tags":[40],"p4-page-type":[75],"gpch-article-type":[],"class_list":["post-13913","post","type-post","status-publish","format-standard","has-post-thumbnail","hentry","category-unkategorisiert","tag-wald","p4-page-type-story"],"acf":[],"_links":{"self":[{"href":"https:\/\/www.greenpeace.ch\/de\/wp-json\/wp\/v2\/posts\/13913","targetHints":{"allow":["GET"]}}],"collection":[{"href":"https:\/\/www.greenpeace.ch\/de\/wp-json\/wp\/v2\/posts"}],"about":[{"href":"https:\/\/www.greenpeace.ch\/de\/wp-json\/wp\/v2\/types\/post"}],"author":[{"embeddable":true,"href":"https:\/\/www.greenpeace.ch\/de\/wp-json\/wp\/v2\/users\/23"}],"replies":[{"embeddable":true,"href":"https:\/\/www.greenpeace.ch\/de\/wp-json\/wp\/v2\/comments?post=13913"}],"version-history":[{"count":0,"href":"https:\/\/www.greenpeace.ch\/de\/wp-json\/wp\/v2\/posts\/13913\/revisions"}],"wp:featuredmedia":[{"embeddable":true,"href":"https:\/\/www.greenpeace.ch\/de\/wp-json\/wp\/v2\/media\/13915"}],"wp:attachment":[{"href":"https:\/\/www.greenpeace.ch\/de\/wp-json\/wp\/v2\/media?parent=13913"}],"wp:term":[{"taxonomy":"category","embeddable":true,"href":"https:\/\/www.greenpeace.ch\/de\/wp-json\/wp\/v2\/categories?post=13913"},{"taxonomy":"post_tag","embeddable":true,"href":"https:\/\/www.greenpeace.ch\/de\/wp-json\/wp\/v2\/tags?post=13913"},{"taxonomy":"p4-page-type","embeddable":true,"href":"https:\/\/www.greenpeace.ch\/de\/wp-json\/wp\/v2\/p4-page-type?post=13913"},{"taxonomy":"gpch-article-type","embeddable":true,"href":"https:\/\/www.greenpeace.ch\/de\/wp-json\/wp\/v2\/gpch-article-type?post=13913"}],"curies":[{"name":"wp","href":"https:\/\/api.w.org\/{rel}","templated":true}]}}