{"id":13921,"date":"2012-04-04T00:00:00","date_gmt":"2012-04-03T22:00:00","guid":{"rendered":"https:\/\/master.greenpeace.ch\/beitrag\/13921\/gentech-verbot-in-der-tuerkei\/"},"modified":"2019-05-30T12:19:15","modified_gmt":"2019-05-30T10:19:15","slug":"gentech-verbot-in-der-tuerkei","status":"publish","type":"post","link":"https:\/\/www.greenpeace.ch\/de\/story\/13921\/gentech-verbot-in-der-tuerkei\/","title":{"rendered":"Gentech-Verbot in der T\u00fcrkei"},"content":{"rendered":"<p><b><\/b><\/p>\n<div class=\"post-content\">\n<div>\n<div class=\"events-box middle-box left\">\n<div class=\"frame\">\n        <a class=\"open-img EnlargeImage\" href=\"https:\/\/www.greenpeace.ch\/static\/planet4-switzerland-stateless\/2019\/05\/93bab52b-93bab52b-gentechfrei.jpg\" title=\"\"><br \/>\n            <img decoding=\"async\" id=\"ctl00_cphContentArea_epiEntryContent_ctl00_ctl02_Image1\" class=\"Thumbnail\" src=\"https:\/\/www.greenpeace.ch\/static\/planet4-switzerland-stateless\/2019\/05\/93bab52b-93bab52b-gentechfrei.jpg\" alt=\"\" style=\"border-width:0px;\"><\/p>\n<p>        <\/a>\n    <\/div>\n<div class=\"events-content\">\n        <span class=\"date\">Dienstag, 7. Februar 2012<\/span><br \/>\n        <strong><\/strong><\/p>\n<p>\n            \u00a9 Greenpeace \/ Thomas Stutz\n        <\/p>\n<\/p>\n<\/div>\n<\/div>\n<p>\u00a0<\/p>\n<p>Der t\u00fcrkische Agrarminister Mehdi Eker hat an einer Konferenz bekannt gegeben, dass die T\u00fcrkei den Import, die Produktion und den Anbau von gentechnisch ver\u00e4nderten Organismen GVO strikt verbiete. Die T\u00fcrkei h\u00e4tte bisher keine gentechnischen Ver\u00e4nderungen an Nutzpflanzen durchgef\u00fchrt und das werde auch so bleiben. Auch h\u00e4tte das Land im Gegensatz zu vielen anderen L\u00e4ndern nie GVO f\u00fcr Lebensmittel importiert. Eine Biosicherheitskommission stelle zudem sicher, dass die importierten Produkte f\u00fcr Lebensmittel keinerlei GVO enthalten. GVO-Futtermittel werden allerdings in die T\u00fcrkei importiert.<\/p>\n<p>Im M\u00e4rz hatte bereits die franz\u00f6sische Regierung beschlossen, das Anbauverbot f\u00fcr gentechnisch ver\u00e4nderten Mais zu verl\u00e4ngern. Frankreich verlangt derzeit von der EU-Kommission ein EU-weites Anbauverbot.<\/p>\n<p>In der Schweiz l\u00e4uft das dreij\u00e4hrige Moratorium f\u00fcr den Anbau von Gentech-Pflanzen Ende 2013 ab. Greenpeace fordert, dass der Anbau g\u00e4nzlich verboten wird.<\/p>\n<\/div>\n<\/div>\n","protected":false},"excerpt":{"rendered":"<p>Dienstag, 7. Februar 2012 \u00a9 Greenpeace \/ Thomas Stutz \u00a0 Der t\u00fcrkische Agrarminister Mehdi Eker hat an einer Konferenz bekannt gegeben, dass die T\u00fcrkei den Import, die Produktion und den&hellip;<\/p>\n","protected":false},"author":23,"featured_media":13037,"comment_status":"closed","ping_status":"open","sticky":false,"template":"","format":"standard","meta":{"_acf_changed":false,"_planet4_optimize_post_is_variant":false,"_planet4_optimize_experiment_name":"","_planet4_optimize_variant_name":"","ep_exclude_from_search":false,"p4_og_title":"","p4_og_description":"","p4_og_image":"","p4_og_image_id":"","p4_seo_canonical_url":"","p4_campaign_name":"","p4_local_project":"","p4_basket_name":"","p4_department":"","footnotes":""},"categories":[1],"tags":[33],"p4-page-type":[75],"gpch-article-type":[],"class_list":["post-13921","post","type-post","status-publish","format-standard","has-post-thumbnail","hentry","category-unkategorisiert","tag-ernaehrung","p4-page-type-story"],"acf":[],"_links":{"self":[{"href":"https:\/\/www.greenpeace.ch\/de\/wp-json\/wp\/v2\/posts\/13921","targetHints":{"allow":["GET"]}}],"collection":[{"href":"https:\/\/www.greenpeace.ch\/de\/wp-json\/wp\/v2\/posts"}],"about":[{"href":"https:\/\/www.greenpeace.ch\/de\/wp-json\/wp\/v2\/types\/post"}],"author":[{"embeddable":true,"href":"https:\/\/www.greenpeace.ch\/de\/wp-json\/wp\/v2\/users\/23"}],"replies":[{"embeddable":true,"href":"https:\/\/www.greenpeace.ch\/de\/wp-json\/wp\/v2\/comments?post=13921"}],"version-history":[{"count":0,"href":"https:\/\/www.greenpeace.ch\/de\/wp-json\/wp\/v2\/posts\/13921\/revisions"}],"wp:featuredmedia":[{"embeddable":true,"href":"https:\/\/www.greenpeace.ch\/de\/wp-json\/wp\/v2\/media\/13037"}],"wp:attachment":[{"href":"https:\/\/www.greenpeace.ch\/de\/wp-json\/wp\/v2\/media?parent=13921"}],"wp:term":[{"taxonomy":"category","embeddable":true,"href":"https:\/\/www.greenpeace.ch\/de\/wp-json\/wp\/v2\/categories?post=13921"},{"taxonomy":"post_tag","embeddable":true,"href":"https:\/\/www.greenpeace.ch\/de\/wp-json\/wp\/v2\/tags?post=13921"},{"taxonomy":"p4-page-type","embeddable":true,"href":"https:\/\/www.greenpeace.ch\/de\/wp-json\/wp\/v2\/p4-page-type?post=13921"},{"taxonomy":"gpch-article-type","embeddable":true,"href":"https:\/\/www.greenpeace.ch\/de\/wp-json\/wp\/v2\/gpch-article-type?post=13921"}],"curies":[{"name":"wp","href":"https:\/\/api.w.org\/{rel}","templated":true}]}}