{"id":13942,"date":"2012-03-29T00:00:00","date_gmt":"2012-03-28T22:00:00","guid":{"rendered":"https:\/\/master.greenpeace.ch\/beitrag\/13942\/weltklasse-akw-weiterhin-ausser-gefecht\/"},"modified":"2019-05-30T12:19:49","modified_gmt":"2019-05-30T10:19:49","slug":"weltklasse-akw-weiterhin-ausser-gefecht","status":"publish","type":"post","link":"https:\/\/www.greenpeace.ch\/de\/story\/13942\/weltklasse-akw-weiterhin-ausser-gefecht\/","title":{"rendered":"\u201eWeltklasse-AKW\u201c weiterhin ausser Gefecht"},"content":{"rendered":"<p><b>Der Reaktor 2 des AKW Beznau produziert seit einer Woche keine einzige Kilowattstunde Strom mehr. Er musste am letzten Freitag im Schnellverfahren abgeschaltet werden, weil eine Pumpe des K\u00fchlsystems kaputt war. Wie die Axpo, welche die Anlage betreibt, mitteilte, wird das AKW mehrere Tage ausser Betrieb bleiben, weil der Reaktor zuerst einmal abk\u00fchlen muss. Erst dann werden die Techniker den Schaden reparieren k\u00f6nnen. Das ist\u00a0 eine doch einigermassen erstaunliche Situation f\u00fcr ein AKW, das\u00a0 Axpo-Chef Heinz Karrer noch vor ein paar Tagen als \u201eWeltklasse\u201c bezeichnet hatte. Es kann ja wohl kaum sein, dass ein AKW, das wegen einer kleinen Panne pl\u00f6tzlich mehrere Tage\u00a0 ausf\u00e4llt,\u00a0 einen Spitzenplatz bei der\u00a0 Stromversorgung belegt. Zum Gl\u00fcck mischt der Nachwuchs das Spiel bereits m\u00e4chtig auf. Abgesehen von der Sparte Pannen und Katastrophen, die hartn\u00e4ckig von den Atomkraftwerken verteidigt wird, f\u00fchren die erneuerbaren Energien das Rennen um die Stromversorgung an. Wie Medienberichten diese Woche zu entnehmen war,\u00a0 herrscht in Europa dank Wind- und Sonnenenergie zurzeit eine regelrechte Stromschwemme. Die Produktionsmengen sind so gross und die Preise derart tief, dass zu gewissen Zeiten gr\u00fcner Strom den Verbrauchern geradezu aufgedr\u00e4ngt wird.Axpo, die sich an ihrem maroden AKW festkrallt und in ihrer Unternehmensstrategie vor allem auf Gaskraftwerke setzt, ist drauf und dran die entscheidende Wende im Spiel um die beste Stromversorgung zu verpassen und auf der Ersatzbank zu landen.\u00a0Aber immerhin Herr Karrer, in der Liga der ur\u00e4ltesten Atomkraftwerke sind Sie ganz vorne mit dabei:\u00a0 der Reaktor 1 von Beznau ist der \u00e4lteste der Welt und auch der Reaktor 2 ist in der Gesamtrangliste auf den ersten Pl\u00e4tzen. Eine eher zweifelhafte Ehre, finden Sie? Dann w\u00e4re es vielleicht doch langsam an der Zeit, die Atom-Veteranen endlich ins Finish schicken und mit einer Strategie f\u00fcr eine zeitgem\u00e4sse, restrisikofreie und klimaschonende Stromgewinnung wieder auf die Zielgerade zu kommen.<\/b><\/p>\n<div class=\"post-content\">\n<div>\n<p><strong><img decoding=\"async\" style=\"margin: 10px; float: left;\" src=\"https:\/\/www.greenpeace.ch\/static\/planet4-switzerland-stateless\/2019\/05\/4c45bafd-4c45bafd-34935_68478.jpg\" alt=\"\" width=\"200\">Der Reaktor 2 des AKW Beznau produziert seit einer Woche keine einzige Kilowattstunde Strom mehr. Er musste am letzten Freitag im Schnellverfahren abgeschaltet werden, weil eine Pumpe des K\u00fchlsystems kaputt war. Wie die Axpo, welche die Anlage betreibt, mitteilte, wird das AKW mehrere Tage ausser Betrieb bleiben, weil der Reaktor zuerst einmal abk\u00fchlen muss. Erst dann werden die Techniker den Schaden reparieren k\u00f6nnen. <\/strong><\/p>\n<p>Das ist\u00a0 eine doch einigermassen erstaunliche Situation f\u00fcr ein AKW, das\u00a0 Axpo-Chef Heinz Karrer noch vor ein paar Tagen als \u201eWeltklasse\u201c bezeichnet hatte. Es kann ja wohl kaum sein, dass ein AKW, das wegen einer kleinen Panne pl\u00f6tzlich mehrere Tage\u00a0 ausf\u00e4llt,\u00a0 einen Spitzenplatz bei der\u00a0 Stromversorgung belegt. Zum Gl\u00fcck mischt der Nachwuchs das Spiel bereits m\u00e4chtig auf. Abgesehen von der Sparte Pannen und Katastrophen, die hartn\u00e4ckig von den Atomkraftwerken verteidigt wird, f\u00fchren die erneuerbaren Energien das Rennen um die Stromversorgung an. Wie <a href=\"http:\/\/www.tagesanzeiger.ch\/wirtschaft\/konjunktur\/Windstrom-zum-Nulltarif\/story\/12476111\" target=\"_blank\" rel=\"noopener noreferrer\">Medienberichten<\/a> diese Woche zu entnehmen war,\u00a0 herrscht in Europa dank Wind- und Sonnenenergie zurzeit eine regelrechte Stromschwemme. Die Produktionsmengen sind so gross und die Preise derart tief, dass zu gewissen Zeiten gr\u00fcner Strom den Verbrauchern geradezu aufgedr\u00e4ngt wird.<\/p>\n<p>Axpo, die sich an ihrem maroden AKW festkrallt und in ihrer Unternehmensstrategie vor allem auf Gaskraftwerke setzt, ist drauf und dran die entscheidende Wende im Spiel um die beste Stromversorgung zu verpassen und auf der Ersatzbank zu landen.<br \/>\u00a0<br \/>Aber immerhin Herr Karrer, in der Liga der ur\u00e4ltesten Atomkraftwerke sind Sie ganz vorne mit dabei:\u00a0 der Reaktor 1 von Beznau ist der \u00e4lteste der Welt und auch der Reaktor 2 ist in der Gesamtrangliste auf den ersten Pl\u00e4tzen. Eine eher zweifelhafte Ehre, finden Sie? Dann w\u00e4re es vielleicht doch langsam an der Zeit, die Atom-Veteranen endlich ins Finish schicken und mit einer Strategie f\u00fcr eine zeitgem\u00e4sse, restrisikofreie und klimaschonende Stromgewinnung wieder auf die Zielgerade zu kommen.<\/p>\n<p><a href=\"https:\/\/spenden.greenpeace.ch\/live\/donate?utm_source=atom&amp;utm_medium=leaderboard&amp;utm_campaign=atom\" target=\"_blank\" rel=\"noopener noreferrer\"><img loading=\"lazy\" decoding=\"async\" src=\"https:\/\/www.greenpeace.ch\/static\/planet4-switzerland-stateless\/2019\/05\/0f8e42b7-0f8e42b7-banner_atom_615.jpg\" alt=\"\" width=\"600\" height=\"110\"><\/a><\/p>\n<\/div>\n<\/div>\n","protected":false},"excerpt":{"rendered":"<p>Der Reaktor 2 des AKW Beznau produziert seit einer Woche keine einzige Kilowattstunde Strom mehr. Er musste am letzten Freitag im Schnellverfahren abgeschaltet werden, weil eine Pumpe des K\u00fchlsystems kaputt&hellip;<\/p>\n","protected":false},"author":23,"featured_media":13944,"comment_status":"closed","ping_status":"open","sticky":false,"template":"","format":"standard","meta":{"_acf_changed":false,"_planet4_optimize_post_is_variant":false,"_planet4_optimize_experiment_name":"","_planet4_optimize_variant_name":"","ep_exclude_from_search":false,"p4_og_title":"","p4_og_description":"","p4_og_image":"","p4_og_image_id":"","p4_seo_canonical_url":"","p4_campaign_name":"","p4_local_project":"","p4_basket_name":"","p4_department":"","footnotes":""},"categories":[1],"tags":[42],"p4-page-type":[75],"gpch-article-type":[],"class_list":["post-13942","post","type-post","status-publish","format-standard","has-post-thumbnail","hentry","category-unkategorisiert","tag-energie","p4-page-type-story"],"acf":[],"_links":{"self":[{"href":"https:\/\/www.greenpeace.ch\/de\/wp-json\/wp\/v2\/posts\/13942","targetHints":{"allow":["GET"]}}],"collection":[{"href":"https:\/\/www.greenpeace.ch\/de\/wp-json\/wp\/v2\/posts"}],"about":[{"href":"https:\/\/www.greenpeace.ch\/de\/wp-json\/wp\/v2\/types\/post"}],"author":[{"embeddable":true,"href":"https:\/\/www.greenpeace.ch\/de\/wp-json\/wp\/v2\/users\/23"}],"replies":[{"embeddable":true,"href":"https:\/\/www.greenpeace.ch\/de\/wp-json\/wp\/v2\/comments?post=13942"}],"version-history":[{"count":0,"href":"https:\/\/www.greenpeace.ch\/de\/wp-json\/wp\/v2\/posts\/13942\/revisions"}],"wp:featuredmedia":[{"embeddable":true,"href":"https:\/\/www.greenpeace.ch\/de\/wp-json\/wp\/v2\/media\/13944"}],"wp:attachment":[{"href":"https:\/\/www.greenpeace.ch\/de\/wp-json\/wp\/v2\/media?parent=13942"}],"wp:term":[{"taxonomy":"category","embeddable":true,"href":"https:\/\/www.greenpeace.ch\/de\/wp-json\/wp\/v2\/categories?post=13942"},{"taxonomy":"post_tag","embeddable":true,"href":"https:\/\/www.greenpeace.ch\/de\/wp-json\/wp\/v2\/tags?post=13942"},{"taxonomy":"p4-page-type","embeddable":true,"href":"https:\/\/www.greenpeace.ch\/de\/wp-json\/wp\/v2\/p4-page-type?post=13942"},{"taxonomy":"gpch-article-type","embeddable":true,"href":"https:\/\/www.greenpeace.ch\/de\/wp-json\/wp\/v2\/gpch-article-type?post=13942"}],"curies":[{"name":"wp","href":"https:\/\/api.w.org\/{rel}","templated":true}]}}