{"id":13947,"date":"2012-03-28T00:00:00","date_gmt":"2012-03-27T22:00:00","guid":{"rendered":"https:\/\/master.greenpeace.ch\/beitrag\/13947\/rainbow-warrior-unterwegs-im-amazonas\/"},"modified":"2019-05-30T12:19:55","modified_gmt":"2019-05-30T10:19:55","slug":"rainbow-warrior-unterwegs-im-amazonas","status":"publish","type":"post","link":"https:\/\/www.greenpeace.ch\/de\/story\/13947\/rainbow-warrior-unterwegs-im-amazonas\/","title":{"rendered":"Rainbow Warrior unterwegs im Amazonas"},"content":{"rendered":"<p><b><\/b><\/p>\n<div class=\"post-content\">\n<div>\n<div class=\"events-box middle-box left\">\n<div class=\"frame\">\n        <a class=\"open-img EnlargeImage\" href=\"https:\/\/www.greenpeace.ch\/static\/planet4-switzerland-stateless\/2019\/05\/a744e1e2-a744e1e2-gp03tib.jpg\" title=\"\"><br \/>\n            <img decoding=\"async\" id=\"ctl00_cphContentArea_epiEntryContent_ctl00_ctl02_Image1\" class=\"Thumbnail\" src=\"https:\/\/www.greenpeace.ch\/static\/planet4-switzerland-stateless\/2019\/05\/a744e1e2-a744e1e2-gp03tib.jpg\" alt=\"\" style=\"border-width:0px;\"><\/p>\n<p>        <\/a>\n    <\/div>\n<div class=\"events-content\">\n        <span class=\"date\">Mittwoch, 28. M\u00e4rz 2012<\/span><br \/>\n        <strong><\/strong><\/p>\n<p>\n            Das Greenpeace-Flaggschiff erreicht Manaus. <\/p>\n<p>\u00a9 Rodrigo Bal\u00e9ia \/ Greenpeace\n        <\/p>\n<\/p>\n<\/div>\n<\/div>\n<p> <strong>20 Jahre ist der Weltgipfel in Rio her und noch immer wird die Erde  hemmungslos ausgebeutet. In Brasilien wird das bei der Zerst\u00f6rung des  Regenwaldes besonders deutlich. Das <a href=\"http:\/\/www.greenpeace.org\/switzerland\/de\/Uber-uns\/Medienstelle\/Aktuelle-Medienbilder\/Regenbogenkrieger-im-Amazonas1\/\"><span lang=\"en\">Greenpeace<\/span>-Schiff Rainbow Warrior<em><span lang=\"en\"><span lang=\"en\"><em> <\/em><\/span><\/span><\/em>ist deshalb auf dem Amazonas unterwegs<\/a>, um die Situation  vor Ort zu dokumentieren.<\/strong><\/p>\n<p>Mit Beginn der Reise in Manaus startet auch eine Petition von <span lang=\"en\">Greenpeace<\/span> gegen ein neues Waldgesetz in Brasilien, das den Regenwald bedroht. 1,4  Millionen Unterschriften von brasilianischen B\u00fcrgern sollen dieses  Gesetz verhindern und damit die Zerst\u00f6rung des brasilianischen  Regenwalds beenden. <span lang=\"en\">Greenpeace<\/span> International hat parallel dazu <a href=\"http:\/\/www.greenpeace.org\/switzerland\/de\/Kampagnen\/Wald\/Urwald-im-Amazonas\/Fordern-Sie-ein-Veto-von-Praesidentin-Dilma-Rousseff-zum-Forest-Code\/\">eine <span lang=\"en\">Online<\/span>-Petition gestartet<\/a>, an der sich Menschen aus der ganzen Welt beteiligen k\u00f6nnen.<\/p>\n<p><a href=\"\/switzerland\/de\/Kampagnen\/Wald\/Urwald-im-Amazonas\/Fordern-Sie-ein-Veto-von-Praesidentin-Dilma-Rousseff-zum-Forest-Code\/\"><img loading=\"lazy\" decoding=\"async\" src=\"https:\/\/www.greenpeace.ch\/wp-content\/uploads\/2017\/01\/110907_petition.jpg\" alt=\"\" width=\"218\" height=\"72\"><\/a><\/p>\n<p>Das <span lang=\"en\">Greenpeace<\/span>-Schiff wird sich seinen Weg  durch den Amazonas bahnen, um p\u00fcnktlich zum diesj\u00e4hrigen Weltgipfel  Rio+20 im Juni in Rio de Janeiro anzukommen. Auf dem Weg dokumentiert  die Crew den Zustand des wertvollen Regenwaldes. Dabei wollen die  Aktivisten zeigen, wo und in welchem Umfang Waldgebiete abgeholzt oder  aber gesch\u00fctzt werden.<\/p>\n<div class=\"image_float_right\">\n<ul>\n<\/ul>\n<\/div>\n<p>Noch immer werden grosse Fl\u00e4chen Urwald gerodet, um Platz f\u00fcr die Rinderzucht oder f\u00fcr Soja- oder Palm\u00f6lplantagen zu schaffen. \u00abWir m\u00fcssen endlich handeln, um die Zerst\u00f6rung des Regenwaldes aufzuhalten\u00bb, sagt Waldexpertin Asti Roesle von Greenpeace Schweiz. \u00abNur so k\u00f6nnen wir bedrohte Tierarten retten und gleichzeitig dem Klimawandel entgegenwirken.\u00bb<\/p>\n<p>\u00a0<\/p>\n<p>Der Regenwald in Brasilien ist von besonderem Wert f\u00fcr die  Artenvielfalt, f\u00fcr das Klima weltweit und f\u00fcr das \u00dcberleben zahlreicher  indigener Menschen. Deshalb ist es unabdingbar, dass internationale  Unternehmen und die brasilianische Regierung ihren Verpflichtungen zum  Stopp der Abholzung nachkommen. Aber auch andere Regierungen sind  mitverantwortlich f\u00fcr den Schutz dieser W\u00e4lder.<\/p>\n<p><span lang=\"en\">Greenpeace<\/span> Brasilien feiert ausserdem in diesem Jahr sein 20-j\u00e4hriges Jubil\u00e4um &#8211; ein Jubil\u00e4um, das gepr\u00e4gt ist von vielen Jahren<a href=\"http:\/\/www.greenpeace.org\/switzerland\/de\/News_Stories\/Newsblog\/amazonas-kampagnen-direktor-und-waldschuetzer\/blog\/38979\/\"> harter Arbeit unter schwierigsten Bedingungen<\/a>. Als Reaktion auf die grosse Bedrohung der W\u00e4lder setzt sich <span lang=\"en\">Greenpeace<\/span> f\u00fcr ein Ende der Abholzung in Brasilien bis 2015 und weltweit bis 2020 ein.<\/p>\n<\/div>\n<\/div>\n","protected":false},"excerpt":{"rendered":"<p>Mittwoch, 28. M\u00e4rz 2012 Das Greenpeace-Flaggschiff erreicht Manaus. \u00a9 Rodrigo Bal\u00e9ia \/ Greenpeace 20 Jahre ist der Weltgipfel in Rio her und noch immer wird die Erde hemmungslos ausgebeutet. In&hellip;<\/p>\n","protected":false},"author":23,"featured_media":0,"comment_status":"closed","ping_status":"open","sticky":false,"template":"","format":"standard","meta":{"_acf_changed":false,"_planet4_optimize_post_is_variant":false,"_planet4_optimize_experiment_name":"","_planet4_optimize_variant_name":"","ep_exclude_from_search":false,"p4_og_title":"","p4_og_description":"","p4_og_image":"","p4_og_image_id":"","p4_seo_canonical_url":"","p4_campaign_name":"","p4_local_project":"","p4_basket_name":"","p4_department":"","footnotes":""},"categories":[1],"tags":[40],"p4-page-type":[75],"gpch-article-type":[],"class_list":["post-13947","post","type-post","status-publish","format-standard","hentry","category-unkategorisiert","tag-wald","p4-page-type-story"],"acf":[],"_links":{"self":[{"href":"https:\/\/www.greenpeace.ch\/de\/wp-json\/wp\/v2\/posts\/13947","targetHints":{"allow":["GET"]}}],"collection":[{"href":"https:\/\/www.greenpeace.ch\/de\/wp-json\/wp\/v2\/posts"}],"about":[{"href":"https:\/\/www.greenpeace.ch\/de\/wp-json\/wp\/v2\/types\/post"}],"author":[{"embeddable":true,"href":"https:\/\/www.greenpeace.ch\/de\/wp-json\/wp\/v2\/users\/23"}],"replies":[{"embeddable":true,"href":"https:\/\/www.greenpeace.ch\/de\/wp-json\/wp\/v2\/comments?post=13947"}],"version-history":[{"count":0,"href":"https:\/\/www.greenpeace.ch\/de\/wp-json\/wp\/v2\/posts\/13947\/revisions"}],"wp:attachment":[{"href":"https:\/\/www.greenpeace.ch\/de\/wp-json\/wp\/v2\/media?parent=13947"}],"wp:term":[{"taxonomy":"category","embeddable":true,"href":"https:\/\/www.greenpeace.ch\/de\/wp-json\/wp\/v2\/categories?post=13947"},{"taxonomy":"post_tag","embeddable":true,"href":"https:\/\/www.greenpeace.ch\/de\/wp-json\/wp\/v2\/tags?post=13947"},{"taxonomy":"p4-page-type","embeddable":true,"href":"https:\/\/www.greenpeace.ch\/de\/wp-json\/wp\/v2\/p4-page-type?post=13947"},{"taxonomy":"gpch-article-type","embeddable":true,"href":"https:\/\/www.greenpeace.ch\/de\/wp-json\/wp\/v2\/gpch-article-type?post=13947"}],"curies":[{"name":"wp","href":"https:\/\/api.w.org\/{rel}","templated":true}]}}