{"id":13952,"date":"2012-03-21T00:00:00","date_gmt":"2012-03-20T22:00:00","guid":{"rendered":"https:\/\/master.greenpeace.ch\/beitrag\/13952\/demokratische-republik-kongo\/"},"modified":"2019-05-30T12:20:11","modified_gmt":"2019-05-30T10:20:11","slug":"demokratische-republik-kongo","status":"publish","type":"post","link":"https:\/\/www.greenpeace.ch\/de\/story\/13952\/demokratische-republik-kongo\/","title":{"rendered":"Demokratische Republik Kongo"},"content":{"rendered":"<p><b>In der Demokratischen Republik Kongo ist die politische Lage derzeit sehr angespannt, was die Arbeit der Klimakarawane sehr schwierig macht. Dennoch gibt es auch aus der DRK Erfolgsgeschichten zu berichten.<\/b><\/p>\n<div>\n<h3>\u00a0<\/h3>\n<h3>\u00a0<\/h3>\n<h3>\u00a0<\/h3>\n<h3><strong>Oshwe: Radio RTBO Goes Solar<\/strong><\/h3>\n<p>\u00a0<\/p>\n<p>Wie die erste Radiostation Afrikas vom Diesel befreit und auf Solarbetrieb umgestellt wurde:<strong><em><br \/><\/em><\/strong><\/p>\n<p><iframe loading=\"lazy\" frameborder=\"0\" height=\"493\" src=\"https:\/\/www.youtube.com\/embed\/7_omm1E1zoY\" style=\"display: block; margin-left: auto; margin-right: auto;\" width=\"600\"><\/iframe><\/p>\n<p><em>\u00a0<\/em><\/p>\n<p>Oshwe ist eine kleine Gemeinde, tief im Regenwald der Demokratischen Republik Kongo gelegen. Obwohl offiziell als urbane Region eingestuft, hat sie den Charakter eine sehr l\u00e4ndlichen Ortschaft.<\/p>\n<p>Versorgt wird Oshwe mit allen notwendigen Produkten, inklusiv Benzin und Diesel, \u00fcber Boote, die von den gr\u00f6sseren Zentren \u00fcber verschiedene Fl\u00fcsse nach Oshwe fahren. W\u00e4hrend der Regensaison fahren die Boote zwei bis drei mal pro Monat. In der trockenen Jahreszeit, wenn die Wasserst\u00e4nde der Fl\u00fcsse sinken und die Navigation erschwert wird, fahren sie jedoch nur noch sehr selten.<\/p>\n<\/p>\n<div class=\"events-box small-box right\">\n<div class=\"frame\">\n        <a class=\"open-img EnlargeImage\" href=\"https:\/\/www.greenpeace.ch\/static\/planet4-switzerland-stateless\/2019\/05\/11d70e36-11d70e36-oshwe2.jpg\" title=\"\"><br \/>\n            <img decoding=\"async\" id=\"ctl00_cphContentArea_Property3_ctl00_ctl02_Image1\" class=\"Thumbnail\" src=\"https:\/\/www.greenpeace.ch\/static\/planet4-switzerland-stateless\/2019\/05\/11d70e36-11d70e36-oshwe2.jpg\" alt=\"\" style=\"border-width:0px;\"><\/p>\n<p>        <\/a>\n    <\/div>\n<div class=\"events-content no-title\">\n        <span class=\"date\"><\/span><br \/>\n        <strong><\/strong><\/p>\n<p>\n            Das erste PV-Modul wird auf das Dach gehievt.\n        <\/p>\n<\/p>\n<\/div>\n<\/div>\n<p>\u00a0<\/p>\n<p>Seit zwei Jahren arbeitet Greenpeace Afrika mit der Bev\u00f6lkerung von Oshwe zusammen um ihren Urwald zu sch\u00fctzen, um die Zivilgesellschaft zu st\u00e4rken und ihnen zu erm\u00f6glichen, sich gegen die illegale industrielle Abholzung zu wehren. Zudem wurde k\u00fcrzlich ein Workshop durchgef\u00fchrt, in dem die Teilnehmer holzeffiziente Kochstellen bauten, damit sie weniger Holz aus dem Wald verfeuern m\u00fcssen.<\/p>\n<p>In Oshwe gibt es eine kleine Radio Station namens Radio Television Bondeko (RTBO), die es den Bewohnern in der Umgebung erm\u00f6glicht, News aus ihrer Gemeinschaft, dem Land und der ganzen Welt zu erhalten. Doch da der RTBO \u00fcber einen Diesel Generator betrieben wird, verstummt er, sobald die Boote keinen Diesel mehr liefern k\u00f6nnen. Ohne das Radio wird das isolierte Oshwe noch mehr abgeschottet vom Rest des Landes und der Hauptstadt, wo die Entscheidungen \u00fcber ihren Wald getroffen werden.<\/p>\n<p>Um dieses Problem zu umgehen, entwickelte die lokale Bev\u00f6lkerung, zusammen mit Greenpeace die Idee, die Radio Station mit Sonnenenergie zu betreiben. Eine saubere und stabile Energieversorgung, die einen ununterbrochenen Sendebetrieb garantiert.<\/p>\n<p>Gleichzeitig wurde die Sendeantenne der Station erh\u00f6ht, was den Empfang des Senders auch f\u00fcr weit abgelegene D\u00f6rfer erm\u00f6glicht.<\/p>\n<\/p>\n<div class=\"events-box small-box left\">\n<div class=\"frame\">\n        <a class=\"open-img EnlargeImage\" href=\"https:\/\/www.greenpeace.ch\/static\/planet4-switzerland-stateless\/2019\/05\/a3c3e935-a3c3e935-oshwe1.jpg\" title=\"\"><br \/>\n            <img decoding=\"async\" id=\"ctl00_cphContentArea_Property3_ctl00_ctl04_Image1\" class=\"Thumbnail\" src=\"https:\/\/www.greenpeace.ch\/static\/planet4-switzerland-stateless\/2019\/05\/a3c3e935-a3c3e935-oshwe1.jpg\" alt=\"\" style=\"border-width:0px;\"><\/p>\n<p>        <\/a>\n    <\/div>\n<div class=\"events-content no-title\">\n        <span class=\"date\"><\/span><br \/>\n        <strong><\/strong><\/p>\n<p>\n            Montage der PV-Module auf dem Dach des RTBO.\n        <\/p>\n<\/p>\n<\/div>\n<\/div>\n<p>\u00a0<\/p>\n<p>Der Transport des Materials nach Oshwe war beschwerlich. Die s\u00e4urehaltigen Batterien d\u00fcrfen z.B. nicht per Flugzeug transportiert werden. Also wurden sie in kleinen Booten \u00fcber die Fl\u00fcsse geschifft. Bis in die dichten abgelegen W\u00e4lder DRC kommt kein DHL. Um sicherzustellen, dass das Equipment richtig gewartet wird und dass auch kleinere Reparaturen selbst\u00e4ndig gemacht werden k\u00f6nnen, wurden junge Leute von Crispin Assimbo, Solar- und Jugendkoordinator bei Greenpeace Afrika, in Solartechnik ausgebildet.<\/p>\n<p>\u00a0<\/p>\n<h3><strong>Solarpower f\u00fcr das Greenpeace-B\u00fcro Kinshasa<\/p>\n<div class=\"events-box small-box right\">\n<div class=\"frame\">\n        <a class=\"open-img EnlargeImage\" href=\"https:\/\/www.greenpeace.ch\/static\/planet4-switzerland-stateless\/2019\/05\/53dcfc78-53dcfc78-ausbildung1.jpg\" title=\"\"><br \/>\n            <img decoding=\"async\" id=\"ctl00_cphContentArea_Property3_ctl00_ctl06_Image1\" class=\"Thumbnail\" src=\"https:\/\/www.greenpeace.ch\/static\/planet4-switzerland-stateless\/2019\/05\/53dcfc78-53dcfc78-ausbildung1.jpg\" alt=\"\" style=\"border-width:0px;\"><\/p>\n<p>        <\/a>\n    <\/div>\n<div class=\"events-content no-title\">\n        <span class=\"date\"><\/span><br \/>\n        <strong><\/strong><\/p>\n<p>\n            Ausbidung in Solartechnik\n        <\/p>\n<\/p>\n<\/div>\n<\/div>\n<p>\u00a0<\/strong><\/h3>\n<p>Im September 2012 fand die zweite PV-Ausbildung von f\u00fcnf Frauen und sieben M\u00e4nnern statt. Sie endete mit der Installation einer\u00a0 3840-Watt-Anlage auf dem Dach des Greenpeace-B\u00fcros in Kinshasa. Die Teilnehmer wurden mit den gleichen Lerninhalten wie in Oshwe zu SolartechnikerInnen ausgebildet. Gem\u00e4ss dem Trainer waren sie alle sehr interessiert am Wissen, das ihnen der Kurs vermittelte und erkannten auch das Potential f\u00fcr berufliche Perspektiven, die sich ihnen mit der Ausbildung er\u00f6ffneten.<\/p>\n<p>\u00a0<\/p>\n<\/p>\n<div class=\"events-box small-box left\">\n<div class=\"frame\">\n        <a class=\"open-img EnlargeImage\" href=\"https:\/\/www.greenpeace.ch\/static\/planet4-switzerland-stateless\/2019\/05\/93434ef9-93434ef9-ofenbau.jpg\" title=\"\"><br \/>\n            <img decoding=\"async\" id=\"ctl00_cphContentArea_Property3_ctl00_ctl08_Image1\" class=\"Thumbnail\" src=\"https:\/\/www.greenpeace.ch\/static\/planet4-switzerland-stateless\/2019\/05\/93434ef9-93434ef9-ofenbau.jpg\" alt=\"\" style=\"border-width:0px;\"><\/p>\n<p>        <\/a>\n    <\/div>\n<div class=\"events-content no-title\">\n        <span class=\"date\"><\/span><br \/>\n        <strong><\/strong><\/p>\n<p>\n            Ofenbau mit lokalem und nat\u00fcrlichem Baumaterial\n        <\/p>\n<\/p>\n<\/div>\n<\/div>\n<p>Im Oktober wurden in Kinshasa 30 Freiwillige, \u00e4hnlich wie in Oshwe, f\u00fcr den Bau holzeffizienter \u00d6fen ausgebildet. Zus\u00e4tzlich zum Programm von Oshwe wurden die Teilnehmenden auch f\u00fcr den Bau von Blech\u00f6fen ausgebildet. Ein Besuch der Projektleitung findet im ersten Quartal 2013 statt.<\/p>\n<p>\u00a0<\/p>\n<p>\u00a0<\/p>\n<p>\u00a0<\/p>\n<p>\u00a0<\/p>\n<p>Weitere Informationen finden sich auf der Website von Greenpeace Afrika:<\/p>\n<p><a title=\"GP Afrika\" href=\"http:\/\/www.greenpeace.org\/africa\/en\/Press-Centre-Hub\/Press-releases\/Greenpeace-launches-solar-powered-radio-in-DRCs-Oshwe-community\/\">http:\/\/www.greenpeace.org\/africa\/en\/Press-Centre-Hub\/Press-releases\/Greenpeace-launches-solar-powered-radio-in-DRCs-Oshwe-community\/<\/a><\/p>\n<\/div>\n","protected":false},"excerpt":{"rendered":"<p>In der Demokratischen Republik Kongo ist die politische Lage derzeit sehr angespannt, was die Arbeit der Klimakarawane sehr schwierig macht. Dennoch gibt es auch aus der DRK Erfolgsgeschichten zu berichten.&hellip;<\/p>\n","protected":false},"author":23,"featured_media":13954,"comment_status":"closed","ping_status":"open","sticky":false,"template":"","format":"standard","meta":{"_acf_changed":false,"_planet4_optimize_post_is_variant":false,"_planet4_optimize_experiment_name":"","_planet4_optimize_variant_name":"","ep_exclude_from_search":false,"p4_og_title":"","p4_og_description":"","p4_og_image":"","p4_og_image_id":"","p4_seo_canonical_url":"","p4_campaign_name":"","p4_local_project":"","p4_basket_name":"","p4_department":"","footnotes":""},"categories":[1],"tags":[40],"p4-page-type":[75],"gpch-article-type":[],"class_list":["post-13952","post","type-post","status-publish","format-standard","has-post-thumbnail","hentry","category-unkategorisiert","tag-wald","p4-page-type-story"],"acf":[],"_links":{"self":[{"href":"https:\/\/www.greenpeace.ch\/de\/wp-json\/wp\/v2\/posts\/13952","targetHints":{"allow":["GET"]}}],"collection":[{"href":"https:\/\/www.greenpeace.ch\/de\/wp-json\/wp\/v2\/posts"}],"about":[{"href":"https:\/\/www.greenpeace.ch\/de\/wp-json\/wp\/v2\/types\/post"}],"author":[{"embeddable":true,"href":"https:\/\/www.greenpeace.ch\/de\/wp-json\/wp\/v2\/users\/23"}],"replies":[{"embeddable":true,"href":"https:\/\/www.greenpeace.ch\/de\/wp-json\/wp\/v2\/comments?post=13952"}],"version-history":[{"count":0,"href":"https:\/\/www.greenpeace.ch\/de\/wp-json\/wp\/v2\/posts\/13952\/revisions"}],"wp:featuredmedia":[{"embeddable":true,"href":"https:\/\/www.greenpeace.ch\/de\/wp-json\/wp\/v2\/media\/13954"}],"wp:attachment":[{"href":"https:\/\/www.greenpeace.ch\/de\/wp-json\/wp\/v2\/media?parent=13952"}],"wp:term":[{"taxonomy":"category","embeddable":true,"href":"https:\/\/www.greenpeace.ch\/de\/wp-json\/wp\/v2\/categories?post=13952"},{"taxonomy":"post_tag","embeddable":true,"href":"https:\/\/www.greenpeace.ch\/de\/wp-json\/wp\/v2\/tags?post=13952"},{"taxonomy":"p4-page-type","embeddable":true,"href":"https:\/\/www.greenpeace.ch\/de\/wp-json\/wp\/v2\/p4-page-type?post=13952"},{"taxonomy":"gpch-article-type","embeddable":true,"href":"https:\/\/www.greenpeace.ch\/de\/wp-json\/wp\/v2\/gpch-article-type?post=13952"}],"curies":[{"name":"wp","href":"https:\/\/api.w.org\/{rel}","templated":true}]}}