{"id":13959,"date":"2012-03-20T00:00:00","date_gmt":"2012-03-19T22:00:00","guid":{"rendered":"https:\/\/master.greenpeace.ch\/beitrag\/13959\/bkw-strategie-frischer-wind-aber-wo-bleibt-die-sonne\/"},"modified":"2019-05-30T12:20:15","modified_gmt":"2019-05-30T10:20:15","slug":"bkw-strategie-frischer-wind-aber-wo-bleibt-die-sonne","status":"publish","type":"post","link":"https:\/\/www.greenpeace.ch\/de\/story\/13959\/bkw-strategie-frischer-wind-aber-wo-bleibt-die-sonne\/","title":{"rendered":"BKW-Strategie: Frischer Wind \u2013 aber wo bleibt die Sonne?!"},"content":{"rendered":"<p><b>F\u00fchrt man sich die neue BKW-Strategie zu Gem\u00fcte, gibt es zuerst eine gute Nachricht: die BKW will die Energiewende offenbar mitgestalten. Doch leider geht sie dabei viel zu z\u00f6gerlich vor. Als erstes muss sie den Bremsklotz M\u00fchleberg los werden \u2013 sofort, und nicht erst bis \u00absp\u00e4testens 2022\u00bb, wie sie es jetzt ank\u00fcndigt. F\u00e4hrt die BKW ohne angezogene Handbremse in die Energiezukunft, l\u00e4sst sich M\u00fchleberg innert weniger Jahre ersetzen. Dass die Versorgungssicherheit ohne M\u00fchleberg nicht gef\u00e4hrdet ist, hat die folgenlose Schnellabschaltung im Februar gezeigt.\u00a0<\/b><\/p>\n<div class=\"post-content\">\n<div>\n<p>F\u00fchrt man sich die neue BKW-Strategie zu Gem\u00fcte, gibt es zuerst eine gute Nachricht: die BKW will die Energiewende offenbar mitgestalten. Doch leider geht sie dabei viel zu z\u00f6gerlich vor. Als erstes muss sie den Bremsklotz M\u00fchleberg los werden \u2013 sofort, und nicht erst bis \u00absp\u00e4testens 2022\u00bb, wie sie es jetzt ank\u00fcndigt. F\u00e4hrt die BKW ohne angezogene Handbremse in die Energiezukunft, l\u00e4sst sich M\u00fchleberg innert weniger Jahre ersetzen. Dass die Versorgungssicherheit ohne M\u00fchleberg nicht gef\u00e4hrdet ist, hat die folgenlose Schnellabschaltung im Februar gezeigt.\u00a0<\/p>\n<p>Die einheimische Energiequelle Sonne spielt f\u00fcr die BKW eine untergeordnete Rolle. Dabei hat Sonnenenergie in der Schweiz das gr\u00f6sste Potential \u2013 auch punkto Wertsch\u00f6pfung. Nur 14 m2 Solarzellen pro Berner oder Bernerin reichen aus, um das AKW M\u00fchleberg zu ersetzen. Schweizweit warten 12&#8217;000 Solarprojekte auf den Bau, insgesamt sind es sogar 15&#8217;000 Projekte mit einem Produktionspotential von 1,5 Mal M\u00fchleberg. Und jeden Monat kommen neue dazu.<\/p>\n<p>F\u00fcr die BKW ist jetzt nicht nur in der Energiestrategie, sondern auch in der Unternehmensf\u00fchrung frischer Wind gefragt: Der CEO-Sessel muss mit einer zupackenden Pers\u00f6nlichkeit besetzt werden, die voll hinter den Ausbau der erneuerbaren Energien steht.<\/p>\n<p><a title=\"Spenden Sie heute!\" href=\"https:\/\/spenden.greenpeace.ch\/live\/donate?utm_source=atom&amp;utm_medium=leaderboard&amp;utm_campaign=atom\" target=\"_blank\" rel=\"noopener noreferrer\"><img decoding=\"async\" title=\"Spenden Sie heute!\" src=\"https:\/\/www.greenpeace.ch\/static\/planet4-switzerland-stateless\/2019\/05\/b8eb0509-b8eb0509-34181_67017.jpg\" alt=\"Spenden Sie heute!\"><\/a><\/p>\n<\/div>\n<\/div>\n","protected":false},"excerpt":{"rendered":"<p>F\u00fchrt man sich die neue BKW-Strategie zu Gem\u00fcte, gibt es zuerst eine gute Nachricht: die BKW will die Energiewende offenbar mitgestalten. Doch leider geht sie dabei viel zu z\u00f6gerlich vor.&hellip;<\/p>\n","protected":false},"author":23,"featured_media":13868,"comment_status":"closed","ping_status":"open","sticky":false,"template":"","format":"standard","meta":{"_acf_changed":false,"_planet4_optimize_post_is_variant":false,"_planet4_optimize_experiment_name":"","_planet4_optimize_variant_name":"","ep_exclude_from_search":false,"p4_og_title":"","p4_og_description":"","p4_og_image":"","p4_og_image_id":"","p4_seo_canonical_url":"","p4_campaign_name":"","p4_local_project":"","p4_basket_name":"","p4_department":"","footnotes":""},"categories":[1],"tags":[50],"p4-page-type":[75],"gpch-article-type":[],"class_list":["post-13959","post","type-post","status-publish","format-standard","has-post-thumbnail","hentry","category-unkategorisiert","tag-klima","p4-page-type-story"],"acf":[],"_links":{"self":[{"href":"https:\/\/www.greenpeace.ch\/de\/wp-json\/wp\/v2\/posts\/13959","targetHints":{"allow":["GET"]}}],"collection":[{"href":"https:\/\/www.greenpeace.ch\/de\/wp-json\/wp\/v2\/posts"}],"about":[{"href":"https:\/\/www.greenpeace.ch\/de\/wp-json\/wp\/v2\/types\/post"}],"author":[{"embeddable":true,"href":"https:\/\/www.greenpeace.ch\/de\/wp-json\/wp\/v2\/users\/23"}],"replies":[{"embeddable":true,"href":"https:\/\/www.greenpeace.ch\/de\/wp-json\/wp\/v2\/comments?post=13959"}],"version-history":[{"count":0,"href":"https:\/\/www.greenpeace.ch\/de\/wp-json\/wp\/v2\/posts\/13959\/revisions"}],"wp:featuredmedia":[{"embeddable":true,"href":"https:\/\/www.greenpeace.ch\/de\/wp-json\/wp\/v2\/media\/13868"}],"wp:attachment":[{"href":"https:\/\/www.greenpeace.ch\/de\/wp-json\/wp\/v2\/media?parent=13959"}],"wp:term":[{"taxonomy":"category","embeddable":true,"href":"https:\/\/www.greenpeace.ch\/de\/wp-json\/wp\/v2\/categories?post=13959"},{"taxonomy":"post_tag","embeddable":true,"href":"https:\/\/www.greenpeace.ch\/de\/wp-json\/wp\/v2\/tags?post=13959"},{"taxonomy":"p4-page-type","embeddable":true,"href":"https:\/\/www.greenpeace.ch\/de\/wp-json\/wp\/v2\/p4-page-type?post=13959"},{"taxonomy":"gpch-article-type","embeddable":true,"href":"https:\/\/www.greenpeace.ch\/de\/wp-json\/wp\/v2\/gpch-article-type?post=13959"}],"curies":[{"name":"wp","href":"https:\/\/api.w.org\/{rel}","templated":true}]}}