{"id":13968,"date":"2012-03-27T00:00:00","date_gmt":"2012-03-26T22:00:00","guid":{"rendered":"https:\/\/master.greenpeace.ch\/beitrag\/13968\/gasleck-vor-schottland-methangas-in-nordsee-ausgetreten\/"},"modified":"2019-05-30T12:20:33","modified_gmt":"2019-05-30T10:20:33","slug":"gasleck-vor-schottland-methangas-in-nordsee-ausgetreten","status":"publish","type":"post","link":"https:\/\/www.greenpeace.ch\/de\/story\/13968\/gasleck-vor-schottland-methangas-in-nordsee-ausgetreten\/","title":{"rendered":"Gasleck vor Schottland: Methangas in Nordsee ausgetreten"},"content":{"rendered":"<p><b>Um die Mittagszeit des 25. M\u00e4rz 2012 kam es an der Elgin Wellhead Platform in der Nordsee zu einem Leck an einem der Bohrl\u00f6cher. Durch dieses Leck str\u00f6mt nun unkontrolliert Methangas aus. Die Besatzung der Plattform wurde evakuiert.<\/b><\/p>\n<div class=\"post-content\">\n<div>\n<p><strong>Um die Mittagszeit des 25. M\u00e4rz 2012 kam es an der Elgin Wellhead Platform in der Nordsee zu einem Leck an einem der Bohrl\u00f6cher. Durch dieses Leck str\u00f6mt nun unkontrolliert Methangas aus. Die Besatzung der Plattform wurde evakuiert.<\/strong><\/p>\n<\/p>\n<div class=\"events-box middle-box left\">\n<div class=\"frame\">\n        <a class=\"open-img EnlargeImage\" href=\"https:\/\/www.greenpeace.ch\/static\/planet4-switzerland-stateless\/2019\/05\/8909aab0-8909aab0-wasserprobe_elgin.jpg\" title=\"Die Gasf\u00f6rderplattform Elgin in der Nordsee (Archivbild) \"><br \/>\n            <img decoding=\"async\" id=\"ctl00_cphContentArea_epiEntryContent_ctl00_ctl02_Image1\" title=\"Die Gasf\u00f6rderplattform Elgin in der Nordsee (Archivbild) \" class=\"Thumbnail\" src=\"https:\/\/www.greenpeace.ch\/static\/planet4-switzerland-stateless\/2019\/05\/8909aab0-8909aab0-wasserprobe_elgin.jpg\" alt=\"Die Gasf\u00f6rderplattform Elgin in der Nordsee (Archivbild) \" style=\"border-width:0px;\"><\/p>\n<p>        <\/a>\n    <\/div>\n<div class=\"events-content\">\n        <span class=\"date\">Mittwoch, 28. M\u00e4rz 2012<\/span><br \/>\n        <strong>Die Gasf\u00f6rderplattform Elgin in der Nordsee (Archivbild) <\/strong><\/p>\n<p>\n            Copyright: \u00a9 AFP\n        <\/p>\n<\/p>\n<\/div>\n<\/div>\n<p>Elgin ist eine F\u00f6rderplattform f\u00fcr Erd\u00f6l und Erdgas des \u00d6lkonzerns Total. Sie befindet sich etwa 240 Kilometer \u00f6stlich von Aberdeen (Schottland). Die Wassertiefe in diesem Bereich betr\u00e4gt 93 Meter, die Lagerst\u00e4tten aus Sandstein befinden sich aber circa 5000 Meter unter der Meeresoberfl\u00e4che. Mit hohen Dr\u00fccken von 1100 bar und Temperaturen von 190 Grad Celsius mussten zur Erschlie\u00dfung der Lagerst\u00e4tten zahlreiche technische Schwierigkeiten \u00fcberwunden werden.<\/p>\n<p>&#171;Es zeigt sich wieder einmal mehr, dass Anlagen wie Gas- oder \u00d6lplattformen nicht unfallfrei betrieben werden k\u00f6nnen. Aber auch beim t\u00e4glichen Betrieb dieser Anlagen in der Nordsee flie\u00dfen j\u00e4hrlich 10.000 Tonnen \u00d6l ins Meer&#187;, sagt Kai Britt von Greenpeace Deutschland.<\/p>\n<p>Greenpeace hat <a href=\"http:\/\/www.greenpeace.de\/themen\/oel\/nachrichten\/artikel\/oelunfall_in_der_nordsee_jederzeit_moeglich\/\" target=\"_blank\" rel=\"noopener noreferrer\">in der Vergangenheit bei Fl\u00fcgen \u00fcber der Nordsee dokumentiert<\/a>, dass auch im normalen Betrieb &#8211; ohne Zwischenfall &#8211; \u00d6l austritt. Die durch \u00d6l- und Gasplattformen verursachte Verschmutzung ist aus der Luft deutlich in Form von \u00d6lteppichen sichtbar. Bei der F\u00f6rderung eines Gemischs aus \u00d6l, Gas und Wasser bleibt das sogenannte Produktionswasser \u00fcbrig. Dieses Wasser wird ins Meer geleitet &#8211; mitsamt der Restmengen an \u00d6l. Die enthaltenen Schadstoffe k\u00f6nnen so in die Nahrungskette gelangen und sich in Meereslebewesen anreichern.<\/p>\n<p><strong>\u00d6lkonzerne nehmen Zerst\u00f6rung wertvoller \u00d6kosysteme f\u00fcr mehr Profit in Kauf<\/strong><\/p>\n<p>Auf der Elgin Wellhead Platform werden die gef\u00f6rderten Rohprodukte aufbereitet und von dort aus \u00fcber Pipelines zur K\u00fcste transportiert. Laut Aussagen von David Hansworth, Sprecher von Total, kann es sein, dass f\u00fcr das Verschlie\u00dfen des Lecks l\u00e4ngere Zeit ben\u00f6tigt wird. Total hat bereits seine Notfallpl\u00e4ne f\u00fcr \u00d6lunf\u00e4lle aktiviert. Und auch Shell trifft entsprechende Vorsichtsma\u00dfnahmen: Wegen der austretenden Gase wurden 120 Personen von den f\u00fcnf Meilen entfernten Plattformen Shearwater und Hans Deul evakuiert.<\/p>\n<p>Eine unmittelbare Gefahr f\u00fcr die Umwelt besteht im Moment nicht, sagt Kai Britt. Die Explosionsgefahr ist das gr\u00f6\u00dfte Problem f\u00fcr die \u00d6larbeiter vor Ort, weshalb sie auch sofort evakuiert wurden. Bei einem Unfall 1988 in diesem Gebiet zerst\u00f6rte ein Feuer die Plattform Piper Alpha. 167 Leute kamen dabei ums Leben.<\/p>\n<p>\u00d6lkonzerne dringen zur Gewinnung von Rohstoffen in immer schwieriger beherrschbare Gebiete vor. Tiefseebohrungen waren bereits ein gro\u00dfer Schritt in die falsche Richtung. Aber der Wettlauf ums \u00d6l geht weiter: Shell plant in diesem Jahr mit \u00d6lbohrungen in der Arktis zu beginnen. Ein \u00d6lunfall in dieser Region h\u00e4tte katastrophale Folgen f\u00fcr das hochsensible und einzigartige \u00d6kosystem. Greenpeace hat bereits mit Aktionen Ende Februar und Mitte M\u00e4rz gegen Shells Pl\u00e4ne protestiert.<\/p>\n<\/p>\n<div class=\"listings items multy-border\">\n<h3 title=\"Hilf mit, die Arktis zu sch\u00fctzen!\">Hilf mit, die Arktis zu sch\u00fctzen!<\/h3>\n<div class=\"\">\n<ul>\n<li class=\"flexible-height\">\n    <a title=\"Zum Schutz der Arktis\" href=\"\/switzerland\/de\/Themen\/Stromzukunft-Schweiz\/Klima\/arctic-impacts\/arctic\/\" target=\"_blank\" rel=\"noopener noreferrer\">Zum Schutz der Arktis<\/a>\t<\/p>\n<p class=\"contenttype\">Seite<\/p>\n<\/li>\n<\/ul>\n<\/div>\n<\/div>\n<p>\u00a0<\/p>\n<p><a title=\"Spenden Sie f\u00fcr den Kampf gegen \u00d6l- und Gasbohrungen.\" href=\"https:\/\/spenden.greenpeace.ch\/live\/donate?utm_source=arctic&amp;utm_medium=leaderboard&amp;utm_campaign=arctic\" target=\"_blank\" rel=\"noopener noreferrer\"><img loading=\"lazy\" decoding=\"async\" src=\"https:\/\/www.greenpeace.ch\/wp-content\/uploads\/2017\/01\/banner_bohrinsel.jpg\" alt=\"\" width=\"600\" height=\"140\"><\/a><\/p>\n<\/div>\n<\/div>\n","protected":false},"excerpt":{"rendered":"<p>Um die Mittagszeit des 25. M\u00e4rz 2012 kam es an der Elgin Wellhead Platform in der Nordsee zu einem Leck an einem der Bohrl\u00f6cher. Durch dieses Leck str\u00f6mt nun unkontrolliert&hellip;<\/p>\n","protected":false},"author":23,"featured_media":13970,"comment_status":"closed","ping_status":"open","sticky":false,"template":"","format":"standard","meta":{"_acf_changed":false,"_planet4_optimize_post_is_variant":false,"_planet4_optimize_experiment_name":"","_planet4_optimize_variant_name":"","ep_exclude_from_search":false,"p4_og_title":"","p4_og_description":"","p4_og_image":"","p4_og_image_id":"","p4_seo_canonical_url":"","p4_campaign_name":"","p4_local_project":"","p4_basket_name":"","p4_department":"","footnotes":""},"categories":[1],"tags":[41],"p4-page-type":[75],"gpch-article-type":[],"class_list":["post-13968","post","type-post","status-publish","format-standard","has-post-thumbnail","hentry","category-unkategorisiert","tag-meer","p4-page-type-story"],"acf":[],"_links":{"self":[{"href":"https:\/\/www.greenpeace.ch\/de\/wp-json\/wp\/v2\/posts\/13968","targetHints":{"allow":["GET"]}}],"collection":[{"href":"https:\/\/www.greenpeace.ch\/de\/wp-json\/wp\/v2\/posts"}],"about":[{"href":"https:\/\/www.greenpeace.ch\/de\/wp-json\/wp\/v2\/types\/post"}],"author":[{"embeddable":true,"href":"https:\/\/www.greenpeace.ch\/de\/wp-json\/wp\/v2\/users\/23"}],"replies":[{"embeddable":true,"href":"https:\/\/www.greenpeace.ch\/de\/wp-json\/wp\/v2\/comments?post=13968"}],"version-history":[{"count":0,"href":"https:\/\/www.greenpeace.ch\/de\/wp-json\/wp\/v2\/posts\/13968\/revisions"}],"wp:featuredmedia":[{"embeddable":true,"href":"https:\/\/www.greenpeace.ch\/de\/wp-json\/wp\/v2\/media\/13970"}],"wp:attachment":[{"href":"https:\/\/www.greenpeace.ch\/de\/wp-json\/wp\/v2\/media?parent=13968"}],"wp:term":[{"taxonomy":"category","embeddable":true,"href":"https:\/\/www.greenpeace.ch\/de\/wp-json\/wp\/v2\/categories?post=13968"},{"taxonomy":"post_tag","embeddable":true,"href":"https:\/\/www.greenpeace.ch\/de\/wp-json\/wp\/v2\/tags?post=13968"},{"taxonomy":"p4-page-type","embeddable":true,"href":"https:\/\/www.greenpeace.ch\/de\/wp-json\/wp\/v2\/p4-page-type?post=13968"},{"taxonomy":"gpch-article-type","embeddable":true,"href":"https:\/\/www.greenpeace.ch\/de\/wp-json\/wp\/v2\/gpch-article-type?post=13968"}],"curies":[{"name":"wp","href":"https:\/\/api.w.org\/{rel}","templated":true}]}}