{"id":13975,"date":"2012-03-14T00:00:00","date_gmt":"2012-03-13T22:00:00","guid":{"rendered":"https:\/\/master.greenpeace.ch\/beitrag\/13975\/bkw-will-weiter-an-marodem-akw-muehleberg-basteln\/"},"modified":"2019-05-30T12:20:42","modified_gmt":"2019-05-30T10:20:42","slug":"bkw-will-weiter-an-marodem-akw-muehleberg-basteln","status":"publish","type":"post","link":"https:\/\/www.greenpeace.ch\/de\/story\/13975\/bkw-will-weiter-an-marodem-akw-muehleberg-basteln\/","title":{"rendered":"BKW will weiter an marodem AKW M\u00fchleberg basteln"},"content":{"rendered":"<p><b><\/b><\/p>\n<div class=\"post-content\">\n<div>\n<p><img decoding=\"async\" title=\"Super-GAU in M\u00fchleberg\" src=\"https:\/\/www.greenpeace.ch\/static\/planet4-switzerland-stateless\/2019\/05\/4165b3e6-4165b3e6-34235_67120.jpg\" alt=\"M\u00fchleberg, 11. M\u00e4rz 2012: Wie w\u00fcrde die Stadt Bern nach einem Atomunfall im AKW M\u00fchleberg Jahrzehnte nach der Katastrophe aussehen? Dies zeigt ein Demonstrant vor einer Fotokulisse am Menschenstrom gegen Atom 2012. Die Kulisse ist eine Fotomontage von Elephant Studios.\"><\/p>\n<p>Die BKW akzeptiert den Entscheid des Bundesverwaltungsgerichts nicht,\u00a0dem AKW M\u00fchleberg die unbefristete Betriebsbewilligung zu entziehen. Stattdessen will der Stromkonzern mit\u00a0einer Beschwerde ans Bundesgericht gelangen, wie er heute per Medienkonferenz verk\u00fcndete.<\/p>\n<p>Was die BKW heute unter dem Begriff &#171;Instandhaltungskonzept&#187; pr\u00e4sentiert hat, ist l\u00e4cherlich und ein Schlag ins Gesicht der Bev\u00f6lkerung, die sich um die Sicherheit des AKW M\u00fchleberg Sorgen macht. Als w\u00e4re der marode Atommeiler nicht heute schon ein Flickwerk, soll weiter daran herumgebastelt werden. \u00a0Die von der BKW vorgeschlagenen Massnahmen werden nichts zu Verbesserung der Sicherheit des AKW M\u00fchleberg beitragen:\u2028 Das Problem der Risse im Kernmantel wird durch neue Zuganker keineswegs gel\u00f6st, der Bau einer unterirdischen Leitung von der Saane her als zweite K\u00fchlwasserquelle wird Jahre dauern \u2013Jahre, w\u00e4hrend denen M\u00fchleberg weiterhin unsicher bleiben wird. \u2028Jeder zus\u00e4tzliche Rappen, der in das AKW M\u00fchleberg statt in die Energiewende in Bern investiert wird, ist verlorenes Geld \u2013 \u00a0nicht das AKW M\u00fchleberg, sondern die \u00a0BKW-Unternehmensstrategie braucht Zuganker!<\/p>\n<\/div>\n<\/div>\n","protected":false},"excerpt":{"rendered":"<p>Die BKW akzeptiert den Entscheid des Bundesverwaltungsgerichts nicht,\u00a0dem AKW M\u00fchleberg die unbefristete Betriebsbewilligung zu entziehen. Stattdessen will der Stromkonzern mit\u00a0einer Beschwerde ans Bundesgericht gelangen, wie er heute per Medienkonferenz verk\u00fcndete.&hellip;<\/p>\n","protected":false},"author":23,"featured_media":13977,"comment_status":"closed","ping_status":"open","sticky":false,"template":"","format":"standard","meta":{"_acf_changed":false,"_planet4_optimize_post_is_variant":false,"_planet4_optimize_experiment_name":"","_planet4_optimize_variant_name":"","ep_exclude_from_search":false,"p4_og_title":"","p4_og_description":"","p4_og_image":"","p4_og_image_id":"","p4_seo_canonical_url":"","p4_campaign_name":"","p4_local_project":"","p4_basket_name":"","p4_department":"","footnotes":""},"categories":[1],"tags":[42],"p4-page-type":[75],"gpch-article-type":[],"class_list":["post-13975","post","type-post","status-publish","format-standard","has-post-thumbnail","hentry","category-unkategorisiert","tag-energie","p4-page-type-story"],"acf":[],"_links":{"self":[{"href":"https:\/\/www.greenpeace.ch\/de\/wp-json\/wp\/v2\/posts\/13975","targetHints":{"allow":["GET"]}}],"collection":[{"href":"https:\/\/www.greenpeace.ch\/de\/wp-json\/wp\/v2\/posts"}],"about":[{"href":"https:\/\/www.greenpeace.ch\/de\/wp-json\/wp\/v2\/types\/post"}],"author":[{"embeddable":true,"href":"https:\/\/www.greenpeace.ch\/de\/wp-json\/wp\/v2\/users\/23"}],"replies":[{"embeddable":true,"href":"https:\/\/www.greenpeace.ch\/de\/wp-json\/wp\/v2\/comments?post=13975"}],"version-history":[{"count":0,"href":"https:\/\/www.greenpeace.ch\/de\/wp-json\/wp\/v2\/posts\/13975\/revisions"}],"wp:featuredmedia":[{"embeddable":true,"href":"https:\/\/www.greenpeace.ch\/de\/wp-json\/wp\/v2\/media\/13977"}],"wp:attachment":[{"href":"https:\/\/www.greenpeace.ch\/de\/wp-json\/wp\/v2\/media?parent=13975"}],"wp:term":[{"taxonomy":"category","embeddable":true,"href":"https:\/\/www.greenpeace.ch\/de\/wp-json\/wp\/v2\/categories?post=13975"},{"taxonomy":"post_tag","embeddable":true,"href":"https:\/\/www.greenpeace.ch\/de\/wp-json\/wp\/v2\/tags?post=13975"},{"taxonomy":"p4-page-type","embeddable":true,"href":"https:\/\/www.greenpeace.ch\/de\/wp-json\/wp\/v2\/p4-page-type?post=13975"},{"taxonomy":"gpch-article-type","embeddable":true,"href":"https:\/\/www.greenpeace.ch\/de\/wp-json\/wp\/v2\/gpch-article-type?post=13975"}],"curies":[{"name":"wp","href":"https:\/\/api.w.org\/{rel}","templated":true}]}}