{"id":13982,"date":"2012-03-13T00:00:00","date_gmt":"2012-03-12T22:00:00","guid":{"rendered":"https:\/\/master.greenpeace.ch\/beitrag\/13982\/menschenstrom-gegen-atom-klare-worte-und-sonnige-stimmung\/"},"modified":"2019-05-30T12:20:52","modified_gmt":"2019-05-30T10:20:52","slug":"menschenstrom-gegen-atom-klare-worte-und-sonnige-stimmung","status":"publish","type":"post","link":"https:\/\/www.greenpeace.ch\/de\/story\/13982\/menschenstrom-gegen-atom-klare-worte-und-sonnige-stimmung\/","title":{"rendered":"MenschenStrom gegen Atom. Klare Worte und sonnige Stimmung"},"content":{"rendered":"<p><b>Genau ein Jahr nach der grossen Atomkatastrophe von Fukushima sind am  11. M\u00e4rz rund 8\u2019000 Menschen am MenschenStrom gegen Atom vom Bahnhof  G\u00fcmmenen zum AKW M\u00fchleberg marschiert, mit klaren Forderungen an Politik  und Stromwirtschaft: Sofortige Ausserbetriebnahme der AKW M\u00fchleberg und  Beznau, Konkretisierung des Atomausstiegs sowie rascher und  konsequenter Umstieg auf erneuerbare Energiequellen<\/b><\/p>\n<div class=\"post-content\">\n<div>\n<p>Genau ein Jahr nach der grossen Atomkatastrophe von Fukushima sind am  11. M\u00e4rz rund 8\u2019000 Menschen am MenschenStrom gegen Atom vom Bahnhof  G\u00fcmmenen zum AKW M\u00fchleberg marschiert, mit klaren Forderungen an Politik  und Stromwirtschaft: Sofortige Ausserbetriebnahme der AKW M\u00fchleberg und  Beznau, Konkretisierung des Atomausstiegs sowie rascher und  konsequenter Umstieg auf erneuerbare Energiequellen<\/p>\n<p>Ziel der Wanderung: Ein Feld mit Blick auf das AKW M\u00fchleberg, wo die  Teilnehmenden ein abwechslungsreiches Programm erwartete mit Reden,  Podiumsdiskussionen und viel Musik.<\/p>\n<p>Greenpeace war mit einem Stand auf dem Kundgebungsplatz dabei.  F\u00fcr die <a title=\"Menschenstrom\" href=\"http:\/\/www.greenpeace.org\/switzerland\/de\/Kampagnen\/Stromzukunft-Schweiz\/Teil-der-Bewegung\/Menschenstrom-2012-Hub\/\" target=\"_blank\" rel=\"noopener noreferrer\">Online-FOTOGALERIE <\/a>posierten Teilnehmende posierten Teilnehmende  vor den Bildern der aktuellen Kampagne\u00a0\u00abM\u00fchleberg vom Netz. Jetzt!\u00bb.<\/p>\n<p><a title=\"Menschenstrom\" href=\"http:\/\/www.greenpeace.org\/switzerland\/de\/Kampagnen\/Stromzukunft-Schweiz\/Teil-der-Bewegung\/Menschenstrom-2012-Hub\/\" target=\"_blank\" rel=\"noopener noreferrer\"><img decoding=\"async\" title=\"Greenpeace-Fotogalerie \u00abBern nach dem GAU\u00bb \" src=\"https:\/\/www.greenpeace.ch\/static\/planet4-switzerland-stateless\/2019\/05\/682050d8-682050d8-34178_67008.jpg\" alt=\"Fotogalerie \u00abBern nach dem GAU\u00bb\"><\/a><\/p>\n<p><a title=\"Spenden Sie f\u00fcr den Kampf gegen die Atomkraft!\" href=\"https:\/\/spenden.greenpeace.ch\/live\/donate?utm_source=atom&amp;utm_medium=leaderboard&amp;utm_campaign=atom\" target=\"_blank\" rel=\"noopener noreferrer\"><img decoding=\"async\" title=\"Unterst\u00fctzen Sie uns im Kampg gegen die Atomkraft\" src=\"https:\/\/www.greenpeace.ch\/wp-content\/uploads\/2017\/01\/34181_67017.jpg\" alt=\"Unterst\u00fctzen Sie uns im Kampf gegen die Atomkraft\"><\/a><\/p>\n<\/div>\n<\/div>\n","protected":false},"excerpt":{"rendered":"<p>Genau ein Jahr nach der grossen Atomkatastrophe von Fukushima sind am 11. M\u00e4rz rund 8\u2019000 Menschen am MenschenStrom gegen Atom vom Bahnhof G\u00fcmmenen zum AKW M\u00fchleberg marschiert, mit klaren Forderungen&hellip;<\/p>\n","protected":false},"author":23,"featured_media":13984,"comment_status":"closed","ping_status":"open","sticky":false,"template":"","format":"standard","meta":{"_acf_changed":false,"_planet4_optimize_post_is_variant":false,"_planet4_optimize_experiment_name":"","_planet4_optimize_variant_name":"","ep_exclude_from_search":false,"p4_og_title":"","p4_og_description":"","p4_og_image":"","p4_og_image_id":"","p4_seo_canonical_url":"","p4_campaign_name":"","p4_local_project":"","p4_basket_name":"","p4_department":"","footnotes":""},"categories":[1],"tags":[42],"p4-page-type":[75],"gpch-article-type":[],"class_list":["post-13982","post","type-post","status-publish","format-standard","has-post-thumbnail","hentry","category-unkategorisiert","tag-energie","p4-page-type-story"],"acf":[],"_links":{"self":[{"href":"https:\/\/www.greenpeace.ch\/de\/wp-json\/wp\/v2\/posts\/13982","targetHints":{"allow":["GET"]}}],"collection":[{"href":"https:\/\/www.greenpeace.ch\/de\/wp-json\/wp\/v2\/posts"}],"about":[{"href":"https:\/\/www.greenpeace.ch\/de\/wp-json\/wp\/v2\/types\/post"}],"author":[{"embeddable":true,"href":"https:\/\/www.greenpeace.ch\/de\/wp-json\/wp\/v2\/users\/23"}],"replies":[{"embeddable":true,"href":"https:\/\/www.greenpeace.ch\/de\/wp-json\/wp\/v2\/comments?post=13982"}],"version-history":[{"count":0,"href":"https:\/\/www.greenpeace.ch\/de\/wp-json\/wp\/v2\/posts\/13982\/revisions"}],"wp:featuredmedia":[{"embeddable":true,"href":"https:\/\/www.greenpeace.ch\/de\/wp-json\/wp\/v2\/media\/13984"}],"wp:attachment":[{"href":"https:\/\/www.greenpeace.ch\/de\/wp-json\/wp\/v2\/media?parent=13982"}],"wp:term":[{"taxonomy":"category","embeddable":true,"href":"https:\/\/www.greenpeace.ch\/de\/wp-json\/wp\/v2\/categories?post=13982"},{"taxonomy":"post_tag","embeddable":true,"href":"https:\/\/www.greenpeace.ch\/de\/wp-json\/wp\/v2\/tags?post=13982"},{"taxonomy":"p4-page-type","embeddable":true,"href":"https:\/\/www.greenpeace.ch\/de\/wp-json\/wp\/v2\/p4-page-type?post=13982"},{"taxonomy":"gpch-article-type","embeddable":true,"href":"https:\/\/www.greenpeace.ch\/de\/wp-json\/wp\/v2\/gpch-article-type?post=13982"}],"curies":[{"name":"wp","href":"https:\/\/api.w.org\/{rel}","templated":true}]}}