{"id":13986,"date":"2012-03-16T00:00:00","date_gmt":"2012-03-15T22:00:00","guid":{"rendered":"https:\/\/master.greenpeace.ch\/beitrag\/13986\/greenpeace-kletterer-ketten-sich-an-shell-eisbrecher\/"},"modified":"2019-05-30T12:21:05","modified_gmt":"2019-05-30T10:21:05","slug":"greenpeace-kletterer-ketten-sich-an-shell-eisbrecher","status":"publish","type":"post","link":"https:\/\/www.greenpeace.ch\/de\/story\/13986\/greenpeace-kletterer-ketten-sich-an-shell-eisbrecher\/","title":{"rendered":"Greenpeace-Kletterer ketten sich an Shell-Eisbrecher"},"content":{"rendered":"<p><b>Zoom<\/p>\n<p>        Freitag, 16. M\u00e4rz 2012<br \/>\n        Banner am Eisbrecher<\/p>\n<p>            \u00a9 Greenpeace<\/p>\n<p> Aktivisten protestieren gegen geplante \u00d6lbohrungen in der Arktis<\/b><\/p>\n<div class=\"post-content\">\n<div>\n<p><dfn><\/p>\n<div class=\"events-box small-box left\">\n<div class=\"frame\">\n        <a class=\"open-img EnlargeImage\" href=\"https:\/\/www.greenpeace.ch\/static\/planet4-switzerland-stateless\/2019\/05\/86c0cf87-86c0cf87-120316_helsinki_shell_95.jpg\" title=\"Banner am Eisbrecher\"><br \/>\n            <img decoding=\"async\" id=\"ctl00_cphContentArea_epiEntryContent_ctl00_ctl02_Image1\" title=\"Banner am Eisbrecher\" class=\"Thumbnail\" src=\"https:\/\/www.greenpeace.ch\/static\/planet4-switzerland-stateless\/2019\/05\/86c0cf87-86c0cf87-120316_helsinki_shell_95.jpg\" alt=\"Banner am Eisbrecher\" style=\"border-width:0px;\"><\/p>\n<p>        <\/a>\n    <\/div>\n<div class=\"events-content\">\n        <span class=\"date\">Freitag, 16. M\u00e4rz 2012<\/span><br \/>\n        <strong>Banner am Eisbrecher<\/strong><\/p>\n<p>\n            \u00a9 Greenpeace\n        <\/p>\n<\/p>\n<\/div>\n<\/div>\n<p> Aktivisten protestieren gegen geplante \u00d6lbohrungen in der Arktis<\/dfn><\/p>\n<p>\u00a0<\/p>\n<p>Aus Protest gegen die Pl\u00e4ne von <dfn>Shell<\/dfn>, in der Arktis nach \u00d6l zu bohren, haben sich zehn Kletterer von Greenpeace in Finnland an zwei Eisbrecher in Helsinki gekettet. Die von <dfn>Shell<\/dfn> gecharterten Eisbrecher <em>Fennica<\/em> und <em>Nordica<\/em> sollen die Bohrstelle vor Alaska von Eis freihalten. Stopp <dfn>Shell<\/dfn> und Sch\u00fctzt die Arktis ist auf Bannern zu lesen. Bereits im Juli will <dfn>Shell<\/dfn> mit der \u00d6lsuche beginnen.<\/p>\n<p>\u00a0<\/p>\n<p>\u00a0<\/p>\n<p>\u00a0<\/p>\n<p><strong><\/p>\n<div class=\"events-box small-box left\">\n<div class=\"frame\">\n        <a class=\"open-img EnlargeImage\" href=\"https:\/\/www.greenpeace.ch\/static\/planet4-switzerland-stateless\/2019\/05\/56ed56bf-56ed56bf-120316_helsinki_shell_97.jpg\" title=\"Banner gegen Shell\"><br \/>\n            <img decoding=\"async\" id=\"ctl00_cphContentArea_epiEntryContent_ctl00_ctl04_Image1\" title=\"Banner gegen Shell\" class=\"Thumbnail\" src=\"https:\/\/www.greenpeace.ch\/static\/planet4-switzerland-stateless\/2019\/05\/56ed56bf-56ed56bf-120316_helsinki_shell_97.jpg\" alt=\"Banner gegen Shell\" style=\"border-width:0px;\"><\/p>\n<p>        <\/a>\n    <\/div>\n<div class=\"events-content\">\n        <span class=\"date\">Freitag, 16. M\u00e4rz 2012<\/span><br \/>\n        <strong>Banner gegen Shell<\/strong><\/p>\n<p>\n            \u00a9 Greenpeace\n        <\/p>\n<\/p>\n<\/div>\n<\/div>\n<p> Shell hat aus der Auseinandersetzung um die \u00d6lplattform <em>Brent Spar<\/em> nichts gelernt. <dfn>Shell<\/dfn> arbeitet weiter nach dem Motto: Profit ist alles \u2013 die Umwelt ist uns egal. Ein \u00d6lunfall wie bei der Deepwater Horizon w\u00fcrde das einmalige und sehr empfindliche \u00d6kosystem der Arktis zerst\u00f6ren. Greenpeace fordert <dfn>Shell<\/dfn> auf, in der Arktis nicht nach \u00d6l zu bohren, da die Bohrungen hier besonders gef\u00e4hrlich sind.<\/strong><\/p>\n<p><strong> <\/strong><\/p>\n<p><strong>Die extremen Wetterbedingungen, die niedrigen Temperaturen und das kurze Zeitfenster in den Sommermonaten machen das Bohren nach \u00d6l in der Arktis zu einem unkalkulierbaren Wagnis. Die Aktivisten von Greenpeace Finnland verteilen deshalb Besen an die Besatzungsmitglieder der Eisbrecher. Diese sollen symbolisieren, dass Besen und Schaufel noch heute die Hilfsmittel sind, um \u00d6l von Eis zu entfernen. Beseitigen von ausgelaufenem \u00d6l in der Polarregion ist so gut wie unm\u00f6glich, technische Hilfsmittel gibt es fast keine. Die Folgen des Tankerungl\u00fccks der <em>ExxonValdez<\/em> vor der K\u00fcste von Alaska vor rund 23 Jahren sind noch heute sichtbar.<\/strong><\/p>\n<p><strong><\/p>\n<p>Bereits Ende Februar protestierten Greenpeace-Aktivisten in Neuseeland gegen das Bohrschiff, das die geplanten \u00d6lbohrungen in der Arktis durchf\u00fchren soll. Die Aktivisten ketteten sich <a href=\"http:\/\/www.greenpeace.org\/switzerland\/de\/News_Stories\/Newsblog\/neuseeland-protest-gegen-zerstoerung-der-arkt\/blog\/39189\/\" target=\"_blank\" rel=\"noopener noreferrer\">vier Tage lang<\/a> an den Bohrturm <a href=\"http:\/\/www.greenpeace.org\/switzerland\/de\/News_Stories\/Newsblog\/neuseeland-protest-auf-oelbohrschiff-beendet\/blog\/39244\/\" target=\"_blank\" rel=\"noopener noreferrer\">des Schiffes Noble Discoverer.<\/a> Die Eisbrecher aus Helsinki sollen in der Arktis mit dem Bohrschiff zusammentreffen.<\/p>\n<p><dfn>Shell<\/dfn> ist der erste grosse internationale \u00d6lkonzern, der die Ausbeutung der Arktis vorantreibt. Wenn bei den Bohrungen in diesem Sommer \u00d6l gefunden wird, werden andere \u00d6l-Konzerne mit Milliardeninvestitionen nachziehen und ebenfalls in die Region gehen. Experten vermuten etwa 90 Milliarden Barrel (ein Barrel= 159Liter) \u00d6l in der Arktis, das meiste davon unter dem Meeresboden. Diese Menge w\u00fcrde reichen, um den derzeitigen Weltverbrauch f\u00fcr etwa drei Jahre zu decken.<\/p>\n<p>Greenpeace hat im Internet eine <a href=\"http:\/\/www.greenpeace.org\/switzerland\/de\/Kampagnen\/Stromzukunft-Schweiz\/Klima\/arctic-impacts\/arctic\/\">Mitmachaktion<\/a> gestartet. Unterst\u00fctzer k\u00f6nnen eine Protestmail an den verantwortlichen Gesch\u00e4ftsf\u00fchrer von <dfn>Shell<\/dfn>, Peter Voser, senden.<\/p>\n<p><a href=\"\/switzerland\/de\/Kampagnen\/Stromzukunft-Schweiz\/Klima\/arctic-impacts\/arctic\/\"><img loading=\"lazy\" decoding=\"async\" src=\"https:\/\/www.greenpeace.ch\/wp-content\/uploads\/2017\/01\/110907_petition.jpg\" alt=\"\" width=\"218\" height=\"72\"><\/a><\/p>\n<p><\/strong><\/p>\n<p>\u00a0<\/p>\n<\/div>\n<\/div>\n","protected":false},"excerpt":{"rendered":"<p>Zoom Freitag, 16. M\u00e4rz 2012 Banner am Eisbrecher \u00a9 Greenpeace Aktivisten protestieren gegen geplante \u00d6lbohrungen in der Arktis Freitag, 16. M\u00e4rz 2012 Banner am Eisbrecher \u00a9 Greenpeace Aktivisten protestieren gegen&hellip;<\/p>\n","protected":false},"author":23,"featured_media":13988,"comment_status":"closed","ping_status":"open","sticky":false,"template":"","format":"standard","meta":{"_acf_changed":false,"_planet4_optimize_post_is_variant":false,"_planet4_optimize_experiment_name":"","_planet4_optimize_variant_name":"","ep_exclude_from_search":false,"p4_og_title":"","p4_og_description":"","p4_og_image":"","p4_og_image_id":"","p4_seo_canonical_url":"","p4_campaign_name":"","p4_local_project":"","p4_basket_name":"","p4_department":"","footnotes":""},"categories":[1],"tags":[41],"p4-page-type":[75],"gpch-article-type":[],"class_list":["post-13986","post","type-post","status-publish","format-standard","has-post-thumbnail","hentry","category-unkategorisiert","tag-meer","p4-page-type-story"],"acf":[],"_links":{"self":[{"href":"https:\/\/www.greenpeace.ch\/de\/wp-json\/wp\/v2\/posts\/13986","targetHints":{"allow":["GET"]}}],"collection":[{"href":"https:\/\/www.greenpeace.ch\/de\/wp-json\/wp\/v2\/posts"}],"about":[{"href":"https:\/\/www.greenpeace.ch\/de\/wp-json\/wp\/v2\/types\/post"}],"author":[{"embeddable":true,"href":"https:\/\/www.greenpeace.ch\/de\/wp-json\/wp\/v2\/users\/23"}],"replies":[{"embeddable":true,"href":"https:\/\/www.greenpeace.ch\/de\/wp-json\/wp\/v2\/comments?post=13986"}],"version-history":[{"count":0,"href":"https:\/\/www.greenpeace.ch\/de\/wp-json\/wp\/v2\/posts\/13986\/revisions"}],"wp:featuredmedia":[{"embeddable":true,"href":"https:\/\/www.greenpeace.ch\/de\/wp-json\/wp\/v2\/media\/13988"}],"wp:attachment":[{"href":"https:\/\/www.greenpeace.ch\/de\/wp-json\/wp\/v2\/media?parent=13986"}],"wp:term":[{"taxonomy":"category","embeddable":true,"href":"https:\/\/www.greenpeace.ch\/de\/wp-json\/wp\/v2\/categories?post=13986"},{"taxonomy":"post_tag","embeddable":true,"href":"https:\/\/www.greenpeace.ch\/de\/wp-json\/wp\/v2\/tags?post=13986"},{"taxonomy":"p4-page-type","embeddable":true,"href":"https:\/\/www.greenpeace.ch\/de\/wp-json\/wp\/v2\/p4-page-type?post=13986"},{"taxonomy":"gpch-article-type","embeddable":true,"href":"https:\/\/www.greenpeace.ch\/de\/wp-json\/wp\/v2\/gpch-article-type?post=13986"}],"curies":[{"name":"wp","href":"https:\/\/api.w.org\/{rel}","templated":true}]}}