{"id":13996,"date":"2012-03-07T00:00:00","date_gmt":"2012-03-06T22:00:00","guid":{"rendered":"https:\/\/master.greenpeace.ch\/beitrag\/13996\/apple-schoener-ipad-schmutzige-wolke\/"},"modified":"2019-05-30T12:21:22","modified_gmt":"2019-05-30T10:21:22","slug":"apple-schoener-ipad-schmutzige-wolke","status":"publish","type":"post","link":"https:\/\/www.greenpeace.ch\/de\/story\/13996\/apple-schoener-ipad-schmutzige-wolke\/","title":{"rendered":"Apple: sch\u00f6ner iPad, schmutzige Wolke"},"content":{"rendered":"<p><b><\/b><\/p>\n<div class=\"post-content\">\n<div>\n<p><img decoding=\"async\" src=\"https:\/\/www.greenpeace.ch\/static\/planet4-switzerland-stateless\/2019\/05\/a2fc2a2d-a2fc2a2d-33987_66568.jpg\" alt=\"\"><\/p>\n<p><strong>Heute lanciert der Computer-Konzern Apple seinen neuen Tablet-Computer iPad 3 oder iPad HD. Was wir \u00fcber all der Freude am neuen Wunderding nicht vergessen sollten: Apple braucht immer gigantischere Energiemengen f\u00fcr seine iCloud und Datenfarmen \u2013 und setzt auf schmutzigen Strom aus Kohle.<\/strong><\/p>\n<p>Greenpeace Senior Policy Analyst Gary Cook erkl\u00e4rt, was dem neuen Apple-Gadget wirklich noch fehlt:\u00a0<\/p>\n<p><em>\u00abNeben all den neuen Eigenschaften und Anwendungen des neuen iPad bleibt uns Apple noch immer die wichtigste von allen schuldig: eine iCloud, die mit erneuerbarer Energie gespeist wird.<\/em><\/p>\n<p><em>Innovative Tablet-Computer wie Apples neuestes iPad nutzen die \u00abCloud\u00bb, also\u00a0<span>jene digitale \u00abWolke\u00bb, oder Sph\u00e4re, in der User Daten wie Bilder, Musik und Dokumente speichern k\u00f6nnen. Wie auch der Rest der Welt, st\u00fctzt sich auch Greenpeace auf diese Technologie und begr\u00fcsst seine M\u00f6glichkeiten. Aber cloud-basierte Speicherung und Verarbeitung von Daten verlagert diese in energie-intensive Computer-Farmen oder Daten-Zentren, die in gewaltiger Weise wachsen.<\/span><\/em><\/p>\n<p><em>Apple k\u00f6nnte seinen innovativen Geist, der in seinem neuesten iPad wieder deutlich wird, auch auf seine iCloud ausdehnen, indem sie letztere mit erneuerbaren Energien wie Wind und Solarkraft speist. Oder aber, der Konzern wird weiter hinter der \u00fcbrigen Industrie hinterher hinken, indem er sich an Kohlekraft klammert \u2013 einer Energie aus dem 19. Jahrhundert, die das Klima und ganze Lebensr\u00e4ume vergiftet.\u00bb<\/em><em><span><img decoding=\"async\" style=\"float: right;\" title=\"iPad3\" src=\"https:\/\/www.greenpeace.ch\/static\/planet4-switzerland-stateless\/2019\/05\/bd220af9-bd220af9-33988_66573.jpg\" alt=\"iPad 3\"><\/span><\/em><\/p>\n<p><strong>Nur 10 Prozent erneuerbar<\/strong><\/p>\n<p>Wenn der gesamte Energieverbrauch der globalen \u00abCloud\u00bb mit dem eines Landes verglichen w\u00fcrde, w\u00fcrde sie unter den f\u00fcnf gr\u00f6ssten Staaten des Planeten rangieren. Dieser Verbrauch soll sich in den n\u00e4chsten 10 Jahren sogar noch verdoppeln oder verdreifachen! Laufende Vorhersagen f\u00fcr die Industrie gehen davon aus, dass weltweit j\u00e4hrlich gegen 450 Milliarden Franken in neue Daten-Zentren investiert werden, was einem Strombedarf von rund 20 Prozent entspricht. Leider werden diese Investitionen zu oft in Regionen gemacht, die vornehmlich aus schmutzigen Energiequellen gespiesen werden.<\/p>\n<p>Apples neuester iPad ist eng vernetzt mit seinem <a title=\"Englische Seite\" href=\"http:\/\/www.greenpeace.org\/international\/en\/news\/Blogs\/Cool-IT\/apples-growing-icloud-the-good-the-bad-and-th\/blog\/39202\/\" target=\"_blank\" rel=\"noopener noreferrer\">eigenen \u00abiCloud\u00bb<\/a>. Die iCloud \u00ablebt\u00bb in einem k\u00fcrzlich fertiggestellten gigantischen Daten-Zentrum in North Carolina, USA, das seinen Strom von Duke Energy kauft \u2013 einer Einrichtung, die sehr stark von schmutzigen Energietr\u00e4gern wie Kohle abh\u00e4ngig ist. Apple versichert zwar, dass es eine Solarfarm und ein Brennstoffzellen-Kraftwerk bauen will, um das Zentrum zu versorgen. Aber diese Investitionen werden f\u00fcr h\u00f6chstens 10 Prozent des Strombedarfs aufkommen.\u00a0<\/p>\n<p><strong>Wie schmutzig sind Daten?<\/strong><\/p>\n<p><img decoding=\"async\" style=\"float: left; margin-top: 5px; margin-bottom: 5px;\" title='Aktion gegen Duke der US-NGO \"Rising Tide North America\"' src=\"https:\/\/www.greenpeace.ch\/static\/planet4-switzerland-stateless\/2019\/05\/b6da109a-b6da109a-33989_66575.jpg\" alt='Aktion gegen Duke der US-NGO \"Rising Tide North America\"' width=\"300\">Andere IT-Konzerne \u2013 Google, Yahoo, Facebook \u2013 \u00fcberfl\u00fcgeln Apple, indem sie ihre Daten-Zentren besser ansiedeln, st\u00e4rker in erneuerbare Energien investieren und sich f\u00fcr eine bessere Verf\u00fcgbarkeit von gr\u00fcnem Strom in naher Zukunft einsetzen. Apple hat bisher zwei der schmutzigsten Einrichtungen der USA gew\u00e4hlt (Duke Energy; Pacific Corp in Oregon), um seine iCloud anzutreiben.<\/p>\n<p>N\u00e4here Informationen dazu, wie IT-Konzerne ihre Clouds versorgen, gibt der Greenpeace-Report <a title=\"Englishsprachige Seite\" href=\"http:\/\/www.greenpeace.org\/international\/en\/publications\/reports\/How-dirty-is-your-data\/\" target=\"_blank\" rel=\"noopener noreferrer\">\u00abHow Dirty is your Data?\u00bb<\/a>\u00a0 (\u00abWie schmutzig sind unsere Daten\u00bb) Auskunft. Er erscheint im April in \u00fcberarbeiteter und erweiterter Fassung.<\/p>\n<p>&gt; Mehr <a title=\"Englische Seite\" href=\"http:\/\/www.greenpeace.org\/usa\/en\/news-and-blogs\/news\/the-ipad-internet-climate-change-100329\/\" target=\"_self\" rel=\"noopener noreferrer\">Infos von Greenpeace USA<\/a>.<\/p>\n<p>&gt; Was tun? Sich unserer <a title=\"Unfiend Coal\" href=\"http:\/\/www.facebook.com\/unfriendcoal\" target=\"_blank\" rel=\"noopener noreferrer\">\u00abUnfriend Coal\u00bb-Kampagne auf Facebook<\/a> anschliessen.<\/p>\n<\/div>\n<\/div>\n","protected":false},"excerpt":{"rendered":"<p>Heute lanciert der Computer-Konzern Apple seinen neuen Tablet-Computer iPad 3 oder iPad HD. Was wir \u00fcber all der Freude am neuen Wunderding nicht vergessen sollten: Apple braucht immer gigantischere Energiemengen&hellip;<\/p>\n","protected":false},"author":23,"featured_media":13998,"comment_status":"closed","ping_status":"open","sticky":false,"template":"","format":"standard","meta":{"_acf_changed":false,"_planet4_optimize_post_is_variant":false,"_planet4_optimize_experiment_name":"","_planet4_optimize_variant_name":"","ep_exclude_from_search":false,"p4_og_title":"","p4_og_description":"","p4_og_image":"","p4_og_image_id":"","p4_seo_canonical_url":"","p4_campaign_name":"","p4_local_project":"","p4_basket_name":"","p4_department":"","footnotes":""},"categories":[1],"tags":[50],"p4-page-type":[75],"gpch-article-type":[],"class_list":["post-13996","post","type-post","status-publish","format-standard","has-post-thumbnail","hentry","category-unkategorisiert","tag-klima","p4-page-type-story"],"acf":[],"_links":{"self":[{"href":"https:\/\/www.greenpeace.ch\/de\/wp-json\/wp\/v2\/posts\/13996","targetHints":{"allow":["GET"]}}],"collection":[{"href":"https:\/\/www.greenpeace.ch\/de\/wp-json\/wp\/v2\/posts"}],"about":[{"href":"https:\/\/www.greenpeace.ch\/de\/wp-json\/wp\/v2\/types\/post"}],"author":[{"embeddable":true,"href":"https:\/\/www.greenpeace.ch\/de\/wp-json\/wp\/v2\/users\/23"}],"replies":[{"embeddable":true,"href":"https:\/\/www.greenpeace.ch\/de\/wp-json\/wp\/v2\/comments?post=13996"}],"version-history":[{"count":0,"href":"https:\/\/www.greenpeace.ch\/de\/wp-json\/wp\/v2\/posts\/13996\/revisions"}],"wp:featuredmedia":[{"embeddable":true,"href":"https:\/\/www.greenpeace.ch\/de\/wp-json\/wp\/v2\/media\/13998"}],"wp:attachment":[{"href":"https:\/\/www.greenpeace.ch\/de\/wp-json\/wp\/v2\/media?parent=13996"}],"wp:term":[{"taxonomy":"category","embeddable":true,"href":"https:\/\/www.greenpeace.ch\/de\/wp-json\/wp\/v2\/categories?post=13996"},{"taxonomy":"post_tag","embeddable":true,"href":"https:\/\/www.greenpeace.ch\/de\/wp-json\/wp\/v2\/tags?post=13996"},{"taxonomy":"p4-page-type","embeddable":true,"href":"https:\/\/www.greenpeace.ch\/de\/wp-json\/wp\/v2\/p4-page-type?post=13996"},{"taxonomy":"gpch-article-type","embeddable":true,"href":"https:\/\/www.greenpeace.ch\/de\/wp-json\/wp\/v2\/gpch-article-type?post=13996"}],"curies":[{"name":"wp","href":"https:\/\/api.w.org\/{rel}","templated":true}]}}