{"id":14006,"date":"2012-03-07T00:00:00","date_gmt":"2012-03-06T22:00:00","guid":{"rendered":"https:\/\/master.greenpeace.ch\/beitrag\/14006\/muehleberg-muss-vom-netz-jetzt\/"},"modified":"2019-05-30T12:21:34","modified_gmt":"2019-05-30T10:21:34","slug":"muehleberg-muss-vom-netz-jetzt","status":"publish","type":"post","link":"https:\/\/www.greenpeace.ch\/de\/story\/14006\/muehleberg-muss-vom-netz-jetzt\/","title":{"rendered":"M\u00fchleberg muss vom Netz. Jetzt!"},"content":{"rendered":"<p><b>Das hat heute auch das Bundesverwaltungsgericht in seinem Urteil gesagt, indem es dem problembelasteten AKW die unbefristete Betriebsbewilligung entziehen will.<\/b><\/p>\n<div class=\"post-content\">\n<div>\n<p>Das hat heute auch das Bundesverwaltungsgericht in seinem Urteil gesagt, indem es dem problembelasteten AKW die unbefristete Betriebsbewilligung entziehen will.<\/p>\n<p>Greenpeace begr\u00fcsst diesen Entscheid. Wir appellieren an die BKW als Betreiberin und den Kanton Bern als Hauptaktion\u00e4r, diesen Gerichtsentscheid ohne Wenn und Aber zu akzeptieren und M\u00fchleberg sofort still zu legen.<\/p>\n<p>Das Urteil ist ein Etappensieg f\u00fcr die Sicherheit der Schweizer Bev\u00f6lkerung. Es stellt dem Ensi und dem Uvek in ihrer Sicherheitsbeurteilung ein schlechtes Zeugnis aus. Greenpeace fordert, dass auch dem AKW Beznau \u00a0die unbefristete Betriebsbewilligung entzogen wird: Es ist mit vergleichbaren Sicherheitsm\u00e4ngeln wie M\u00fchleberg behaftet und das \u00e4lteste AKW der ganzen Welt!<\/p>\n<p><a href=\"https:\/\/spenden.greenpeace.ch\/live\/donate?utm_source=atom&amp;utm_medium=leaderboard&amp;utm_campaign=atom\" target=\"_blank\" rel=\"noopener noreferrer\"><img loading=\"lazy\" decoding=\"async\" src=\"https:\/\/www.greenpeace.ch\/static\/planet4-switzerland-stateless\/2019\/05\/0f8e42b7-0f8e42b7-banner_atom_615.jpg\" alt=\"\" width=\"600\" height=\"110\"><\/a><\/p>\n<\/div>\n<\/div>\n","protected":false},"excerpt":{"rendered":"<p>Das hat heute auch das Bundesverwaltungsgericht in seinem Urteil gesagt, indem es dem problembelasteten AKW die unbefristete Betriebsbewilligung entziehen will. Das hat heute auch das Bundesverwaltungsgericht in seinem Urteil gesagt,&hellip;<\/p>\n","protected":false},"author":23,"featured_media":13945,"comment_status":"closed","ping_status":"open","sticky":false,"template":"","format":"standard","meta":{"_acf_changed":false,"_planet4_optimize_post_is_variant":false,"_planet4_optimize_experiment_name":"","_planet4_optimize_variant_name":"","ep_exclude_from_search":false,"p4_og_title":"","p4_og_description":"","p4_og_image":"","p4_og_image_id":"","p4_seo_canonical_url":"","p4_campaign_name":"","p4_local_project":"","p4_basket_name":"","p4_department":"","footnotes":""},"categories":[1],"tags":[42],"p4-page-type":[75],"gpch-article-type":[],"class_list":["post-14006","post","type-post","status-publish","format-standard","has-post-thumbnail","hentry","category-unkategorisiert","tag-energie","p4-page-type-story"],"acf":[],"_links":{"self":[{"href":"https:\/\/www.greenpeace.ch\/de\/wp-json\/wp\/v2\/posts\/14006","targetHints":{"allow":["GET"]}}],"collection":[{"href":"https:\/\/www.greenpeace.ch\/de\/wp-json\/wp\/v2\/posts"}],"about":[{"href":"https:\/\/www.greenpeace.ch\/de\/wp-json\/wp\/v2\/types\/post"}],"author":[{"embeddable":true,"href":"https:\/\/www.greenpeace.ch\/de\/wp-json\/wp\/v2\/users\/23"}],"replies":[{"embeddable":true,"href":"https:\/\/www.greenpeace.ch\/de\/wp-json\/wp\/v2\/comments?post=14006"}],"version-history":[{"count":0,"href":"https:\/\/www.greenpeace.ch\/de\/wp-json\/wp\/v2\/posts\/14006\/revisions"}],"wp:featuredmedia":[{"embeddable":true,"href":"https:\/\/www.greenpeace.ch\/de\/wp-json\/wp\/v2\/media\/13945"}],"wp:attachment":[{"href":"https:\/\/www.greenpeace.ch\/de\/wp-json\/wp\/v2\/media?parent=14006"}],"wp:term":[{"taxonomy":"category","embeddable":true,"href":"https:\/\/www.greenpeace.ch\/de\/wp-json\/wp\/v2\/categories?post=14006"},{"taxonomy":"post_tag","embeddable":true,"href":"https:\/\/www.greenpeace.ch\/de\/wp-json\/wp\/v2\/tags?post=14006"},{"taxonomy":"p4-page-type","embeddable":true,"href":"https:\/\/www.greenpeace.ch\/de\/wp-json\/wp\/v2\/p4-page-type?post=14006"},{"taxonomy":"gpch-article-type","embeddable":true,"href":"https:\/\/www.greenpeace.ch\/de\/wp-json\/wp\/v2\/gpch-article-type?post=14006"}],"curies":[{"name":"wp","href":"https:\/\/api.w.org\/{rel}","templated":true}]}}