{"id":14009,"date":"2012-02-29T00:00:00","date_gmt":"2012-02-28T22:00:00","guid":{"rendered":"https:\/\/master.greenpeace.ch\/beitrag\/14009\/das-ensi-schreibt-bei-der-japanischen-atomlobby-ab\/"},"modified":"2019-05-30T12:21:45","modified_gmt":"2019-05-30T10:21:45","slug":"das-ensi-schreibt-bei-der-japanischen-atomlobby-ab","status":"publish","type":"post","link":"https:\/\/www.greenpeace.ch\/de\/story\/14009\/das-ensi-schreibt-bei-der-japanischen-atomlobby-ab\/","title":{"rendered":"Das ENSI schreibt bei der Japanischen Atomlobby ab"},"content":{"rendered":"<p><b>Zoom<\/p>\n<p>        1 Jahr nach dem GAU unver\u00e4ndert hohe Strahlenwerte.<\/p>\n<p>Unter dem Titel \u00ab1 Jahr Fukushima: Weiterhin grosse Anstrengungen bei Aufr\u00e4umarbeiten\u00bb\u00a0 beschreibt die Schweizer Atomaufsichtsbeh\u00f6rde ENSI\u00a0 auf ihrer Homepage, wie sich die aktuelle Lage in Japan ein Jahr nach dem GAU pr\u00e4sentiert.\u00a0<\/b><\/p>\n<div class=\"post-content\">\n<div>\n<p><strong><\/p>\n<div class=\"events-box small-box left\">\n<div class=\"frame\">\n        <a class=\"open-img EnlargeImage\" href=\"https:\/\/www.greenpeace.ch\/static\/planet4-switzerland-stateless\/2019\/05\/13edd8c9-13edd8c9-japan_one_month_02.jpg\" title=\"1 Jahr nach dem GAU unver\u00e4ndert hohe Strahlenwerte.\"><br \/>\n            <img decoding=\"async\" id=\"ctl00_cphContentArea_epiEntryContent_ctl00_ctl02_Image1\" title=\"1 Jahr nach dem GAU unver\u00e4ndert hohe Strahlenwerte.\" class=\"Thumbnail\" src=\"https:\/\/www.greenpeace.ch\/static\/planet4-switzerland-stateless\/2019\/05\/13edd8c9-13edd8c9-japan_one_month_02.jpg\" alt=\"1 Jahr nach dem GAU unver\u00e4ndert hohe Strahlenwerte.\" style=\"border-width:0px;\"><\/p>\n<p>        <\/a>\n    <\/div>\n<div class=\"events-content hidden-paragraph\">\n        <span class=\"date\"><\/span><br \/>\n        <strong>1 Jahr nach dem GAU unver\u00e4ndert hohe Strahlenwerte.<\/strong><\/p>\n<\/p>\n<\/div>\n<\/div>\n<p>Unter dem Titel \u00ab1 Jahr Fukushima: Weiterhin grosse Anstrengungen bei Aufr\u00e4umarbeiten\u00bb\u00a0 beschreibt die Schweizer Atomaufsichtsbeh\u00f6rde ENSI\u00a0 auf ihrer Homepage, wie sich die aktuelle Lage in Japan ein Jahr nach dem GAU pr\u00e4sentiert.\u00a0 <\/strong><\/p>\n<p>Als erste\u00a0 Quelle f\u00fcr diese <a href=\"http:\/\/www.ensi.ch\/de\/2012\/02\/28\/1-jahr-fukushima-weiterhin-grosse-anstrengungen-bei-aufraeumarbeiten\/\" target=\"_blank\" rel=\"noopener noreferrer\">Berichterstattung<\/a> gibt das ENSI &#8211; man reibt sich die Augen &#8211;\u00a0 die Japan Atomic Industrial Forum (JAIF) an, die Lobby-Organisation der japanischen Atomindustrie, das Pendant also zu den Schweizer Interessenverb\u00e4nden Nuklearforum und Swissnuclear.<\/p>\n<p>Man stelle sich vor, das ENSI \u2013 das sich partout als unabh\u00e4ngig und kritisch gegen\u00fcber den AKW-Betreibern pr\u00e4sentiert \u2013 w\u00fcrde sich direkt und explizit auf Informationen der Schweizer Atomlobby beziehen.<\/p>\n<p>Was\u00a0 in der Schweiz undenkbar w\u00e4re, scheint zur Beschreibung der Zust\u00e4nde in Japan recht zu sein. Dies ist umso stossender angesichts der Tatsache, dass sich die japanischen AKW-Betreiber vor und nach der AKW-Katastrophe durch Vertuschungsman\u00f6ver, Manipulationen und L\u00fcgen hervorgetan haben.<\/p>\n<p>Die vom ENSI\u00a0 ver\u00f6ffentlichten Informationen sind nicht falsch. Doch der Lagebeschrieb ist besch\u00f6nigend, wenn Zahlen wie diese unterschlagen werden:\u00a0<\/p>\n<ul>\n<li>100&#8217;000 Einwohner der 20 km-Zone wurden evakuiert und 50&#8217;000 weitere Einwohner ausserhalb der 20 km-Zone verliessen auf Anweisung der Regierung oder freiwillig dekontaminierte Gebiete um das AKW Fukushima.<\/li>\n<\/ul>\n<ul>\n<li>Werden die Pl\u00e4ne der japanischen Regierung umgesetzt, m\u00fcssten 13&#8217;000 Quadratkilometer Land dekontaminiert werden. Das entspricht rund einem Drittel der Fl\u00e4che der Schweiz.<\/li>\n<\/ul>\n<ul>\n<li>Die Kosten der Atomkatastrophe werden auf 450 \u2013 550 Milliarden Schweizer Franken gesch\u00e4tzt. Dies entspricht fast 9 Mal dem Bundeshaushalt der Schweiz.<\/li>\n<\/ul>\n<p><a href=\"https:\/\/www.greenpeace.ch\/wp-content\/uploads\/2017\/01\/Lehren-aus-Fukushima.pdf\">F\u00fcr die n\u00e4chste Bilanz zur Situation in Japan sei dem ENSI im Interesse der eigenen Glaubw\u00fcrdigkeit eine vertrauensw\u00fcrdigere Quelle ans Herz gelegt. Eine solche ist soeben erschienen in Form der von Greenpeace in Auftrag gegebenen, unabh\u00e4ngigen Studie &#171;Lessons Learned&#187;.<\/a><\/p>\n<p>Darin wird eine erste Bilanz zum effektiven Ausmass der Katastrophe gezogen und vor allem genau hingeschaut, wie es in einem hochmodernen Land wie Japan zum gr\u00f6ssten Atomunfall seit Tschernobyl kommen konnte.<\/p>\n<p><a href=\"https:\/\/www.greenpeace.ch\/wp-content\/uploads\/2017\/01\/Lessons-Learned-from-Fukushima-final-text.pdf\">&gt;&gt;&gt; Studie &#171;Lessons learned from Fukushima&#187; (engl., PDF) &gt;&gt;&gt;<\/a><\/p>\n<\/div>\n<\/div>\n","protected":false},"excerpt":{"rendered":"<p>Zoom 1 Jahr nach dem GAU unver\u00e4ndert hohe Strahlenwerte. Unter dem Titel \u00ab1 Jahr Fukushima: Weiterhin grosse Anstrengungen bei Aufr\u00e4umarbeiten\u00bb\u00a0 beschreibt die Schweizer Atomaufsichtsbeh\u00f6rde ENSI\u00a0 auf ihrer Homepage, wie sich&hellip;<\/p>\n","protected":false},"author":23,"featured_media":14011,"comment_status":"closed","ping_status":"open","sticky":false,"template":"","format":"standard","meta":{"_acf_changed":false,"_planet4_optimize_post_is_variant":false,"_planet4_optimize_experiment_name":"","_planet4_optimize_variant_name":"","ep_exclude_from_search":false,"p4_og_title":"","p4_og_description":"","p4_og_image":"","p4_og_image_id":"","p4_seo_canonical_url":"","p4_campaign_name":"","p4_local_project":"","p4_basket_name":"","p4_department":"","footnotes":""},"categories":[1],"tags":[42],"p4-page-type":[75],"gpch-article-type":[],"class_list":["post-14009","post","type-post","status-publish","format-standard","has-post-thumbnail","hentry","category-unkategorisiert","tag-energie","p4-page-type-story"],"acf":[],"_links":{"self":[{"href":"https:\/\/www.greenpeace.ch\/de\/wp-json\/wp\/v2\/posts\/14009","targetHints":{"allow":["GET"]}}],"collection":[{"href":"https:\/\/www.greenpeace.ch\/de\/wp-json\/wp\/v2\/posts"}],"about":[{"href":"https:\/\/www.greenpeace.ch\/de\/wp-json\/wp\/v2\/types\/post"}],"author":[{"embeddable":true,"href":"https:\/\/www.greenpeace.ch\/de\/wp-json\/wp\/v2\/users\/23"}],"replies":[{"embeddable":true,"href":"https:\/\/www.greenpeace.ch\/de\/wp-json\/wp\/v2\/comments?post=14009"}],"version-history":[{"count":0,"href":"https:\/\/www.greenpeace.ch\/de\/wp-json\/wp\/v2\/posts\/14009\/revisions"}],"wp:featuredmedia":[{"embeddable":true,"href":"https:\/\/www.greenpeace.ch\/de\/wp-json\/wp\/v2\/media\/14011"}],"wp:attachment":[{"href":"https:\/\/www.greenpeace.ch\/de\/wp-json\/wp\/v2\/media?parent=14009"}],"wp:term":[{"taxonomy":"category","embeddable":true,"href":"https:\/\/www.greenpeace.ch\/de\/wp-json\/wp\/v2\/categories?post=14009"},{"taxonomy":"post_tag","embeddable":true,"href":"https:\/\/www.greenpeace.ch\/de\/wp-json\/wp\/v2\/tags?post=14009"},{"taxonomy":"p4-page-type","embeddable":true,"href":"https:\/\/www.greenpeace.ch\/de\/wp-json\/wp\/v2\/p4-page-type?post=14009"},{"taxonomy":"gpch-article-type","embeddable":true,"href":"https:\/\/www.greenpeace.ch\/de\/wp-json\/wp\/v2\/gpch-article-type?post=14009"}],"curies":[{"name":"wp","href":"https:\/\/api.w.org\/{rel}","templated":true}]}}