{"id":14024,"date":"2012-02-29T00:00:00","date_gmt":"2012-02-28T22:00:00","guid":{"rendered":"https:\/\/master.greenpeace.ch\/beitrag\/14024\/zu-fuss-durch-fukushimas-sperrzone\/"},"modified":"2022-04-04T10:15:18","modified_gmt":"2022-04-04T08:15:18","slug":"zu-fuss-durch-fukushimas-sperrzone","status":"publish","type":"post","link":"https:\/\/www.greenpeace.ch\/de\/story\/14024\/zu-fuss-durch-fukushimas-sperrzone\/","title":{"rendered":"Zu Fuss durch Fukushimas Sperrzone"},"content":{"rendered":"<div class=\"post-content\">\n<div class=\"events-box middle-box left\"><\/div>\n<p>Im Juni 2011 reiste der Schweizer Fotograf Guillaume Briquet ein erstes Mal in die 20\u00adKilometer\u00adSperrzone von Fukushima. Zu Fuss durchstreifte er das evakuierte Gebiet \u2013 gut ausger\u00fcstet zwar, aber mit der Angst als st\u00e4ndiger Begleiterin: Da war das Risiko, von den W\u00e4rmebildkameras entdeckt zu werden, mit denen die Beh\u00f6rden die Sperrzone \u00fcberwachten, und da war die unheimliche Bedrohung durch die radioaktive Verseuchtheit des Gebiets. Insgesamt 38 Stunden war Briquet unterwegs, bevor er die Gegend wieder verlassen musste, weil er sich verletzt hatte. Im Dezember 2011 schaffte er es, ein weiteres Mal in die verbotene Zone einzudringen. Von diesen beiden Expeditionen zeugen die 18 Bilder, die in der Ausstellung pr\u00e4sentiert werden.<\/p>\n<p>Guillaume Briquets Bilder k\u00f6nnten auf den ersten Blick unspektakul\u00e4r wirken. Doch je ungezwungener der Fotograf Ausschnitte aus Landschaften oder R\u00e4umen gew\u00e4hlt hat, desto st\u00e4rker dringt die beklemmende Gemeinsamkeit der Bilder durch: Das Fehlen jeglichen menschlichen Lebens. In den Blickwinkeln und in der Distanz, mit welcher Briquet seinen Sujets gegen\u00fcbertritt, widerspiegeln sich die Verlassenheit und die permanente Angst, entdeckt zu werden. Wo einst strenge Ordnung herrschte, holt sich heute \u2013 sinnbildlich f\u00fcr den Verlust von Tradition und Struktur \u2013 die Natur ihren Raum zur\u00fcck. Winzige Details und eine alle Bilder durchdringende Grundstimmung lassen das Leid der Menschen, die durch die Atomkatastrophe vertrieben wurden, erahnen.<\/p>\n<\/div>\n","protected":false},"excerpt":{"rendered":"<p>Greenpeace zeigt unver\u00f6ffentlichte Bilder aus Fukushimas Sperrzonen. Greenpeace zeigt unver\u00f6ffentlichte Bilder aus Fukushimas Sperrzonen. Verwildernde Schweine in den Strassen von Namie. \u00a9 Greenpeace \/ G. Briquet Im Juni 2011 reiste&hellip;<\/p>\n","protected":false},"author":23,"featured_media":14027,"comment_status":"closed","ping_status":"open","sticky":false,"template":"","format":"standard","meta":{"_acf_changed":false,"_planet4_optimize_post_is_variant":false,"_planet4_optimize_experiment_name":"","_planet4_optimize_variant_name":"","ep_exclude_from_search":false,"p4_og_title":"","p4_og_description":"","p4_og_image":"","p4_og_image_id":"","p4_seo_canonical_url":"","p4_campaign_name":"not set","p4_local_project":"not set","p4_basket_name":"not set","p4_department":"","footnotes":""},"categories":[1],"tags":[42],"p4-page-type":[75],"gpch-article-type":[],"class_list":["post-14024","post","type-post","status-publish","format-standard","has-post-thumbnail","hentry","category-unkategorisiert","tag-energie","p4-page-type-story"],"acf":[],"_links":{"self":[{"href":"https:\/\/www.greenpeace.ch\/de\/wp-json\/wp\/v2\/posts\/14024","targetHints":{"allow":["GET"]}}],"collection":[{"href":"https:\/\/www.greenpeace.ch\/de\/wp-json\/wp\/v2\/posts"}],"about":[{"href":"https:\/\/www.greenpeace.ch\/de\/wp-json\/wp\/v2\/types\/post"}],"author":[{"embeddable":true,"href":"https:\/\/www.greenpeace.ch\/de\/wp-json\/wp\/v2\/users\/23"}],"replies":[{"embeddable":true,"href":"https:\/\/www.greenpeace.ch\/de\/wp-json\/wp\/v2\/comments?post=14024"}],"version-history":[{"count":0,"href":"https:\/\/www.greenpeace.ch\/de\/wp-json\/wp\/v2\/posts\/14024\/revisions"}],"wp:featuredmedia":[{"embeddable":true,"href":"https:\/\/www.greenpeace.ch\/de\/wp-json\/wp\/v2\/media\/14027"}],"wp:attachment":[{"href":"https:\/\/www.greenpeace.ch\/de\/wp-json\/wp\/v2\/media?parent=14024"}],"wp:term":[{"taxonomy":"category","embeddable":true,"href":"https:\/\/www.greenpeace.ch\/de\/wp-json\/wp\/v2\/categories?post=14024"},{"taxonomy":"post_tag","embeddable":true,"href":"https:\/\/www.greenpeace.ch\/de\/wp-json\/wp\/v2\/tags?post=14024"},{"taxonomy":"p4-page-type","embeddable":true,"href":"https:\/\/www.greenpeace.ch\/de\/wp-json\/wp\/v2\/p4-page-type?post=14024"},{"taxonomy":"gpch-article-type","embeddable":true,"href":"https:\/\/www.greenpeace.ch\/de\/wp-json\/wp\/v2\/gpch-article-type?post=14024"}],"curies":[{"name":"wp","href":"https:\/\/api.w.org\/{rel}","templated":true}]}}