{"id":14065,"date":"2012-02-22T00:00:00","date_gmt":"2012-02-21T22:00:00","guid":{"rendered":"https:\/\/master.greenpeace.ch\/beitrag\/14065\/norwegische-regierung-schuetzt-seine-walfaenger\/"},"modified":"2019-05-30T12:23:24","modified_gmt":"2019-05-30T10:23:24","slug":"norwegische-regierung-schuetzt-seine-walfaenger","status":"publish","type":"post","link":"https:\/\/www.greenpeace.ch\/de\/story\/14065\/norwegische-regierung-schuetzt-seine-walfaenger\/","title":{"rendered":"Norwegische Regierung sch\u00fctzt seine Walf\u00e4nger"},"content":{"rendered":"<p><b><\/b><\/p>\n<div class=\"post-content\">\n<div>\n<div class=\"events-box middle-box left\">\n<div class=\"frame\">\n        <a class=\"open-img EnlargeImage\" href=\"https:\/\/www.greenpeace.ch\/static\/planet4-switzerland-stateless\/2019\/05\/19359e38-19359e38-gp01qtt_press.jpg\" title=\"\"><br \/>\n            <img decoding=\"async\" id=\"ctl00_cphContentArea_epiEntryContent_ctl00_ctl02_Image1\" class=\"Thumbnail\" src=\"https:\/\/www.greenpeace.ch\/static\/planet4-switzerland-stateless\/2019\/05\/19359e38-19359e38-gp01qtt_press.jpg\" alt=\"\" style=\"border-width:0px;\"><\/p>\n<p>        <\/a>\n    <\/div>\n<div class=\"events-content no-title\">\n        <span class=\"date\"><\/span><br \/>\n        <strong><\/strong><\/p>\n<p>\n            \u00a9 Greenpeace \/ Paul Hilton\n        <\/p>\n<\/p>\n<\/div>\n<\/div>\n<p>Wieder einmal siegen in Norwegen die wirtschaftlichen Interessen der  kommerziellen Walfangindustrie vor den Einsichten von Wissenschaft und  Nachhaltigkeit. Am letzten Wochenende hat die norwegische Regierung angek\u00fcndigt,  zwei bisher seperat behandelte kleine Meeresgebiete zum Nutzen der  heimischen Walfangflotte zusammenzulegen.<\/p>\n<p>Der Nordostatlantik ist zum Walfang in kleinere Gebiete mit  individuellen Quoten aufgeteilt, um die Ersch\u00f6pfung des Walbestandes zu  vermeiden. Trotzdem hat die Regierung Norwegens den Forderungen der  Walfangindustrie nachgegeben, die Meeresgebiete zu vereinen. Denn seit Jahren klagen Norwegens Walf\u00e4nger dar\u00fcber, dass die auf  sechs Jahre festgelegte Fangquote f\u00fcr Minkewale westlich von Spitzbergen  (Svalbart) bereits nach drei Jahren ersch\u00f6pft sei. Ihre Alternative  lautet, in die Barentssee auszuweichen. Besorgt \u00fcber den stetigen R\u00fcckgang der Zahl von Walfangschiffen, hat  die norwegische Regierung auch den einstimmigen Beschluss der  Wissenschaftler der Internationalen Walfangkommission ignoriert, die  Gebiete separat zu behandeln.<\/p>\n<p>\u00abDas Ignorieren von Wissenschaft und gesundem Menschenverstand ist bezeichnend f\u00fcr die Walfangindustrie\u00bb, sagt Truls Gulowsen, Meeresexperte von <span lang=\"en\">Greenpeace<\/span> Norwegen. \u00abDer Wirtschaftszweig rund um den Walfang steht vor dem Aus, denn immer  weniger Menschen essen Walfleisch und immer weniger Fangschiffe sind im  Einsatz. 2011 verliessen 19 Fangschiffe die norwegischen H\u00e4fen und die  Zahl sinkt kontinuierlich.\u00bb Den Walf\u00e4ngern jetzt den Zugang zu den Fanggebieten zu erleichtern,  \u00e4ndere an dieser Tatsache nichts. Es grenze an Irrsinn, die unrentable  Walfangindustrie indirekt zu subventionieren, w\u00e4hrend mehr und mehr  Menschen in der Fischerei aufgrund der \u00dcberfischung arbeitslos w\u00fcrden. Truls verlangt: \u00abDie norwegische Regierung muss sich jetzt auf Priorit\u00e4ten vor ihrer sonst  so wundersch\u00f6nen K\u00fcste konzentrieren und den Walfang endg\u00fcltig  verbieten.\u00bb<\/p>\n<p><span lang=\"en\">Greenpeace<\/span> fordert von allen  Walfangfangnationen, den kommerziellen Walfang nicht l\u00e4nger &#8211; direkt  oder indirekt &#8211; zu subventionieren und ihn sofort zu verbieten. Ohne  diese Subventionen k\u00f6nnte sich die Walfangindustrie nicht mehr auf den  Beinen halten. Dies gilt auch f\u00fcr Japan. <span lang=\"en\">Greenpeace<\/span> deckte im Oktober 2011 im Verbund mit weiteren <abbr title=\"Non-Governmental Organisations\" lang=\"en\">NGOs<\/abbr> auf, dass die Regierung den Walfang im S\u00fcdpolarmeer f\u00fcr die aktuelle  Saison zum Teil mit Geldern aus dem Nachtragshaushalt f\u00fcr die Erdbeben-  und Tsunamiopfer vom 11. M\u00e4rz 2011 finanziert.<\/p>\n<\/div>\n<\/div>\n","protected":false},"excerpt":{"rendered":"<p>\u00a9 Greenpeace \/ Paul Hilton Wieder einmal siegen in Norwegen die wirtschaftlichen Interessen der kommerziellen Walfangindustrie vor den Einsichten von Wissenschaft und Nachhaltigkeit. Am letzten Wochenende hat die norwegische Regierung&hellip;<\/p>\n","protected":false},"author":23,"featured_media":14067,"comment_status":"closed","ping_status":"open","sticky":false,"template":"","format":"standard","meta":{"_acf_changed":false,"_planet4_optimize_post_is_variant":false,"_planet4_optimize_experiment_name":"","_planet4_optimize_variant_name":"","ep_exclude_from_search":false,"p4_og_title":"","p4_og_description":"","p4_og_image":"","p4_og_image_id":"","p4_seo_canonical_url":"","p4_campaign_name":"","p4_local_project":"","p4_basket_name":"","p4_department":"","footnotes":""},"categories":[1],"tags":[41],"p4-page-type":[75],"gpch-article-type":[],"class_list":["post-14065","post","type-post","status-publish","format-standard","has-post-thumbnail","hentry","category-unkategorisiert","tag-meer","p4-page-type-story"],"acf":[],"_links":{"self":[{"href":"https:\/\/www.greenpeace.ch\/de\/wp-json\/wp\/v2\/posts\/14065","targetHints":{"allow":["GET"]}}],"collection":[{"href":"https:\/\/www.greenpeace.ch\/de\/wp-json\/wp\/v2\/posts"}],"about":[{"href":"https:\/\/www.greenpeace.ch\/de\/wp-json\/wp\/v2\/types\/post"}],"author":[{"embeddable":true,"href":"https:\/\/www.greenpeace.ch\/de\/wp-json\/wp\/v2\/users\/23"}],"replies":[{"embeddable":true,"href":"https:\/\/www.greenpeace.ch\/de\/wp-json\/wp\/v2\/comments?post=14065"}],"version-history":[{"count":0,"href":"https:\/\/www.greenpeace.ch\/de\/wp-json\/wp\/v2\/posts\/14065\/revisions"}],"wp:featuredmedia":[{"embeddable":true,"href":"https:\/\/www.greenpeace.ch\/de\/wp-json\/wp\/v2\/media\/14067"}],"wp:attachment":[{"href":"https:\/\/www.greenpeace.ch\/de\/wp-json\/wp\/v2\/media?parent=14065"}],"wp:term":[{"taxonomy":"category","embeddable":true,"href":"https:\/\/www.greenpeace.ch\/de\/wp-json\/wp\/v2\/categories?post=14065"},{"taxonomy":"post_tag","embeddable":true,"href":"https:\/\/www.greenpeace.ch\/de\/wp-json\/wp\/v2\/tags?post=14065"},{"taxonomy":"p4-page-type","embeddable":true,"href":"https:\/\/www.greenpeace.ch\/de\/wp-json\/wp\/v2\/p4-page-type?post=14065"},{"taxonomy":"gpch-article-type","embeddable":true,"href":"https:\/\/www.greenpeace.ch\/de\/wp-json\/wp\/v2\/gpch-article-type?post=14065"}],"curies":[{"name":"wp","href":"https:\/\/api.w.org\/{rel}","templated":true}]}}