{"id":14175,"date":"2012-02-10T00:00:00","date_gmt":"2012-02-09T22:00:00","guid":{"rendered":"https:\/\/master.greenpeace.ch\/beitrag\/14175\/initiative-muehleberg-vom-netz-heute-dem-kanton-ueberreicht\/"},"modified":"2019-05-30T12:26:15","modified_gmt":"2019-05-30T10:26:15","slug":"initiative-muehleberg-vom-netz-heute-dem-kanton-ueberreicht","status":"publish","type":"post","link":"https:\/\/www.greenpeace.ch\/de\/story\/14175\/initiative-muehleberg-vom-netz-heute-dem-kanton-ueberreicht\/","title":{"rendered":"Initiative &#171;M\u00fchleberg vom Netz&#187; heute dem Kanton \u00fcberreicht"},"content":{"rendered":"<p><b>\u00dcber 15\u2018000 B\u00fcrgerinnen und B\u00fcrger des Kantons Bern haben die Initiative \u201eM\u00fchleberg vom Netz\u201c unterschrieben. Damit fordern sie den Kanton Bern auf, sich endlich seiner Verantwortung als Hauptaktion\u00e4r der BKW zu stellen und M\u00fchleberg sofort stillzulegen.<\/b><\/p>\n<div class=\"post-content\">\n<div>\n<p><strong><a title=\"M\u00fchleberg vom Netz\" href=\"http:\/\/www.muehleberg-vom-netz.ch\/\" target=\"_blank\" rel=\"noopener noreferrer\"><img decoding=\"async\" style=\"float: left; margin: 5px; border: 1px solid black;\" src=\"https:\/\/www.greenpeace.ch\/static\/planet4-switzerland-stateless\/2019\/05\/5a67265d-5a67265d-32952_64683.jpg\" alt=\"\" width=\"250\"><\/a>\u00dcber 15\u2018000 B\u00fcrgerinnen und B\u00fcrger des Kantons Bern haben die Initiative \u201eM\u00fchleberg vom Netz\u201c unterschrieben. Damit fordern sie den Kanton Bern auf, sich endlich seiner Verantwortung als Hauptaktion\u00e4r der BKW zu stellen und M\u00fchleberg sofort stillzulegen. <\/strong><\/p>\n<p>Der Kanton kann als Mehrheitsaktion\u00e4r (52%) alleine eine neue Ausrichtung der Unternehmensstrategie beschliessen und das AKW abstellen. Hierf\u00fcr braucht es keine 2\/3-Mehrheit.<\/p>\n<p>Das rasche und m\u00fchelose Zustandekommen der Initiative zeige klar, dass die Mehrheit der Bev\u00f6lkerung die sofortige Stilllegung des AKWs M\u00fchleberg w\u00fcnsche, so Franziska Herren vom <a href=\"http:\/\/www.muehleberg-vom-netz.ch\/\" target=\"_blank\" rel=\"noopener noreferrer\">Initiativkomitee.<\/a><\/p>\n<p>S\u00e4mtliche Mitglieder des Grossen Rates erhielten bereits <a href=\"http:\/\/www.muehleberg-vom-netz.ch\/app\/download\/5571711517\/Schreiben+an+den+Grossrat+des+Kantons+Bern+-+27.1.12.pdf?t=1328723128\" target=\"_blank\" rel=\"noopener noreferrer\">ein pers\u00f6nliches Schreiben<\/a> mit der Bitte, sich im Sinne des Umweltschutzartikels der Kantonsverfassung (Art. 31, Abs.1) f\u00fcr die sofortige Abschaltung von M\u00fchleberg einzusetzen. Nebst den vorliegenden Sicherheitsdefiziten ist M\u00fchleberg zudem auch aus betreibswirtschaftlicher Sicht unrentabel.<\/p>\n<p>Wir m\u00f6chten den Initiantinnen und Initianten zu ihrer geleisteten Arbeit herzlich gratulieren!<\/p>\n<p>Wichtig ist nun, dass die Initiative nicht in den M\u00fchlen der Verwaltung versandet sondern dass die Berner Regierung die Sorgen der Bev\u00f6lkerung, welche durch die Schnellabschaltung vom letzten Donnerstag bestimmt nicht kleiner geworden sind, ernst nimmt und das AKW M\u00fchleberg abstellt.<\/p>\n<\/div>\n<\/div>\n","protected":false},"excerpt":{"rendered":"<p>\u00dcber 15\u2018000 B\u00fcrgerinnen und B\u00fcrger des Kantons Bern haben die Initiative \u201eM\u00fchleberg vom Netz\u201c unterschrieben. Damit fordern sie den Kanton Bern auf, sich endlich seiner Verantwortung als Hauptaktion\u00e4r der BKW&hellip;<\/p>\n","protected":false},"author":23,"featured_media":13169,"comment_status":"closed","ping_status":"open","sticky":false,"template":"","format":"standard","meta":{"_acf_changed":false,"_planet4_optimize_post_is_variant":false,"_planet4_optimize_experiment_name":"","_planet4_optimize_variant_name":"","ep_exclude_from_search":false,"p4_og_title":"","p4_og_description":"","p4_og_image":"","p4_og_image_id":"","p4_seo_canonical_url":"","p4_campaign_name":"","p4_local_project":"","p4_basket_name":"","p4_department":"","footnotes":""},"categories":[1],"tags":[42],"p4-page-type":[75],"gpch-article-type":[],"class_list":["post-14175","post","type-post","status-publish","format-standard","has-post-thumbnail","hentry","category-unkategorisiert","tag-energie","p4-page-type-story"],"acf":[],"_links":{"self":[{"href":"https:\/\/www.greenpeace.ch\/de\/wp-json\/wp\/v2\/posts\/14175","targetHints":{"allow":["GET"]}}],"collection":[{"href":"https:\/\/www.greenpeace.ch\/de\/wp-json\/wp\/v2\/posts"}],"about":[{"href":"https:\/\/www.greenpeace.ch\/de\/wp-json\/wp\/v2\/types\/post"}],"author":[{"embeddable":true,"href":"https:\/\/www.greenpeace.ch\/de\/wp-json\/wp\/v2\/users\/23"}],"replies":[{"embeddable":true,"href":"https:\/\/www.greenpeace.ch\/de\/wp-json\/wp\/v2\/comments?post=14175"}],"version-history":[{"count":0,"href":"https:\/\/www.greenpeace.ch\/de\/wp-json\/wp\/v2\/posts\/14175\/revisions"}],"wp:featuredmedia":[{"embeddable":true,"href":"https:\/\/www.greenpeace.ch\/de\/wp-json\/wp\/v2\/media\/13169"}],"wp:attachment":[{"href":"https:\/\/www.greenpeace.ch\/de\/wp-json\/wp\/v2\/media?parent=14175"}],"wp:term":[{"taxonomy":"category","embeddable":true,"href":"https:\/\/www.greenpeace.ch\/de\/wp-json\/wp\/v2\/categories?post=14175"},{"taxonomy":"post_tag","embeddable":true,"href":"https:\/\/www.greenpeace.ch\/de\/wp-json\/wp\/v2\/tags?post=14175"},{"taxonomy":"p4-page-type","embeddable":true,"href":"https:\/\/www.greenpeace.ch\/de\/wp-json\/wp\/v2\/p4-page-type?post=14175"},{"taxonomy":"gpch-article-type","embeddable":true,"href":"https:\/\/www.greenpeace.ch\/de\/wp-json\/wp\/v2\/gpch-article-type?post=14175"}],"curies":[{"name":"wp","href":"https:\/\/api.w.org\/{rel}","templated":true}]}}